{"id":132522,"date":"2026-05-02T22:56:21","date_gmt":"2026-05-02T22:56:21","guid":{"rendered":"https:\/\/laregionsur.com\/?p=132522"},"modified":"2026-05-02T22:56:25","modified_gmt":"2026-05-02T22:56:25","slug":"papa-leon-xiv-del-peru-para-el-mundo","status":"publish","type":"post","link":"https:\/\/laregionsur.com\/?p=132522","title":{"rendered":"PAP\u00c1 LE\u00d3N XIV: \u201c DEL PER\u00da, PARA EL MUNDO\u201d"},"content":{"rendered":"<p>PAP\u00c1 LE\u00d3N XIV: \u201c DEL PER\u00da, PARA EL MUNDO\u201d<\/p>\n<p>Por: Aurita Meneses.<\/p>\n<p>Mayo 2025.- El anuncio de la elecci\u00f3n del cardenal estadounidense Robert Francis Prevost como el nuevo Papa Le\u00f3n XIV, el 8 de mayo de 2025, ha marcado un momento hist\u00f3rico para la Iglesia Cat\u00f3lica, pero tambi\u00e9n un instante muy emotivo para el Per\u00fa.<\/p>\n<p>No se trata solo de la llegada de un nuevo pont\u00edfice. Para muchos peruanos, este acontecimiento se siente cercano. Prevost no es un nombre ajeno en tierra peruana: durante a\u00f1os sirvi\u00f3 en el pa\u00eds, acompa\u00f1\u00f3 comunidades, camin\u00f3 con la gente sencilla, escuch\u00f3 sus dolores y esperanzas, especialmente en su labor pastoral en el norte del Per\u00fa. Su v\u00ednculo con esta naci\u00f3n no es diplom\u00e1tico, sino humano, construido d\u00eda a d\u00eda, por medio de la fe vivida en parroquias, barrios y pueblos.<\/p>\n<p>Por eso, hoy muchos en el Per\u00fa no lo ven s\u00f3lo como el Papa Le\u00f3n XIV, sino como alguien que tambi\u00e9n es parte de su historia. Su elecci\u00f3n despierta un sentimiento de orgullo, de esos que no necesitan grandes palabras: el orgullo de haber sido tierra de misi\u00f3n, de haber acogido a un pastor que ahora gu\u00eda a la Iglesia universal.<\/p>\n<p>En todo el Per\u00fa, la noticia se recibe con emoci\u00f3n y gratitud. Hay quienes recuerdan sus encuentros personales, quienes lo vieron celebrar misa y escucharon de cerca su mensaje de sencillez. Y en medio de todo eso, surge una idea que une a muchos: \u201cel Papa tambi\u00e9n pas\u00f3 por aqu\u00ed\u201d.<\/p>\n<p>M\u00e1s all\u00e1 de los t\u00edtulos y la solemnidad del momento, esta elecci\u00f3n deja una huella afectiva. Para el Per\u00fa, no es solo un hecho hist\u00f3rico; es tambi\u00e9n un reconocimiento \u00edntimo, una historia compartida que hoy encuentra eco en el Vaticano.<\/p>\n<p>Y as\u00ed, entre campanas y oraciones, el pa\u00eds lo siente suyo: con orgullo, con fe y con la memoria viva de quien alguna vez camin\u00f3 entre su gente peruana. \u201cHabemus Papam\u201d.<\/p>\n<p>Mayo 2025.<\/p>\n","protected":false},"excerpt":{"rendered":"<p>PAP\u00c1 LE\u00d3N XIV: \u201c DEL PER\u00da, PARA EL MUNDO\u201d Por: Aurita Meneses. Mayo 2025.- El anuncio de la elecci\u00f3n del cardenal estadounidense Robert Francis Prevost como el nuevo Papa Le\u00f3n XIV, el 8 de mayo de 2025, ha marcado un momento hist\u00f3rico para la Iglesia Cat\u00f3lica, pero tambi\u00e9n un instante muy emotivo para el Per\u00fa. &hellip;<\/p>\n","protected":false},"author":3,"featured_media":132523,"comment_status":"open","ping_status":"open","sticky":false,"template":"","format":"standard","meta":{"footnotes":""},"categories":[245,61,246,60,38,249,56,58,251,247,248,39,40,63,44,250],"tags":[],"class_list":["post-132522","post","type-post","status-publish","format-standard","has-post-thumbnail","","category-apurimac","category-arequipa","category-cajamarca","category-deportes","category-editorial","category-grupo_mexico","category-finance","category-internacionales","category-islay","category-los_chancas","category-michiquillay","category-stock-market","category-nacionales","category-puno","category-global-trade","category-tia_maria"],"_links":{"self":[{"href":"https:\/\/laregionsur.com\/index.php?rest_route=\/wp\/v2\/posts\/132522","targetHints":{"allow":["GET"]}}],"collection":[{"href":"https:\/\/laregionsur.com\/index.php?rest_route=\/wp\/v2\/posts"}],"about":[{"href":"https:\/\/laregionsur.com\/index.php?rest_route=\/wp\/v2\/types\/post"}],"author":[{"embeddable":true,"href":"https:\/\/laregionsur.com\/index.php?rest_route=\/wp\/v2\/users\/3"}],"replies":[{"embeddable":true,"href":"https:\/\/laregionsur.com\/index.php?rest_route=%2Fwp%2Fv2%2Fcomments&post=132522"}],"version-history":[{"count":1,"href":"https:\/\/laregionsur.com\/index.php?rest_route=\/wp\/v2\/posts\/132522\/revisions"}],"predecessor-version":[{"id":132524,"href":"https:\/\/laregionsur.com\/index.php?rest_route=\/wp\/v2\/posts\/132522\/revisions\/132524"}],"wp:featuredmedia":[{"embeddable":true,"href":"https:\/\/laregionsur.com\/index.php?rest_route=\/wp\/v2\/media\/132523"}],"wp:attachment":[{"href":"https:\/\/laregionsur.com\/index.php?rest_route=%2Fwp%2Fv2%2Fmedia&parent=132522"}],"wp:term":[{"taxonomy":"category","embeddable":true,"href":"https:\/\/laregionsur.com\/index.php?rest_route=%2Fwp%2Fv2%2Fcategories&post=132522"},{"taxonomy":"post_tag","embeddable":true,"href":"https:\/\/laregionsur.com\/index.php?rest_route=%2Fwp%2Fv2%2Ftags&post=132522"}],"curies":[{"name":"wp","href":"https:\/\/api.w.org\/{rel}","templated":true}]}}