{"id":132510,"date":"2026-05-02T16:13:30","date_gmt":"2026-05-02T16:13:30","guid":{"rendered":"https:\/\/laregionsur.com\/?p=132510"},"modified":"2026-05-02T16:13:58","modified_gmt":"2026-05-02T16:13:58","slug":"%f0%9d%97%96%f0%9d%97%a2%f0%9d%97%a1-%f0%9d%97%a0%f0%9d%97%94%f0%9d%97%a6%f0%9d%97%9c%f0%9d%97%a9%f0%9d%97%94-%f0%9d%97%96%f0%9d%97%a2%f0%9d%97%a1%f0%9d%97%96%f0%9d%97%a8%f0%9d%97%a5%f0%9d%97%a5","status":"publish","type":"post","link":"https:\/\/laregionsur.com\/?p=132510","title":{"rendered":"\ud835\uddd6\ud835\udde2\ud835\udde1 \ud835\udde0\ud835\uddd4\ud835\udde6\ud835\udddc\ud835\udde9\ud835\uddd4 \ud835\uddd6\ud835\udde2\ud835\udde1\ud835\uddd6\ud835\udde8\ud835\udde5\ud835\udde5\ud835\uddd8\ud835\udde1\ud835\uddd6\ud835\udddc\ud835\uddd4 \ud835\udddf\ud835\uddd4 \ud835\udde0\ud835\udde8\ud835\udde1\ud835\udddc\ud835\uddd6\ud835\udddc\ud835\udde3\ud835\uddd4\ud835\udddf\ud835\udddc\ud835\uddd7\ud835\uddd4\ud835\uddd7 \ud835\udde3\ud835\udde5\ud835\udde2\ud835\udde9\ud835\udddc\ud835\udde1\ud835\uddd6\ud835\udddc\ud835\uddd4\ud835\udddf \ud835\uddd7\ud835\uddd8 \ud835\udddc\ud835\udddf\ud835\udde2 \ud835\udddf\ud835\uddd4\ud835\udde1\ud835\udded\ud835\udde2\u0301 \ud835\uddd8\ud835\udddf \ud835\udde3\ud835\udddf\ud835\uddd4\ud835\udde1 \ud835\uddd7\ud835\uddd8 \ud835\uddd7\ud835\uddd8\ud835\udde6\ud835\uddd4\ud835\udde5\ud835\udde5\ud835\udde2\ud835\udddf\ud835\udddf\ud835\udde2 \ud835\udddf\ud835\udde2\ud835\uddd6\ud835\uddd4\ud835\udddf \ud835\uddd6\ud835\udde2\ud835\udde1\ud835\uddd6\ud835\uddd8\ud835\udde5\ud835\udde7\ud835\uddd4\ud835\uddd7\ud835\udde2 \ud835\udddc\ud835\udddf\ud835\udde2 \ud835\uddd4\ud835\udddf \ud835\udfee\ud835\udfec\ud835\udff0\ud835\udfec"},"content":{"rendered":"<div class=\"html-div xdj266r x14z9mp xat24cr x1lziwak xexx8yu xyri2b x18d9i69 x1c1uobl\" dir=\"auto\">\n<div class=\"html-div xdj266r x14z9mp xat24cr x1lziwak xexx8yu xyri2b x18d9i69 x1c1uobl\" data-ad-rendering-role=\"story_message\">\n<div class=\"x1l90r2v x1iorvi4 x1g0dm76 xpdmqnj\" data-ad-comet-preview=\"message\" data-ad-preview=\"message\">\n<div class=\"x78zum5 xdt5ytf xz62fqu x16ldp7u\">\n<div class=\"xu06os2 x1ok221b\">\n<div class=\"html-div xdj266r x14z9mp xat24cr x1lziwak xexx8yu xyri2b x18d9i69 x1c1uobl\">\n<div class=\"xdj266r x14z9mp xat24cr x1lziwak x1vvkbs x126k92a\">\n<div dir=\"auto\">\ud835\uddd6\ud835\udde2\ud835\udde1 \ud835\udde0\ud835\uddd4\ud835\udde6\ud835\udddc\ud835\udde9\ud835\uddd4 \ud835\uddd6\ud835\udde2\ud835\udde1\ud835\uddd6\ud835\udde8\ud835\udde5\ud835\udde5\ud835\uddd8\ud835\udde1\ud835\uddd6\ud835\udddc\ud835\uddd4 \ud835\udddf\ud835\uddd4 \ud835\udde0\ud835\udde8\ud835\udde1\ud835\udddc\ud835\uddd6\ud835\udddc\ud835\udde3\ud835\uddd4\ud835\udddf\ud835\udddc\ud835\uddd7\ud835\uddd4\ud835\uddd7 \ud835\udde3\ud835\udde5\ud835\udde2\ud835\udde9\ud835\udddc\ud835\udde1\ud835\uddd6\ud835\udddc\ud835\uddd4\ud835\udddf \ud835\uddd7\ud835\uddd8 \ud835\udddc\ud835\udddf\ud835\udde2 \ud835\udddf\ud835\uddd4\ud835\udde1\ud835\udded\ud835\udde2\u0301 \ud835\uddd8\ud835\udddf \ud835\udde3\ud835\udddf\ud835\uddd4\ud835\udde1 \ud835\uddd7\ud835\uddd8 \ud835\uddd7\ud835\uddd8\ud835\udde6\ud835\uddd4\ud835\udde5\ud835\udde5\ud835\udde2\ud835\udddf\ud835\udddf\ud835\udde2 \ud835\udddf\ud835\udde2\ud835\uddd6\ud835\uddd4\ud835\udddf \ud835\uddd6\ud835\udde2\ud835\udde1\ud835\uddd6\ud835\uddd8\ud835\udde5\ud835\udde7\ud835\uddd4\ud835\uddd7\ud835\udde2 \ud835\udddc\ud835\udddf\ud835\udde2 \ud835\uddd4\ud835\udddf \ud835\udfee\ud835\udfec\ud835\udff0\ud835\udfec<\/div>\n<\/div>\n<div class=\"x14z9mp xat24cr x1lziwak x1vvkbs xtlvy1s x126k92a\">\n<div dir=\"auto\"><\/div>\n<div dir=\"auto\">* Importante instrumento de Gesti\u00f3n recoge el aporte de las autoridades, empresariado, sociedad civil y academia<\/div>\n<\/div>\n<div class=\"x14z9mp xat24cr x1lziwak x1vvkbs xtlvy1s x126k92a\">\n<div dir=\"auto\">Con la participaci\u00f3n de las principales autoridades, representantes de instituciones p\u00fablicas y privadas, sociedad civil organizada y representante del CEPLAN, la Municipalidad Provincial de Ilo liderada por el alcalde Abg. Humberto Tapia Garay, realiz\u00f3 el lanzamiento oficial del \u201cPlan de Desarrollo Local Concertado (PDLC) Ilo al 2040\u201d un instrumento que orienta e impulsa el crecimiento ordenado, inclusivo, desarrollo econ\u00f3mico y sostenible de la provincia en las pr\u00f3ximas d\u00e9cadas.<\/div>\n<\/div>\n<div class=\"x14z9mp xat24cr x1lziwak x1vvkbs xtlvy1s x126k92a\">\n<div dir=\"auto\">La ceremonia se llev\u00f3 a cabo en el Palacio Municipal y fue presidida por el alcalde provincial, Abg. Humberto Tapia Garay, quien estuvo acompa\u00f1ado en la mesa de honor por los alcaldes distritales de Pacocha y El Algarrobal, Juan Ram\u00edrez y Florentino Nina, respectivamente; el subprefecto provincial; y la directora nacional de la Direcci\u00f3n Nacional de Coordinaci\u00f3n y Planeamiento Estrat\u00e9gico del CEPLAN, Daisy Heidinger Zevallos.<\/div>\n<\/div>\n<div class=\"x14z9mp xat24cr x1lziwak x1vvkbs xtlvy1s x126k92a\">\n<div dir=\"auto\">El teniente alcalde, Carlos Mamani T\u00e9llez, dio la bienvenida a los asistentes, quienes se congregaron masivamente para ser parte de este importante hito para la provincia. A su turno, la representante del CEPLAN destac\u00f3 el trabajo articulado del equipo t\u00e9cnico y la participaci\u00f3n de los diversos actores involucrados, subrayando la importancia del seguimiento y evaluaci\u00f3n para asegurar el cumplimiento de los objetivos trazados.<\/div>\n<\/div>\n<div class=\"x14z9mp xat24cr x1lziwak x1vvkbs xtlvy1s x126k92a\">\n<div dir=\"auto\">En su discurso central, el alcalde Humberto Tapia Garay resalt\u00f3 que el PDLC Ilo al 2040 constituye una herramienta de planificaci\u00f3n concertada que recoge la visi\u00f3n de desarrollo de la provincia, estructurada en diez objetivos estrat\u00e9gicos elaborados de manera consensuada, profesional y responsable. Asimismo, enfatiz\u00f3 que este documento es el resultado del trabajo conjunto entre autoridades, sector privado, instituciones p\u00fablicas, sociedad civil y academia, quienes han planteado desaf\u00edos para consolidar a Ilo como un referente a nivel nacional.<\/div>\n<\/div>\n<div class=\"x14z9mp xat24cr x1lziwak x1vvkbs xtlvy1s x126k92a\">\n<div dir=\"auto\">Durante la ceremonia, la autoridad edil hizo entrega simb\u00f3lica de ejemplares del PDLC a los alcaldes distritales, seguido de la firma de acuerdos y compromisos de voluntades para fortalecer el cumplimiento de este instrumento de gesti\u00f3n.<\/div>\n<\/div>\n<div class=\"x14z9mp xat24cr x1lziwak x1vvkbs xtlvy1s x126k92a\">\n<div dir=\"auto\">Como parte del programa, se desarroll\u00f3 el foro \u201cDesarrollo Log\u00edstico del Puerto de Ilo como eje estrat\u00e9gico en el marco del Plan de Desarrollo Concertado Ilo al 2040\u201d, a cargo del especialista en temas portuarios, Lic. C\u00e9sar Zamalloa, con la participaci\u00f3n de destacados panelistas.<\/div>\n<\/div>\n<div class=\"x14z9mp xat24cr x1lziwak x1vvkbs xtlvy1s x126k92a\">\n<div dir=\"auto\">Asimismo, se reconoci\u00f3 a todos los actores que contribuyeron en la elaboraci\u00f3n de este documento t\u00e9cnico-pol\u00edtico, que contempla metas a mediano y largo plazo en \u00e1reas prioritarias como servicios b\u00e1sicos, desarrollo portuario, salud, educaci\u00f3n, seguridad ciudadana, desarrollo econ\u00f3mico, medio ambiente, gesti\u00f3n del riesgo de desastres, entre otros.<\/div>\n<\/div>\n<div class=\"x14z9mp xat24cr x1lziwak x1vvkbs xtlvy1s x126k92a\">\n<div dir=\"auto\">El evento concluy\u00f3 con el brindis de honor a cargo del alcalde distrital de Pacocha, Juan Ram\u00edrez, quien destac\u00f3 la importancia del trabajo articulado para posicionar a Ilo como el mejor puerto del Per\u00fa. Finalmente, la gerente<\/div>\n<div dir=\"auto\">municipal, L\u00eda Salazar, agradeci\u00f3 la participaci\u00f3n de los asistentes e inst\u00f3 a sumar esfuerzos para hacer realidad los objetivos planteados en el PDLC Ilo al 2040.<\/div>\n<\/div>\n<div dir=\"auto\"><img loading=\"lazy\" decoding=\"async\" class=\"alignnone size-medium wp-image-132512\" src=\"https:\/\/laregionsur.com\/wp-content\/uploads\/2026\/05\/P-8-300x195.jpg\" alt=\"\" width=\"300\" height=\"195\" srcset=\"https:\/\/laregionsur.com\/wp-content\/uploads\/2026\/05\/P-8-300x195.jpg 300w, https:\/\/laregionsur.com\/wp-content\/uploads\/2026\/05\/P-8-1024x666.jpg 1024w, https:\/\/laregionsur.com\/wp-content\/uploads\/2026\/05\/P-8-768x499.jpg 768w, https:\/\/laregionsur.com\/wp-content\/uploads\/2026\/05\/P-8.jpg 1280w\" sizes=\"auto, (max-width: 300px) 100vw, 300px\" \/> <img loading=\"lazy\" decoding=\"async\" class=\"alignnone size-medium wp-image-132513\" src=\"https:\/\/laregionsur.com\/wp-content\/uploads\/2026\/05\/P-7-300x226.jpg\" alt=\"\" width=\"300\" height=\"226\" srcset=\"https:\/\/laregionsur.com\/wp-content\/uploads\/2026\/05\/P-7-300x226.jpg 300w, https:\/\/laregionsur.com\/wp-content\/uploads\/2026\/05\/P-7-1024x771.jpg 1024w, https:\/\/laregionsur.com\/wp-content\/uploads\/2026\/05\/P-7-768x578.jpg 768w, https:\/\/laregionsur.com\/wp-content\/uploads\/2026\/05\/P-7-1536x1157.jpg 1536w, https:\/\/laregionsur.com\/wp-content\/uploads\/2026\/05\/P-7.jpg 2048w\" sizes=\"auto, (max-width: 300px) 100vw, 300px\" \/> <img loading=\"lazy\" decoding=\"async\" class=\"alignnone size-medium wp-image-132514\" src=\"https:\/\/laregionsur.com\/wp-content\/uploads\/2026\/05\/P-6-1-300x211.jpg\" alt=\"\" width=\"300\" height=\"211\" srcset=\"https:\/\/laregionsur.com\/wp-content\/uploads\/2026\/05\/P-6-1-300x211.jpg 300w, https:\/\/laregionsur.com\/wp-content\/uploads\/2026\/05\/P-6-1-1024x722.jpg 1024w, https:\/\/laregionsur.com\/wp-content\/uploads\/2026\/05\/P-6-1-768x541.jpg 768w, https:\/\/laregionsur.com\/wp-content\/uploads\/2026\/05\/P-6-1.jpg 1280w\" sizes=\"auto, (max-width: 300px) 100vw, 300px\" \/> <img loading=\"lazy\" decoding=\"async\" class=\"alignnone size-medium wp-image-132515\" src=\"https:\/\/laregionsur.com\/wp-content\/uploads\/2026\/05\/P-5-300x202.jpg\" alt=\"\" width=\"300\" height=\"202\" srcset=\"https:\/\/laregionsur.com\/wp-content\/uploads\/2026\/05\/P-5-300x202.jpg 300w, https:\/\/laregionsur.com\/wp-content\/uploads\/2026\/05\/P-5-1024x690.jpg 1024w, https:\/\/laregionsur.com\/wp-content\/uploads\/2026\/05\/P-5-768x517.jpg 768w, https:\/\/laregionsur.com\/wp-content\/uploads\/2026\/05\/P-5-110x75.jpg 110w, https:\/\/laregionsur.com\/wp-content\/uploads\/2026\/05\/P-5.jpg 1280w\" sizes=\"auto, (max-width: 300px) 100vw, 300px\" \/> <img loading=\"lazy\" decoding=\"async\" class=\"alignnone size-medium wp-image-132516\" src=\"https:\/\/laregionsur.com\/wp-content\/uploads\/2026\/05\/P-4-300x132.jpg\" alt=\"\" width=\"300\" height=\"132\" srcset=\"https:\/\/laregionsur.com\/wp-content\/uploads\/2026\/05\/P-4-300x132.jpg 300w, https:\/\/laregionsur.com\/wp-content\/uploads\/2026\/05\/P-4-1024x450.jpg 1024w, https:\/\/laregionsur.com\/wp-content\/uploads\/2026\/05\/P-4-768x337.jpg 768w, https:\/\/laregionsur.com\/wp-content\/uploads\/2026\/05\/P-4.jpg 1280w\" sizes=\"auto, (max-width: 300px) 100vw, 300px\" \/> <img loading=\"lazy\" decoding=\"async\" class=\"alignnone size-medium wp-image-132517\" src=\"https:\/\/laregionsur.com\/wp-content\/uploads\/2026\/05\/P-3-300x200.jpg\" alt=\"\" width=\"300\" height=\"200\" srcset=\"https:\/\/laregionsur.com\/wp-content\/uploads\/2026\/05\/P-3-300x200.jpg 300w, https:\/\/laregionsur.com\/wp-content\/uploads\/2026\/05\/P-3-1024x683.jpg 1024w, https:\/\/laregionsur.com\/wp-content\/uploads\/2026\/05\/P-3-768x512.jpg 768w, https:\/\/laregionsur.com\/wp-content\/uploads\/2026\/05\/P-3.jpg 1280w\" sizes=\"auto, (max-width: 300px) 100vw, 300px\" \/> <img loading=\"lazy\" decoding=\"async\" class=\"alignnone size-medium wp-image-132518\" src=\"https:\/\/laregionsur.com\/wp-content\/uploads\/2026\/05\/P-2-300x200.jpg\" alt=\"\" width=\"300\" height=\"200\" srcset=\"https:\/\/laregionsur.com\/wp-content\/uploads\/2026\/05\/P-2-300x200.jpg 300w, https:\/\/laregionsur.com\/wp-content\/uploads\/2026\/05\/P-2-1024x683.jpg 1024w, https:\/\/laregionsur.com\/wp-content\/uploads\/2026\/05\/P-2-768x512.jpg 768w, https:\/\/laregionsur.com\/wp-content\/uploads\/2026\/05\/P-2.jpg 1280w\" sizes=\"auto, (max-width: 300px) 100vw, 300px\" \/> <img loading=\"lazy\" decoding=\"async\" class=\"alignnone size-medium wp-image-132519\" src=\"https:\/\/laregionsur.com\/wp-content\/uploads\/2026\/05\/P-1-300x200.jpg\" alt=\"\" width=\"300\" height=\"200\" srcset=\"https:\/\/laregionsur.com\/wp-content\/uploads\/2026\/05\/P-1-300x200.jpg 300w, https:\/\/laregionsur.com\/wp-content\/uploads\/2026\/05\/P-1-1024x683.jpg 1024w, https:\/\/laregionsur.com\/wp-content\/uploads\/2026\/05\/P-1-768x512.jpg 768w, https:\/\/laregionsur.com\/wp-content\/uploads\/2026\/05\/P-1.jpg 1280w\" sizes=\"auto, (max-width: 300px) 100vw, 300px\" \/><\/div>\n<\/div>\n<\/div>\n<\/div>\n<\/div>\n<\/div>\n<\/div>\n","protected":false},"excerpt":{"rendered":"<p>\ud835\uddd6\ud835\udde2\ud835\udde1 \ud835\udde0\ud835\uddd4\ud835\udde6\ud835\udddc\ud835\udde9\ud835\uddd4 \ud835\uddd6\ud835\udde2\ud835\udde1\ud835\uddd6\ud835\udde8\ud835\udde5\ud835\udde5\ud835\uddd8\ud835\udde1\ud835\uddd6\ud835\udddc\ud835\uddd4 \ud835\udddf\ud835\uddd4 \ud835\udde0\ud835\udde8\ud835\udde1\ud835\udddc\ud835\uddd6\ud835\udddc\ud835\udde3\ud835\uddd4\ud835\udddf\ud835\udddc\ud835\uddd7\ud835\uddd4\ud835\uddd7 \ud835\udde3\ud835\udde5\ud835\udde2\ud835\udde9\ud835\udddc\ud835\udde1\ud835\uddd6\ud835\udddc\ud835\uddd4\ud835\udddf \ud835\uddd7\ud835\uddd8 \ud835\udddc\ud835\udddf\ud835\udde2 \ud835\udddf\ud835\uddd4\ud835\udde1\ud835\udded\ud835\udde2\u0301 \ud835\uddd8\ud835\udddf \ud835\udde3\ud835\udddf\ud835\uddd4\ud835\udde1 \ud835\uddd7\ud835\uddd8 \ud835\uddd7\ud835\uddd8\ud835\udde6\ud835\uddd4\ud835\udde5\ud835\udde5\ud835\udde2\ud835\udddf\ud835\udddf\ud835\udde2 \ud835\udddf\ud835\udde2\ud835\uddd6\ud835\uddd4\ud835\udddf \ud835\uddd6\ud835\udde2\ud835\udde1\ud835\uddd6\ud835\uddd8\ud835\udde5\ud835\udde7\ud835\uddd4\ud835\uddd7\ud835\udde2 \ud835\udddc\ud835\udddf\ud835\udde2 \ud835\uddd4\ud835\udddf \ud835\udfee\ud835\udfec\ud835\udff0\ud835\udfec * Importante instrumento de Gesti\u00f3n recoge el aporte de las autoridades, empresariado, sociedad civil y academia Con la participaci\u00f3n de las principales autoridades, representantes de instituciones p\u00fablicas y privadas, sociedad civil organizada y representante del CEPLAN, la &hellip;<\/p>\n","protected":false},"author":3,"featured_media":132511,"comment_status":"open","ping_status":"open","sticky":false,"template":"","format":"standard","meta":{"footnotes":""},"categories":[61,246,60,38,249,56,58,251,247,248,39,40,63,44],"tags":[],"class_list":["post-132510","post","type-post","status-publish","format-standard","has-post-thumbnail","","category-arequipa","category-cajamarca","category-deportes","category-editorial","category-grupo_mexico","category-finance","category-internacionales","category-islay","category-los_chancas","category-michiquillay","category-stock-market","category-nacionales","category-puno","category-global-trade"],"_links":{"self":[{"href":"https:\/\/laregionsur.com\/index.php?rest_route=\/wp\/v2\/posts\/132510","targetHints":{"allow":["GET"]}}],"collection":[{"href":"https:\/\/laregionsur.com\/index.php?rest_route=\/wp\/v2\/posts"}],"about":[{"href":"https:\/\/laregionsur.com\/index.php?rest_route=\/wp\/v2\/types\/post"}],"author":[{"embeddable":true,"href":"https:\/\/laregionsur.com\/index.php?rest_route=\/wp\/v2\/users\/3"}],"replies":[{"embeddable":true,"href":"https:\/\/laregionsur.com\/index.php?rest_route=%2Fwp%2Fv2%2Fcomments&post=132510"}],"version-history":[{"count":1,"href":"https:\/\/laregionsur.com\/index.php?rest_route=\/wp\/v2\/posts\/132510\/revisions"}],"predecessor-version":[{"id":132520,"href":"https:\/\/laregionsur.com\/index.php?rest_route=\/wp\/v2\/posts\/132510\/revisions\/132520"}],"wp:featuredmedia":[{"embeddable":true,"href":"https:\/\/laregionsur.com\/index.php?rest_route=\/wp\/v2\/media\/132511"}],"wp:attachment":[{"href":"https:\/\/laregionsur.com\/index.php?rest_route=%2Fwp%2Fv2%2Fmedia&parent=132510"}],"wp:term":[{"taxonomy":"category","embeddable":true,"href":"https:\/\/laregionsur.com\/index.php?rest_route=%2Fwp%2Fv2%2Fcategories&post=132510"},{"taxonomy":"post_tag","embeddable":true,"href":"https:\/\/laregionsur.com\/index.php?rest_route=%2Fwp%2Fv2%2Ftags&post=132510"}],"curies":[{"name":"wp","href":"https:\/\/api.w.org\/{rel}","templated":true}]}}