{"id":132500,"date":"2026-05-02T00:26:26","date_gmt":"2026-05-02T00:26:26","guid":{"rendered":"https:\/\/laregionsur.com\/?p=132500"},"modified":"2026-05-02T00:26:34","modified_gmt":"2026-05-02T00:26:34","slug":"%f0%9d%97%a0%f0%9d%97%94%f0%9d%97%a5%f0%9d%97%9c%f0%9d%97%94-%f0%9d%97%a3%f0%9d%97%94%f0%9d%97%ad-%f0%9d%97%9f%f0%9d%97%9c%f0%9d%97%a1%f0%9d%97%94%f0%9d%97%a5%f0%9d%97%98%f0%9d%97%a6-%f0%9d%97%a7","status":"publish","type":"post","link":"https:\/\/laregionsur.com\/?p=132500","title":{"rendered":"\ud835\udde0\ud835\uddd4\ud835\udde5\ud835\udddc\ud835\uddd4 \ud835\udde3\ud835\uddd4\ud835\udded \ud835\udddf\ud835\udddc\ud835\udde1\ud835\uddd4\ud835\udde5\ud835\uddd8\ud835\udde6 \ud835\udde7\ud835\udde2\ud835\udde5\ud835\udde5\ud835\uddd8\ud835\udde6 \ud835\uddd9\ud835\udde8\ud835\uddd8 \ud835\uddd6\ud835\udde2\ud835\udde5\ud835\udde2\ud835\udde1\ud835\uddd4\ud835\uddd7\ud835\uddd4 \ud835\uddd6\ud835\udde2\ud835\udde0\ud835\udde2 \u201c\ud835\udde6\ud835\uddd8\ud835\udde1\u0303\ud835\udde2\ud835\udde5\ud835\udddc\ud835\udde7\ud835\uddd4 \ud835\udddc\ud835\udddf\ud835\udde2 \ud835\udfee\ud835\udfec\ud835\udfee\ud835\udff2\u201d"},"content":{"rendered":"<div class=\"xdj266r x14z9mp xat24cr x1lziwak x1vvkbs x126k92a\">\n<div dir=\"auto\">\ud835\udde0\ud835\uddd4\ud835\udde5\ud835\udddc\ud835\uddd4 \ud835\udde3\ud835\uddd4\ud835\udded \ud835\udddf\ud835\udddc\ud835\udde1\ud835\uddd4\ud835\udde5\ud835\uddd8\ud835\udde6 \ud835\udde7\ud835\udde2\ud835\udde5\ud835\udde5\ud835\uddd8\ud835\udde6 \ud835\uddd9\ud835\udde8\ud835\uddd8 \ud835\uddd6\ud835\udde2\ud835\udde5\ud835\udde2\ud835\udde1\ud835\uddd4\ud835\uddd7\ud835\uddd4 \ud835\uddd6\ud835\udde2\ud835\udde0\ud835\udde2 \u201c\ud835\udde6\ud835\uddd8\ud835\udde1\u0303\ud835\udde2\ud835\udde5\ud835\udddc\ud835\udde7\ud835\uddd4 \ud835\udddc\ud835\udddf\ud835\udde2 \ud835\udfee\ud835\udfec\ud835\udfee\ud835\udff2\u201d<\/div>\n<\/div>\n<div class=\"x14z9mp xat24cr x1lziwak x1vvkbs xtlvy1s x126k92a\">\n<div dir=\"auto\"><span class=\"html-span xexx8yu xyri2b x18d9i69 x1c1uobl x1hl2dhg x16tdsg8 x1vvkbs x3nfvp2 x1j61x8r x1fcty0u xdj266r xat24cr xm2jcoa x1mpyi22 xxymvpz xlup9mm x1kky2od\"><img loading=\"lazy\" decoding=\"async\" class=\"xz74otr x15mokao x1ga7v0g x16uus16 xbiv7yw\" src=\"https:\/\/static.xx.fbcdn.net\/images\/emoji.php\/v9\/t4c\/1\/16\/25aa.png\" alt=\"\u25aa\ufe0f\" width=\"16\" height=\"16\" \/><\/span>La nueva representante de la belleza ile\u00f1a fue coronada por el alcalde Abg. Humberto Tapia Garay en una noche de gala cargada de emociones.<\/div>\n<\/div>\n<div class=\"x14z9mp xat24cr x1lziwak x1vvkbs xtlvy1s x126k92a\">\n<div dir=\"auto\">En una noche de gala que combin\u00f3 la belleza, carisma, elegancia, cultura, tradici\u00f3n y compromiso social, Mar\u00eda Paz Linares Torres fue coronada como \u201cSe\u00f1orita Ilo 2026\u201d, en un ambiente cargado de emociones desarrollado en el Malec\u00f3n Costero, como parte de las celebraciones por el 56\u00b0 aniversario de creaci\u00f3n pol\u00edtica de la provincia de Ilo.<\/div>\n<\/div>\n<div class=\"x14z9mp xat24cr x1lziwak x1vvkbs xtlvy1s x126k92a\">\n<div dir=\"auto\">El evento fue organizado por la Municipalidad Provincial de Ilo, en coordinaci\u00f3n con la Liga Contra el C\u00e1ncer Ilo, congregando a importantes autoridades locales, entre ellas el alcalde provincial, Abg. Humberto Tapia Garay, regidores, la presidenta de la comisi\u00f3n de festejos Yanet G\u00f3ngora, la CPC Lia Salazar Suclle, funcionarios, reinas invitadas y numerosas familias ile\u00f1as que se dieron cita para disfrutar de una velada inolvidable.<\/div>\n<\/div>\n<div class=\"x14z9mp xat24cr x1lziwak x1vvkbs xtlvy1s x126k92a\">\n<div dir=\"auto\">La gala inici\u00f3 con la presentaci\u00f3n individual de las 12 candidatas, quienes deslumbraron al p\u00fablico con su elegancia, desenvolvimiento y carisma. El jurado calificador, conformado por especialistas, tuvo la dif\u00edcil tarea de evaluar cada etapa del certamen: desfile de apertura, traje de gala, traje de fantas\u00eda, traje de noche y ronda de preguntas.<\/div>\n<\/div>\n<div class=\"x14z9mp xat24cr x1lziwak x1vvkbs xtlvy1s x126k92a\">\n<div dir=\"auto\">En cada una de estas fases se valor\u00f3 no solo la belleza f\u00edsica, sino tambi\u00e9n el talento, la seguridad, el compromiso social y la capacidad de expresi\u00f3n de las participantes.<\/div>\n<\/div>\n<div class=\"x14z9mp xat24cr x1lziwak x1vvkbs xtlvy1s x126k92a\">\n<div dir=\"auto\">Tras una re\u00f1ida deliberaci\u00f3n, el jurado emiti\u00f3 su veredicto final, coronando a Mar\u00eda Paz Linares Torres como \u201cSe\u00f1orita Ilo 2026\u201d. Asimismo, se otorgaron los t\u00edtulos de \u201cSe\u00f1orita Turismo 2026\u201d a Dayana Miovich Guti\u00e9rrez y \u201cSe\u00f1orita Glorieta 2026\u201d a Daniela Torres Zegarra.<\/div>\n<\/div>\n<div class=\"x14z9mp xat24cr x1lziwak x1vvkbs xtlvy1s x126k92a\">\n<div dir=\"auto\">El alcalde provincial, Abg. Humberto Tapia Garay, fue el encargado de imponer la corona a la nueva soberana ile\u00f1a, mientras que la banda fue colocada por la Lic. Milet Villanueva, presidenta de la Liga Contra el C\u00e1ncer de Ilo.<\/div>\n<\/div>\n<div class=\"x14z9mp xat24cr x1lziwak x1vvkbs xtlvy1s x126k92a\">\n<div dir=\"auto\">La Municipalidad Provincial de Ilo, en articulaci\u00f3n con la Liga Contra el C\u00e1ncer, realizan este tradicional certamen no solo con el prop\u00f3sito de resaltar la belleza y elegancia de la mujer ile\u00f1a, sino tambi\u00e9n promover la identidad cultural, el turismo, la historia y el desarrollo de la provincia, as\u00ed como poner en valor el rol fundamental de las mujeres en la construcci\u00f3n de una sociedad m\u00e1s inclusiva, solidaria y comprometida.<\/div>\n<div dir=\"auto\"><img loading=\"lazy\" decoding=\"async\" class=\"alignnone size-medium wp-image-132502\" src=\"https:\/\/laregionsur.com\/wp-content\/uploads\/2026\/05\/8--300x200.jpg\" alt=\"\" width=\"300\" height=\"200\" srcset=\"https:\/\/laregionsur.com\/wp-content\/uploads\/2026\/05\/8--300x200.jpg 300w, https:\/\/laregionsur.com\/wp-content\/uploads\/2026\/05\/8--1024x682.jpg 1024w, https:\/\/laregionsur.com\/wp-content\/uploads\/2026\/05\/8--768x512.jpg 768w, https:\/\/laregionsur.com\/wp-content\/uploads\/2026\/05\/8--1536x1023.jpg 1536w, https:\/\/laregionsur.com\/wp-content\/uploads\/2026\/05\/8-.jpg 1600w\" sizes=\"auto, (max-width: 300px) 100vw, 300px\" \/> <img loading=\"lazy\" decoding=\"async\" class=\"alignnone size-medium wp-image-132503\" src=\"https:\/\/laregionsur.com\/wp-content\/uploads\/2026\/05\/7-1-1-300x200.jpg\" alt=\"\" width=\"300\" height=\"200\" srcset=\"https:\/\/laregionsur.com\/wp-content\/uploads\/2026\/05\/7-1-1-300x200.jpg 300w, https:\/\/laregionsur.com\/wp-content\/uploads\/2026\/05\/7-1-1-1024x682.jpg 1024w, https:\/\/laregionsur.com\/wp-content\/uploads\/2026\/05\/7-1-1-768x512.jpg 768w, https:\/\/laregionsur.com\/wp-content\/uploads\/2026\/05\/7-1-1-1536x1023.jpg 1536w, https:\/\/laregionsur.com\/wp-content\/uploads\/2026\/05\/7-1-1.jpg 1600w\" sizes=\"auto, (max-width: 300px) 100vw, 300px\" \/> <img loading=\"lazy\" decoding=\"async\" class=\"alignnone size-medium wp-image-132504\" src=\"https:\/\/laregionsur.com\/wp-content\/uploads\/2026\/05\/5--200x300.jpg\" alt=\"\" width=\"200\" height=\"300\" srcset=\"https:\/\/laregionsur.com\/wp-content\/uploads\/2026\/05\/5--200x300.jpg 200w, https:\/\/laregionsur.com\/wp-content\/uploads\/2026\/05\/5--682x1024.jpg 682w, https:\/\/laregionsur.com\/wp-content\/uploads\/2026\/05\/5--768x1153.jpg 768w, https:\/\/laregionsur.com\/wp-content\/uploads\/2026\/05\/5--1023x1536.jpg 1023w, https:\/\/laregionsur.com\/wp-content\/uploads\/2026\/05\/5-.jpg 1066w\" sizes=\"auto, (max-width: 200px) 100vw, 200px\" \/> <img loading=\"lazy\" decoding=\"async\" class=\"alignnone size-medium wp-image-132505\" src=\"https:\/\/laregionsur.com\/wp-content\/uploads\/2026\/05\/4--200x300.jpg\" alt=\"\" width=\"200\" height=\"300\" srcset=\"https:\/\/laregionsur.com\/wp-content\/uploads\/2026\/05\/4--200x300.jpg 200w, https:\/\/laregionsur.com\/wp-content\/uploads\/2026\/05\/4--682x1024.jpg 682w, https:\/\/laregionsur.com\/wp-content\/uploads\/2026\/05\/4--768x1153.jpg 768w, https:\/\/laregionsur.com\/wp-content\/uploads\/2026\/05\/4--1023x1536.jpg 1023w, https:\/\/laregionsur.com\/wp-content\/uploads\/2026\/05\/4-.jpg 1066w\" sizes=\"auto, (max-width: 200px) 100vw, 200px\" \/> <img loading=\"lazy\" decoding=\"async\" class=\"alignnone size-medium wp-image-132506\" src=\"https:\/\/laregionsur.com\/wp-content\/uploads\/2026\/05\/3--300x200.jpg\" alt=\"\" width=\"300\" height=\"200\" srcset=\"https:\/\/laregionsur.com\/wp-content\/uploads\/2026\/05\/3--300x200.jpg 300w, https:\/\/laregionsur.com\/wp-content\/uploads\/2026\/05\/3--1024x682.jpg 1024w, https:\/\/laregionsur.com\/wp-content\/uploads\/2026\/05\/3--768x512.jpg 768w, https:\/\/laregionsur.com\/wp-content\/uploads\/2026\/05\/3--1536x1023.jpg 1536w, https:\/\/laregionsur.com\/wp-content\/uploads\/2026\/05\/3-.jpg 1600w\" sizes=\"auto, (max-width: 300px) 100vw, 300px\" \/> <img loading=\"lazy\" decoding=\"async\" class=\"alignnone size-medium wp-image-132507\" src=\"https:\/\/laregionsur.com\/wp-content\/uploads\/2026\/05\/2--300x200.jpg\" alt=\"\" width=\"300\" height=\"200\" srcset=\"https:\/\/laregionsur.com\/wp-content\/uploads\/2026\/05\/2--300x200.jpg 300w, https:\/\/laregionsur.com\/wp-content\/uploads\/2026\/05\/2--1024x682.jpg 1024w, https:\/\/laregionsur.com\/wp-content\/uploads\/2026\/05\/2--768x512.jpg 768w, https:\/\/laregionsur.com\/wp-content\/uploads\/2026\/05\/2--1536x1023.jpg 1536w, https:\/\/laregionsur.com\/wp-content\/uploads\/2026\/05\/2-.jpg 1600w\" sizes=\"auto, (max-width: 300px) 100vw, 300px\" \/> <img loading=\"lazy\" decoding=\"async\" class=\"alignnone size-medium wp-image-132508\" src=\"https:\/\/laregionsur.com\/wp-content\/uploads\/2026\/05\/1--300x200.jpg\" alt=\"\" width=\"300\" height=\"200\" srcset=\"https:\/\/laregionsur.com\/wp-content\/uploads\/2026\/05\/1--300x200.jpg 300w, https:\/\/laregionsur.com\/wp-content\/uploads\/2026\/05\/1--1024x682.jpg 1024w, https:\/\/laregionsur.com\/wp-content\/uploads\/2026\/05\/1--768x512.jpg 768w, https:\/\/laregionsur.com\/wp-content\/uploads\/2026\/05\/1--1536x1023.jpg 1536w, https:\/\/laregionsur.com\/wp-content\/uploads\/2026\/05\/1-.jpg 1600w\" sizes=\"auto, (max-width: 300px) 100vw, 300px\" \/><\/div>\n<\/div>\n","protected":false},"excerpt":{"rendered":"<p>\ud835\udde0\ud835\uddd4\ud835\udde5\ud835\udddc\ud835\uddd4 \ud835\udde3\ud835\uddd4\ud835\udded \ud835\udddf\ud835\udddc\ud835\udde1\ud835\uddd4\ud835\udde5\ud835\uddd8\ud835\udde6 \ud835\udde7\ud835\udde2\ud835\udde5\ud835\udde5\ud835\uddd8\ud835\udde6 \ud835\uddd9\ud835\udde8\ud835\uddd8 \ud835\uddd6\ud835\udde2\ud835\udde5\ud835\udde2\ud835\udde1\ud835\uddd4\ud835\uddd7\ud835\uddd4 \ud835\uddd6\ud835\udde2\ud835\udde0\ud835\udde2 \u201c\ud835\udde6\ud835\uddd8\ud835\udde1\u0303\ud835\udde2\ud835\udde5\ud835\udddc\ud835\udde7\ud835\uddd4 \ud835\udddc\ud835\udddf\ud835\udde2 \ud835\udfee\ud835\udfec\ud835\udfee\ud835\udff2\u201d La nueva representante de la belleza ile\u00f1a fue coronada por el alcalde Abg. Humberto Tapia Garay en una noche de gala cargada de emociones. En una noche de gala que combin\u00f3 la belleza, carisma, elegancia, cultura, tradici\u00f3n y compromiso social, Mar\u00eda Paz Linares Torres fue &hellip;<\/p>\n","protected":false},"author":3,"featured_media":132501,"comment_status":"open","ping_status":"open","sticky":false,"template":"","format":"standard","meta":{"footnotes":""},"categories":[245,61,246,60,38,249,56,40,63,44,250],"tags":[],"class_list":["post-132500","post","type-post","status-publish","format-standard","has-post-thumbnail","","category-apurimac","category-arequipa","category-cajamarca","category-deportes","category-editorial","category-grupo_mexico","category-finance","category-nacionales","category-puno","category-global-trade","category-tia_maria"],"_links":{"self":[{"href":"https:\/\/laregionsur.com\/index.php?rest_route=\/wp\/v2\/posts\/132500","targetHints":{"allow":["GET"]}}],"collection":[{"href":"https:\/\/laregionsur.com\/index.php?rest_route=\/wp\/v2\/posts"}],"about":[{"href":"https:\/\/laregionsur.com\/index.php?rest_route=\/wp\/v2\/types\/post"}],"author":[{"embeddable":true,"href":"https:\/\/laregionsur.com\/index.php?rest_route=\/wp\/v2\/users\/3"}],"replies":[{"embeddable":true,"href":"https:\/\/laregionsur.com\/index.php?rest_route=%2Fwp%2Fv2%2Fcomments&post=132500"}],"version-history":[{"count":1,"href":"https:\/\/laregionsur.com\/index.php?rest_route=\/wp\/v2\/posts\/132500\/revisions"}],"predecessor-version":[{"id":132509,"href":"https:\/\/laregionsur.com\/index.php?rest_route=\/wp\/v2\/posts\/132500\/revisions\/132509"}],"wp:featuredmedia":[{"embeddable":true,"href":"https:\/\/laregionsur.com\/index.php?rest_route=\/wp\/v2\/media\/132501"}],"wp:attachment":[{"href":"https:\/\/laregionsur.com\/index.php?rest_route=%2Fwp%2Fv2%2Fmedia&parent=132500"}],"wp:term":[{"taxonomy":"category","embeddable":true,"href":"https:\/\/laregionsur.com\/index.php?rest_route=%2Fwp%2Fv2%2Fcategories&post=132500"},{"taxonomy":"post_tag","embeddable":true,"href":"https:\/\/laregionsur.com\/index.php?rest_route=%2Fwp%2Fv2%2Ftags&post=132500"}],"curies":[{"name":"wp","href":"https:\/\/api.w.org\/{rel}","templated":true}]}}