{"id":132489,"date":"2026-04-30T20:11:48","date_gmt":"2026-04-30T20:11:48","guid":{"rendered":"https:\/\/laregionsur.com\/?p=132489"},"modified":"2026-04-30T20:11:48","modified_gmt":"2026-04-30T20:11:48","slug":"southernperu-consolido-su-presencia-en-iii-conferencia-del-cobre-y-la-feria-minera-expocobre-2026","status":"publish","type":"post","link":"https:\/\/laregionsur.com\/?p=132489","title":{"rendered":"SOUTHERNPER\u00da CONSOLID\u00d3 SU PRESENCIA EN III CONFERENCIA DEL COBRE Y LA FERIA MINERA EXPOCOBRE 2026"},"content":{"rendered":"<div class=\"xdj266r x14z9mp xat24cr x1lziwak x1vvkbs x126k92a\">\n<div dir=\"auto\">SOUTHERNPER\u00da CONSOLID\u00d3 SU PRESENCIA EN III CONFERENCIA DEL COBRE Y LA FERIA MINERA EXPOCOBRE 2026<\/div>\n<div dir=\"auto\"><\/div>\n<\/div>\n<div class=\"x14z9mp xat24cr x1lziwak x1vvkbs xtlvy1s x126k92a\">\n<div dir=\"auto\">* Southern Per\u00fa contin\u00faa consolidando su presencia en la III Conferencia del Cobre y Feria Minera Internacional EXPOCOBRE 2026, uno de los encuentros m\u00e1s importantes de la industria minera en la regi\u00f3n. <span class=\"html-span xexx8yu xyri2b x18d9i69 x1c1uobl x1hl2dhg x16tdsg8 x1vvkbs x3nfvp2 x1j61x8r x1fcty0u xdj266r xat24cr xm2jcoa x1mpyi22 xxymvpz xlup9mm x1kky2od\"><img loading=\"lazy\" decoding=\"async\" class=\"xz74otr x15mokao x1ga7v0g x16uus16 xbiv7yw\" src=\"https:\/\/static.xx.fbcdn.net\/images\/emoji.php\/v9\/tc0\/1\/16\/1f30e.png\" alt=\"\ud83c\udf0e\" width=\"16\" height=\"16\" \/><\/span><\/div>\n<\/div>\n<div class=\"x14z9mp xat24cr x1lziwak x1vvkbs xtlvy1s x126k92a\">\n<div dir=\"auto\"><\/div>\n<div dir=\"auto\"><\/div>\n<div dir=\"auto\">28-04-26.- Durante la segunda jornada, el Ing. Manuel Mungu\u00eda, director de Operaciones Ilo, particip\u00f3 en el panel \u201cNuevos est\u00e1ndares internacionales para la producci\u00f3n del cobre\u201d, donde comparti\u00f3 los principales desaf\u00edos y avances vinculados a la eficiencia y competitividad del sector.<\/div>\n<\/div>\n<div class=\"x14z9mp xat24cr x1lziwak x1vvkbs xtlvy1s x126k92a\">\n<div dir=\"auto\">Asimismo, el Ing. Dar\u00edo Oviedo, director de Servicios Ambientales, form\u00f3 parte del panel \u201cSostenibilidad h\u00eddrica de los proyectos de cobre\u201d, resaltando los avances tecnol\u00f3gicos implementados por la compa\u00f1\u00eda para optimizar el uso del recurso h\u00eddrico y fortalecer la gesti\u00f3n ambiental en sus operaciones. <span class=\"html-span xexx8yu xyri2b x18d9i69 x1c1uobl x1hl2dhg x16tdsg8 x1vvkbs x3nfvp2 x1j61x8r x1fcty0u xdj266r xat24cr xm2jcoa x1mpyi22 xxymvpz xlup9mm x1kky2od\"><img loading=\"lazy\" decoding=\"async\" class=\"xz74otr x15mokao x1ga7v0g x16uus16 xbiv7yw\" src=\"https:\/\/static.xx.fbcdn.net\/images\/emoji.php\/v9\/t42\/1\/16\/1f4a7.png\" alt=\"\ud83d\udca7\" width=\"16\" height=\"16\" \/><\/span><span class=\"html-span xexx8yu xyri2b x18d9i69 x1c1uobl x1hl2dhg x16tdsg8 x1vvkbs x3nfvp2 x1j61x8r x1fcty0u xdj266r xat24cr xm2jcoa x1mpyi22 xxymvpz xlup9mm x1kky2od\"><img loading=\"lazy\" decoding=\"async\" class=\"xz74otr x15mokao x1ga7v0g x16uus16 xbiv7yw\" src=\"https:\/\/static.xx.fbcdn.net\/images\/emoji.php\/v9\/t69\/1\/16\/1f331.png\" alt=\"\ud83c\udf31\" width=\"16\" height=\"16\" \/><\/span><\/div>\n<\/div>\n<div class=\"x14z9mp xat24cr x1lziwak x1vvkbs xtlvy1s x126k92a\">\n<div dir=\"auto\">Nuestra participaci\u00f3n reafirma el liderazgo de Southern Per\u00fa en la industria del cobre y su compromiso con la innovaci\u00f3n, la sostenibilidad y el desarrollo de una miner\u00eda moderna con visi\u00f3n global.<\/div>\n<div dir=\"auto\"><img loading=\"lazy\" decoding=\"async\" class=\"alignnone size-medium wp-image-132491\" src=\"https:\/\/laregionsur.com\/wp-content\/uploads\/2026\/04\/S-5-300x200.jpg\" alt=\"\" width=\"300\" height=\"200\" srcset=\"https:\/\/laregionsur.com\/wp-content\/uploads\/2026\/04\/S-5-300x200.jpg 300w, https:\/\/laregionsur.com\/wp-content\/uploads\/2026\/04\/S-5-1024x682.jpg 1024w, https:\/\/laregionsur.com\/wp-content\/uploads\/2026\/04\/S-5-768x512.jpg 768w, https:\/\/laregionsur.com\/wp-content\/uploads\/2026\/04\/S-5-1536x1023.jpg 1536w, https:\/\/laregionsur.com\/wp-content\/uploads\/2026\/04\/S-5.jpg 2048w\" sizes=\"auto, (max-width: 300px) 100vw, 300px\" \/> <img loading=\"lazy\" decoding=\"async\" class=\"alignnone size-medium wp-image-132492\" src=\"https:\/\/laregionsur.com\/wp-content\/uploads\/2026\/04\/S-4-300x200.jpg\" alt=\"\" width=\"300\" height=\"200\" srcset=\"https:\/\/laregionsur.com\/wp-content\/uploads\/2026\/04\/S-4-300x200.jpg 300w, https:\/\/laregionsur.com\/wp-content\/uploads\/2026\/04\/S-4-1024x682.jpg 1024w, https:\/\/laregionsur.com\/wp-content\/uploads\/2026\/04\/S-4-768x512.jpg 768w, https:\/\/laregionsur.com\/wp-content\/uploads\/2026\/04\/S-4-1536x1023.jpg 1536w, https:\/\/laregionsur.com\/wp-content\/uploads\/2026\/04\/S-4.jpg 2048w\" sizes=\"auto, (max-width: 300px) 100vw, 300px\" \/> <img loading=\"lazy\" decoding=\"async\" class=\"alignnone size-medium wp-image-132493\" src=\"https:\/\/laregionsur.com\/wp-content\/uploads\/2026\/04\/S-3-300x200.jpg\" alt=\"\" width=\"300\" height=\"200\" srcset=\"https:\/\/laregionsur.com\/wp-content\/uploads\/2026\/04\/S-3-300x200.jpg 300w, https:\/\/laregionsur.com\/wp-content\/uploads\/2026\/04\/S-3-1024x682.jpg 1024w, https:\/\/laregionsur.com\/wp-content\/uploads\/2026\/04\/S-3-768x512.jpg 768w, https:\/\/laregionsur.com\/wp-content\/uploads\/2026\/04\/S-3-1536x1023.jpg 1536w, https:\/\/laregionsur.com\/wp-content\/uploads\/2026\/04\/S-3.jpg 2048w\" sizes=\"auto, (max-width: 300px) 100vw, 300px\" \/> <img loading=\"lazy\" decoding=\"async\" class=\"alignnone size-medium wp-image-132494\" src=\"https:\/\/laregionsur.com\/wp-content\/uploads\/2026\/04\/S-2-300x200.jpg\" alt=\"\" width=\"300\" height=\"200\" srcset=\"https:\/\/laregionsur.com\/wp-content\/uploads\/2026\/04\/S-2-300x200.jpg 300w, https:\/\/laregionsur.com\/wp-content\/uploads\/2026\/04\/S-2-1024x682.jpg 1024w, https:\/\/laregionsur.com\/wp-content\/uploads\/2026\/04\/S-2-768x512.jpg 768w, https:\/\/laregionsur.com\/wp-content\/uploads\/2026\/04\/S-2-1536x1023.jpg 1536w, https:\/\/laregionsur.com\/wp-content\/uploads\/2026\/04\/S-2.jpg 2048w\" sizes=\"auto, (max-width: 300px) 100vw, 300px\" \/> <img loading=\"lazy\" decoding=\"async\" class=\"alignnone size-medium wp-image-132495\" src=\"https:\/\/laregionsur.com\/wp-content\/uploads\/2026\/04\/S-1-1-300x300.jpg\" alt=\"\" width=\"300\" height=\"300\" srcset=\"https:\/\/laregionsur.com\/wp-content\/uploads\/2026\/04\/S-1-1-300x300.jpg 300w, https:\/\/laregionsur.com\/wp-content\/uploads\/2026\/04\/S-1-1-1024x1024.jpg 1024w, https:\/\/laregionsur.com\/wp-content\/uploads\/2026\/04\/S-1-1-150x150.jpg 150w, https:\/\/laregionsur.com\/wp-content\/uploads\/2026\/04\/S-1-1-768x768.jpg 768w, https:\/\/laregionsur.com\/wp-content\/uploads\/2026\/04\/S-1-1-1536x1536.jpg 1536w, https:\/\/laregionsur.com\/wp-content\/uploads\/2026\/04\/S-1-1.jpg 2048w\" sizes=\"auto, (max-width: 300px) 100vw, 300px\" \/><\/div>\n<\/div>\n","protected":false},"excerpt":{"rendered":"<p>SOUTHERNPER\u00da CONSOLID\u00d3 SU PRESENCIA EN III CONFERENCIA DEL COBRE Y LA FERIA MINERA EXPOCOBRE 2026 * Southern Per\u00fa contin\u00faa consolidando su presencia en la III Conferencia del Cobre y Feria Minera Internacional EXPOCOBRE 2026, uno de los encuentros m\u00e1s importantes de la industria minera en la regi\u00f3n. 28-04-26.- Durante la segunda jornada, el Ing. Manuel &hellip;<\/p>\n","protected":false},"author":3,"featured_media":132490,"comment_status":"open","ping_status":"open","sticky":false,"template":"","format":"standard","meta":{"footnotes":""},"categories":[245,61,246,60,38,249,56,58,251,247,248,39,40,63,44,250],"tags":[],"class_list":["post-132489","post","type-post","status-publish","format-standard","has-post-thumbnail","","category-apurimac","category-arequipa","category-cajamarca","category-deportes","category-editorial","category-grupo_mexico","category-finance","category-internacionales","category-islay","category-los_chancas","category-michiquillay","category-stock-market","category-nacionales","category-puno","category-global-trade","category-tia_maria"],"_links":{"self":[{"href":"https:\/\/laregionsur.com\/index.php?rest_route=\/wp\/v2\/posts\/132489","targetHints":{"allow":["GET"]}}],"collection":[{"href":"https:\/\/laregionsur.com\/index.php?rest_route=\/wp\/v2\/posts"}],"about":[{"href":"https:\/\/laregionsur.com\/index.php?rest_route=\/wp\/v2\/types\/post"}],"author":[{"embeddable":true,"href":"https:\/\/laregionsur.com\/index.php?rest_route=\/wp\/v2\/users\/3"}],"replies":[{"embeddable":true,"href":"https:\/\/laregionsur.com\/index.php?rest_route=%2Fwp%2Fv2%2Fcomments&post=132489"}],"version-history":[{"count":1,"href":"https:\/\/laregionsur.com\/index.php?rest_route=\/wp\/v2\/posts\/132489\/revisions"}],"predecessor-version":[{"id":132496,"href":"https:\/\/laregionsur.com\/index.php?rest_route=\/wp\/v2\/posts\/132489\/revisions\/132496"}],"wp:featuredmedia":[{"embeddable":true,"href":"https:\/\/laregionsur.com\/index.php?rest_route=\/wp\/v2\/media\/132490"}],"wp:attachment":[{"href":"https:\/\/laregionsur.com\/index.php?rest_route=%2Fwp%2Fv2%2Fmedia&parent=132489"}],"wp:term":[{"taxonomy":"category","embeddable":true,"href":"https:\/\/laregionsur.com\/index.php?rest_route=%2Fwp%2Fv2%2Fcategories&post=132489"},{"taxonomy":"post_tag","embeddable":true,"href":"https:\/\/laregionsur.com\/index.php?rest_route=%2Fwp%2Fv2%2Ftags&post=132489"}],"curies":[{"name":"wp","href":"https:\/\/api.w.org\/{rel}","templated":true}]}}