{"id":132280,"date":"2026-03-03T15:58:14","date_gmt":"2026-03-03T15:58:14","guid":{"rendered":"https:\/\/laregionsur.com\/?p=132280"},"modified":"2026-03-03T15:58:22","modified_gmt":"2026-03-03T15:58:22","slug":"essalud-en-ilo-una-puerta-abierta-al-mas-alla","status":"publish","type":"post","link":"https:\/\/laregionsur.com\/?p=132280","title":{"rendered":"ESSALUD EN ILO, UNA PUERTA ABIERTA AL M\u00c1S ALL\u00c1"},"content":{"rendered":"<p><strong>N\u00b0 21 \u2013 02-03-26- Pag 01<\/strong><\/p>\n<p><strong>LA OPINI\u00d3N DE HOY<\/strong><\/p>\n<p><strong>\u00a0<\/strong><strong>ESSALUD EN ILO, UNA PUERTA ABIERTA AL M\u00c1S ALL\u00c1 <\/strong><\/p>\n<p>No es de ahora, es de hace muchos a\u00f1os atr\u00e1s, que los problemas en EsSalud, se viene agravando progresivamente, no solo en la atenci\u00f3n al asegurado, o por falta de medicinas sino, lo m\u00e1s crucial, la falta de especialistas en los consultorios con m\u00e1s demanda de pacientes, que cada vez que asisten a tratarse de alg\u00fan mal, salen m\u00e1s enfermos de lo que est\u00e1n porque no encuentran al especialista que los trata o por que no hay medicinas.<\/p>\n<p>En el hospital de EsSalud de Ilo, los pacientes no son ajenos a \u00e9stas \u201ctragedias\u201d si se quiere decir de esa manera, que un paciente cuando va a un hospital es por algo que est\u00e1 padeciendo y necesita un auxilio inmediato, ya que su primer temor es morirse, y encuentra una soluci\u00f3n psicol\u00f3gica cuando est\u00e1 frente a especialista o una enfermera que lo trate bien, a veces eso es una soluci\u00f3n emocional donde el paciente se ve aliviado de su mal. Por eso la necesidad de contar con especialistas que, por encima de normas o leyes administrativas, deben priorizar la necesidad de los pacientes.<\/p>\n<p>Y eso no se est\u00e1 tomando en cuenta en el hospital de Ilo, donde por cumplir con normas laborales est\u00e1n atentando contra la salud de los pacientes que, de la noche a la ma\u00f1ana se vieron sin m\u00e9dicos especialistas que los est\u00e1n tratando, como en el caso de m\u00e9dico cardi\u00f3logo Dr. Roberto Llerena Fuentes, que al haber cumplido la edad l\u00edmite para seguir laborando, pr\u00e1cticamente lo echaron de su puesto, dejando a los pacientes sin este especialista, en momentos en que en este hospital solamente contaba con dos cardi\u00f3logos, y en este momento no se cuenta con otro que lo reemplace.<\/p>\n<p>La ausencia del m\u00e9dico cardi\u00f3logo en Ilo ha causado una reacci\u00f3n no solo de los pacientes, sino, de los mismos trabajadores del hospital, as\u00ed como del cuerpo m\u00e9dico, enfermeras y el mismo sindicato quienes ya se han pronunciado, que deber\u00edan imponerse la necesidad de los pacientes y no las normas administrativas que bien pueden solucionarse, porque anteponer las normas ante la necesidad de preservar la vida, este \u00faltimo se debe priorizar, de lo contrario se estar\u00eda atentando \u00a0contra la vida y la salud del paciente.<\/p>\n<p>El comunicado de EsSalud es totalmente atentatorio y falta a la verdad, cuando dice que las necesidades de atenciones prioritarias son atendidos por m\u00e9dicos internistas, no se est\u00e1n hablando de especialistas que es lo que se requiere, no se puede exponer a los pacientes a m\u00e9dicos internistas, que no son especialistas, pues solo recibir\u00e1n calmantes y no un tratamiento especializado.<\/p>\n<p>Y si dice que en marzo se van a contratar a m\u00e9dicos cardi\u00f3logos, por la experiencia que viven en Ilo, los m\u00e9dicos no se presentan a los llamados porque a muchos de ellos no les conviene trabajar en Ilo porque no cuentan con\u00a0 facilidades de poder desempe\u00f1arse en otros centros de Salud, y es lo que se refleja con las especialidades en Urolog\u00eda, que es m\u00e9dico contratado que hasta en d\u00edas domingos deben atender, o, en Neumolog\u00eda que debe venir desde Moquegua a atender, en este panorama ser\u00e1 dif\u00edcil cubrir con un especialista en Cardiolog\u00eda, mientras tanto los pacientes son los que sufren.<\/p>\n<p>De otro lado, llama la atenci\u00f3n que se haya dispuesto que el director del Hospital de Ilo no abra la puerta de su despacho a la prensa, y seg\u00fan se supo es por orden superior y para lograr una entrevista se tiene que sacar autorizaci\u00f3n o, a Moquegua o, a Relaciones Institucionales de EsSalud en Lima, que por lineamiento es la que autoriza las entrevistas con los directores de Ilo y Moquegua. Encima hacer saber de qu\u00e9 se tratar\u00e1 la entrevista, A ese extremo estamos llegando con esta gesti\u00f3n.<\/p>\n<p>&nbsp;<\/p>\n<p>&nbsp;<\/p>\n","protected":false},"excerpt":{"rendered":"<p>N\u00b0 21 \u2013 02-03-26- Pag 01 LA OPINI\u00d3N DE HOY \u00a0ESSALUD EN ILO, UNA PUERTA ABIERTA AL M\u00c1S ALL\u00c1 No es de ahora, es de hace muchos a\u00f1os atr\u00e1s, que los problemas en EsSalud, se viene agravando progresivamente, no solo en la atenci\u00f3n al asegurado, o por falta de medicinas sino, lo m\u00e1s crucial, la &hellip;<\/p>\n","protected":false},"author":2,"featured_media":132281,"comment_status":"open","ping_status":"open","sticky":false,"template":"","format":"standard","meta":{"footnotes":""},"categories":[61,38,56,39,40,63,44],"tags":[],"class_list":["post-132280","post","type-post","status-publish","format-standard","has-post-thumbnail","","category-arequipa","category-editorial","category-finance","category-stock-market","category-nacionales","category-puno","category-global-trade"],"_links":{"self":[{"href":"https:\/\/laregionsur.com\/index.php?rest_route=\/wp\/v2\/posts\/132280","targetHints":{"allow":["GET"]}}],"collection":[{"href":"https:\/\/laregionsur.com\/index.php?rest_route=\/wp\/v2\/posts"}],"about":[{"href":"https:\/\/laregionsur.com\/index.php?rest_route=\/wp\/v2\/types\/post"}],"author":[{"embeddable":true,"href":"https:\/\/laregionsur.com\/index.php?rest_route=\/wp\/v2\/users\/2"}],"replies":[{"embeddable":true,"href":"https:\/\/laregionsur.com\/index.php?rest_route=%2Fwp%2Fv2%2Fcomments&post=132280"}],"version-history":[{"count":1,"href":"https:\/\/laregionsur.com\/index.php?rest_route=\/wp\/v2\/posts\/132280\/revisions"}],"predecessor-version":[{"id":132282,"href":"https:\/\/laregionsur.com\/index.php?rest_route=\/wp\/v2\/posts\/132280\/revisions\/132282"}],"wp:featuredmedia":[{"embeddable":true,"href":"https:\/\/laregionsur.com\/index.php?rest_route=\/wp\/v2\/media\/132281"}],"wp:attachment":[{"href":"https:\/\/laregionsur.com\/index.php?rest_route=%2Fwp%2Fv2%2Fmedia&parent=132280"}],"wp:term":[{"taxonomy":"category","embeddable":true,"href":"https:\/\/laregionsur.com\/index.php?rest_route=%2Fwp%2Fv2%2Fcategories&post=132280"},{"taxonomy":"post_tag","embeddable":true,"href":"https:\/\/laregionsur.com\/index.php?rest_route=%2Fwp%2Fv2%2Ftags&post=132280"}],"curies":[{"name":"wp","href":"https:\/\/api.w.org\/{rel}","templated":true}]}}