{"id":131900,"date":"2025-10-24T23:02:17","date_gmt":"2025-10-24T23:02:17","guid":{"rendered":"https:\/\/laregionsur.com\/?p=131900"},"modified":"2025-10-24T23:02:21","modified_gmt":"2025-10-24T23:02:21","slug":"continuamos-impulsando-la-educacion-en-torata","status":"publish","type":"post","link":"https:\/\/laregionsur.com\/?p=131900","title":{"rendered":"CONTINUAMOS IMPULSANDO  LA EDUCACI\u00d3N EN TORATA"},"content":{"rendered":"<p>CONTINUAMOS IMPULSANDO<\/p>\n<p>LA EDUCACI\u00d3N EN TORATA<\/p>\n<ul>\n<li><strong><em>Con talleres preuniversitarios que refuerzan el aprendizaje de los estudiantes de secundaria y los preparan para su ingreso a la educaci\u00f3n superior.<\/em><\/strong><\/li>\n<\/ul>\n<p>A trav\u00e9s de nuestro programa EDUCA, iniciamos la segunda edici\u00f3n de los talleres preuniversitarios gratuitos en las instituciones educativas Jos\u00e9 Carlos Mari\u00e1tegui de Torata y Vidal Herrera D\u00edaz de Yacango.<\/p>\n<p>Los talleres est\u00e1n dirigidos a estudiantes de 3\u00b0, 4\u00b0 y 5\u00b0 de secundaria, con el prop\u00f3sito de reforzar sus conocimientos en Comunicaci\u00f3n, Matem\u00e1tica y Aptitud Acad\u00e9mica, y acompa\u00f1arlos en su preparaci\u00f3n para acceder a universidades e institutos superiores.<\/p>\n<p>Las clases se desarrollan todos los s\u00e1bados en cada colegio, bajo la ense\u00f1anza y seguimiento de docentes especializados en educaci\u00f3n de nivel preuniversitario. Asimismo, se aplica peri\u00f3dicamente evaluaciones tipo examen de admisi\u00f3n para medir el avance acad\u00e9mico de los estudiantes y tambi\u00e9n se realizan talleres de orientaci\u00f3n vocacional, que sirven como gu\u00eda en la elecci\u00f3n del futuro profesional de los participantes.<\/p>\n<p>La iniciativa permite que los j\u00f3venes de Torata y Yacango accedan a una educaci\u00f3n de calidad en su propia localidad, evitando traslados a otras ciudades y reduciendo los gastos familiares.<\/p>\n<p>Cabe destacar que, como resultado de la primera edici\u00f3n del taller preuniversitario, 10 estudiantes de Torata y Yacango lograron su ingreso a universidades p\u00fablicas y privadas, as\u00ed como a institutos superiores en Moquegua, Arequipa y Tacna.<\/p>\n<p><img loading=\"lazy\" decoding=\"async\" class=\"alignnone size-medium wp-image-131902\" src=\"https:\/\/laregionsur.com\/wp-content\/uploads\/2025\/10\/TO-2-300x190.jpg\" alt=\"\" width=\"300\" height=\"190\" srcset=\"https:\/\/laregionsur.com\/wp-content\/uploads\/2025\/10\/TO-2-300x190.jpg 300w, https:\/\/laregionsur.com\/wp-content\/uploads\/2025\/10\/TO-2.jpg 538w\" sizes=\"auto, (max-width: 300px) 100vw, 300px\" \/> <img loading=\"lazy\" decoding=\"async\" class=\"alignnone size-medium wp-image-131903\" src=\"https:\/\/laregionsur.com\/wp-content\/uploads\/2025\/10\/TO-1-300x195.jpg\" alt=\"\" width=\"300\" height=\"195\" srcset=\"https:\/\/laregionsur.com\/wp-content\/uploads\/2025\/10\/TO-1-300x195.jpg 300w, https:\/\/laregionsur.com\/wp-content\/uploads\/2025\/10\/TO-1-768x500.jpg 768w, https:\/\/laregionsur.com\/wp-content\/uploads\/2025\/10\/TO-1.jpg 953w\" sizes=\"auto, (max-width: 300px) 100vw, 300px\" \/><\/p>\n<p>&nbsp;<\/p>\n","protected":false},"excerpt":{"rendered":"<p>CONTINUAMOS IMPULSANDO LA EDUCACI\u00d3N EN TORATA Con talleres preuniversitarios que refuerzan el aprendizaje de los estudiantes de secundaria y los preparan para su ingreso a la educaci\u00f3n superior. A trav\u00e9s de nuestro programa EDUCA, iniciamos la segunda edici\u00f3n de los talleres preuniversitarios gratuitos en las instituciones educativas Jos\u00e9 Carlos Mari\u00e1tegui de Torata y Vidal Herrera &hellip;<\/p>\n","protected":false},"author":2,"featured_media":131901,"comment_status":"open","ping_status":"open","sticky":false,"template":"","format":"standard","meta":{"footnotes":""},"categories":[245,61,246,56,58,39,40,63,44],"tags":[],"class_list":["post-131900","post","type-post","status-publish","format-standard","has-post-thumbnail","","category-apurimac","category-arequipa","category-cajamarca","category-finance","category-internacionales","category-stock-market","category-nacionales","category-puno","category-global-trade"],"_links":{"self":[{"href":"https:\/\/laregionsur.com\/index.php?rest_route=\/wp\/v2\/posts\/131900","targetHints":{"allow":["GET"]}}],"collection":[{"href":"https:\/\/laregionsur.com\/index.php?rest_route=\/wp\/v2\/posts"}],"about":[{"href":"https:\/\/laregionsur.com\/index.php?rest_route=\/wp\/v2\/types\/post"}],"author":[{"embeddable":true,"href":"https:\/\/laregionsur.com\/index.php?rest_route=\/wp\/v2\/users\/2"}],"replies":[{"embeddable":true,"href":"https:\/\/laregionsur.com\/index.php?rest_route=%2Fwp%2Fv2%2Fcomments&post=131900"}],"version-history":[{"count":1,"href":"https:\/\/laregionsur.com\/index.php?rest_route=\/wp\/v2\/posts\/131900\/revisions"}],"predecessor-version":[{"id":131904,"href":"https:\/\/laregionsur.com\/index.php?rest_route=\/wp\/v2\/posts\/131900\/revisions\/131904"}],"wp:featuredmedia":[{"embeddable":true,"href":"https:\/\/laregionsur.com\/index.php?rest_route=\/wp\/v2\/media\/131901"}],"wp:attachment":[{"href":"https:\/\/laregionsur.com\/index.php?rest_route=%2Fwp%2Fv2%2Fmedia&parent=131900"}],"wp:term":[{"taxonomy":"category","embeddable":true,"href":"https:\/\/laregionsur.com\/index.php?rest_route=%2Fwp%2Fv2%2Fcategories&post=131900"},{"taxonomy":"post_tag","embeddable":true,"href":"https:\/\/laregionsur.com\/index.php?rest_route=%2Fwp%2Fv2%2Ftags&post=131900"}],"curies":[{"name":"wp","href":"https:\/\/api.w.org\/{rel}","templated":true}]}}