{"id":131709,"date":"2025-07-22T23:58:40","date_gmt":"2025-07-22T23:58:40","guid":{"rendered":"https:\/\/laregionsur.com\/?p=131709"},"modified":"2025-07-22T23:58:47","modified_gmt":"2025-07-22T23:58:47","slug":"autoridades-de-islay-llaman-a-participar-de-actos-patrioticos-mientras-pseudo-voceros-piden-paralizar","status":"publish","type":"post","link":"https:\/\/laregionsur.com\/?p=131709","title":{"rendered":"AUTORIDADES DE ISLAY LLAMAN A PARTICIPAR DE ACTOS  PATRI\u00d3TICOS MIENTRAS \u201cPSEUDO VOCEROS\u201d PIDEN PARALIZAR."},"content":{"rendered":"<p>AUTORIDADES DE ISLAY LLAMAN A PARTICIPAR DE ACTOS<\/p>\n<p>PATRI\u00d3TICOS MIENTRAS \u201cPSEUDO VOCEROS\u201d PIDEN PARALIZAR.<\/p>\n<ul>\n<li>Poblaci\u00f3n debe salir a trabajar y atender a turistas que lleguen por fiestas patrias.<\/li>\n<\/ul>\n<p>22-07-25.- Vivimos momentos muy dif\u00edciles en el plano pol\u00edtico del pa\u00eds y es necesario mirar el objetivo con firmeza, llamar en este momento a un\u00a0 paro como lo viene haciendo los dirigentes del valle de Cocachacra, est\u00e1 fuera de la realidad, las propias autoridades est\u00e1n pronunci\u00e1ndose a que las actividades c\u00edvicas patri\u00f3ticas se llevar\u00e1n a cabo de manera normal, el funcionamiento del comercio atender\u00e1n a la poblaci\u00f3n local y tur\u00edstico tambi\u00e9n, y est\u00e1n garantizados por la autoridad edil de la provincia m\u00e1s potencialmente comercial como es Mollendo, quien invita a la poblaci\u00f3n a participar de las actividades patri\u00f3ticas, asimismo al comercio local, atender al p\u00fablico tur\u00edstico que lleguen a la provincia.<\/p>\n<p>En este escenario el burgomaestre pide a los ciudadanos a que no se perjudiquen en los d\u00edas de fiestas patrias, lo hace pensando en la poblaci\u00f3n trabajadora, mientras que del otro lado los que promueven el paro y las movilizaciones llama a no salir a trabajar, tampoco dejen trabajar a los que si quieren trabajar, \u00bfes lo que el dirigente Miguel Meza quiere para el pueblo del valle de Cocachacra y de la provincia de Islay en general?, algunos comerciantes se\u00f1alaron; es incre\u00edble que no le interese a este se\u00f1or la situaci\u00f3n econ\u00f3mica de los comerciantes\u201d.<\/p>\n<p>Ante esta situaci\u00f3n es menester reconocer que en el mundo comercial, la miner\u00eda est\u00e1 tomando el liderazgo del desarrollo en sus diferentes campos de acci\u00f3n, donde el avance tecnol\u00f3gico necesita cada d\u00eda m\u00e1s de la materia prima que el pa\u00eds lo tiene y es la miner\u00eda, convirti\u00e9ndolo en una potencia mundial en exploraci\u00f3n y explotaci\u00f3n, por la que debemos sentirnos orgullosos, ya que permite mejorar la calidad de vida de millones de peruanos, pese a ello en Islay tenemos a personas que se oponen al desarrollo de la miner\u00eda, que genera fuentes de trabajo, atendiendo al desarrollo y progreso del valle cuyos ciudadanos ven traducido en el mejoramiento de la calidad de vida.<\/p>\n","protected":false},"excerpt":{"rendered":"<p>AUTORIDADES DE ISLAY LLAMAN A PARTICIPAR DE ACTOS PATRI\u00d3TICOS MIENTRAS \u201cPSEUDO VOCEROS\u201d PIDEN PARALIZAR. Poblaci\u00f3n debe salir a trabajar y atender a turistas que lleguen por fiestas patrias. 22-07-25.- Vivimos momentos muy dif\u00edciles en el plano pol\u00edtico del pa\u00eds y es necesario mirar el objetivo con firmeza, llamar en este momento a un\u00a0 paro como &hellip;<\/p>\n","protected":false},"author":2,"featured_media":131710,"comment_status":"open","ping_status":"open","sticky":false,"template":"","format":"standard","meta":{"footnotes":""},"categories":[245,61,246,56,58,39,40,63,44],"tags":[],"class_list":["post-131709","post","type-post","status-publish","format-standard","has-post-thumbnail","","category-apurimac","category-arequipa","category-cajamarca","category-finance","category-internacionales","category-stock-market","category-nacionales","category-puno","category-global-trade"],"_links":{"self":[{"href":"https:\/\/laregionsur.com\/index.php?rest_route=\/wp\/v2\/posts\/131709","targetHints":{"allow":["GET"]}}],"collection":[{"href":"https:\/\/laregionsur.com\/index.php?rest_route=\/wp\/v2\/posts"}],"about":[{"href":"https:\/\/laregionsur.com\/index.php?rest_route=\/wp\/v2\/types\/post"}],"author":[{"embeddable":true,"href":"https:\/\/laregionsur.com\/index.php?rest_route=\/wp\/v2\/users\/2"}],"replies":[{"embeddable":true,"href":"https:\/\/laregionsur.com\/index.php?rest_route=%2Fwp%2Fv2%2Fcomments&post=131709"}],"version-history":[{"count":1,"href":"https:\/\/laregionsur.com\/index.php?rest_route=\/wp\/v2\/posts\/131709\/revisions"}],"predecessor-version":[{"id":131711,"href":"https:\/\/laregionsur.com\/index.php?rest_route=\/wp\/v2\/posts\/131709\/revisions\/131711"}],"wp:featuredmedia":[{"embeddable":true,"href":"https:\/\/laregionsur.com\/index.php?rest_route=\/wp\/v2\/media\/131710"}],"wp:attachment":[{"href":"https:\/\/laregionsur.com\/index.php?rest_route=%2Fwp%2Fv2%2Fmedia&parent=131709"}],"wp:term":[{"taxonomy":"category","embeddable":true,"href":"https:\/\/laregionsur.com\/index.php?rest_route=%2Fwp%2Fv2%2Fcategories&post=131709"},{"taxonomy":"post_tag","embeddable":true,"href":"https:\/\/laregionsur.com\/index.php?rest_route=%2Fwp%2Fv2%2Ftags&post=131709"}],"curies":[{"name":"wp","href":"https:\/\/api.w.org\/{rel}","templated":true}]}}