{"id":131634,"date":"2025-06-28T14:29:00","date_gmt":"2025-06-28T14:29:00","guid":{"rendered":"https:\/\/laregionsur.com\/?p=131634"},"modified":"2025-06-28T14:29:04","modified_gmt":"2025-06-28T14:29:04","slug":"aaq-impulsamos-el-agro-moqueguano","status":"publish","type":"post","link":"https:\/\/laregionsur.com\/?p=131634","title":{"rendered":"AAQ IMPULSAMOS EL AGRO MOQUEGUANO"},"content":{"rendered":"<div class=\"html-div xdj266r x14z9mp xat24cr x1lziwak xexx8yu xyri2b x18d9i69 x1c1uobl\" dir=\"auto\">\n<div class=\"html-div xdj266r x14z9mp xat24cr x1lziwak xexx8yu xyri2b x18d9i69 x1c1uobl\" dir=\"auto\">\n<div class=\"html-div xdj266r x14z9mp xat24cr x1lziwak xexx8yu xyri2b x18d9i69 x1c1uobl\" data-ad-rendering-role=\"story_message\">\n<div class=\"x1l90r2v x1iorvi4 x1g0dm76 xpdmqnj\" data-ad-comet-preview=\"message\" data-ad-preview=\"message\">\n<div class=\"x78zum5 xdt5ytf xz62fqu x16ldp7u\">\n<div class=\"xu06os2 x1ok221b\">\n<div class=\"html-div xdj266r x14z9mp xat24cr x1lziwak xexx8yu xyri2b x18d9i69 x1c1uobl\">\n<div class=\"xdj266r x14z9mp xat24cr x1lziwak x1vvkbs x126k92a\">\n<div dir=\"auto\">AAQ IMPULSAMOS EL AGRO MOQUEGUANO<\/div>\n<div dir=\"auto\"><\/div>\n<div dir=\"auto\">Impulsamos el agro moqueguano con resultados que transforman. <span class=\"html-span xexx8yu xyri2b x18d9i69 x1c1uobl x1hl2dhg x16tdsg8 x1vvkbs x3nfvp2 x1j61x8r x1fcty0u xdj266r xat24cr xm2jcoa x1mpyi22 xxymvpz xlup9mm x1kky2od\"><img loading=\"lazy\" decoding=\"async\" class=\"xz74otr x15mokao x1ga7v0g x16uus16 xbiv7yw\" src=\"https:\/\/static.xx.fbcdn.net\/images\/emoji.php\/v9\/t69\/1\/16\/1f331.png\" alt=\"\ud83c\udf31\" width=\"16\" height=\"16\" \/><\/span><\/div>\n<\/div>\n<div class=\"x14z9mp xat24cr x1lziwak x1vvkbs xtlvy1s x126k92a\">\n<div dir=\"auto\">En Quellaveco, reafirmamos nuestro compromiso con el desarrollo agr\u00edcola de Moquegua a trav\u00e9s de acciones concretas que generan bienestar en la comunidad.<\/div>\n<\/div>\n<div class=\"x14z9mp xat24cr x1lziwak x1vvkbs xtlvy1s x126k92a\">\n<div dir=\"auto\">M\u00e1s de 430 productores ya accedieron a cr\u00e9ditos accesibles del fondo Agro Quellaveco para modernizar sus cultivos, mejorar su productividad y generar miles de jornales de trabajo en la regi\u00f3n.<\/div>\n<\/div>\n<div class=\"x14z9mp xat24cr x1lziwak x1vvkbs xtlvy1s x126k92a\">\n<div dir=\"auto\">Hoy, con el reciente incremento del fondo a 10 millones de soles, estamos listos para llevar estas oportunidades a m\u00e1s familias rurales, promoviendo una Moquegua con mayor desarrollo,<\/div>\n<\/div>\n<div dir=\"auto\">inclusi\u00f3n y futuro sostenible.<\/div>\n<div dir=\"auto\"><\/div>\n<div class=\"x14z9mp xat24cr x1lziwak x1vvkbs xtlvy1s x126k92a\">\n<div dir=\"auto\"><img loading=\"lazy\" decoding=\"async\" class=\"alignnone size-medium wp-image-131636\" src=\"https:\/\/laregionsur.com\/wp-content\/uploads\/2025\/06\/AAQ-2-1-300x300.jpg\" alt=\"\" width=\"300\" height=\"300\" srcset=\"https:\/\/laregionsur.com\/wp-content\/uploads\/2025\/06\/AAQ-2-1-300x300.jpg 300w, https:\/\/laregionsur.com\/wp-content\/uploads\/2025\/06\/AAQ-2-1-150x150.jpg 150w, https:\/\/laregionsur.com\/wp-content\/uploads\/2025\/06\/AAQ-2-1.jpg 600w\" sizes=\"auto, (max-width: 300px) 100vw, 300px\" \/> <img loading=\"lazy\" decoding=\"async\" class=\"alignnone size-medium wp-image-131637\" src=\"https:\/\/laregionsur.com\/wp-content\/uploads\/2025\/06\/AAQ-1_-300x300.jpg\" alt=\"\" width=\"300\" height=\"300\" srcset=\"https:\/\/laregionsur.com\/wp-content\/uploads\/2025\/06\/AAQ-1_-300x300.jpg 300w, https:\/\/laregionsur.com\/wp-content\/uploads\/2025\/06\/AAQ-1_-150x150.jpg 150w, https:\/\/laregionsur.com\/wp-content\/uploads\/2025\/06\/AAQ-1_.jpg 600w\" sizes=\"auto, (max-width: 300px) 100vw, 300px\" \/><\/div>\n<div dir=\"auto\"><\/div>\n<\/div>\n<\/div>\n<\/div>\n<\/div>\n<\/div>\n<\/div>\n<\/div>\n<\/div>\n","protected":false},"excerpt":{"rendered":"<p>AAQ IMPULSAMOS EL AGRO MOQUEGUANO Impulsamos el agro moqueguano con resultados que transforman. En Quellaveco, reafirmamos nuestro compromiso con el desarrollo agr\u00edcola de Moquegua a trav\u00e9s de acciones concretas que generan bienestar en la comunidad. M\u00e1s de 430 productores ya accedieron a cr\u00e9ditos accesibles del fondo Agro Quellaveco para modernizar sus cultivos, mejorar su productividad &hellip;<\/p>\n","protected":false},"author":2,"featured_media":131635,"comment_status":"open","ping_status":"open","sticky":false,"template":"","format":"standard","meta":{"footnotes":""},"categories":[245,61,56,39,40],"tags":[],"class_list":["post-131634","post","type-post","status-publish","format-standard","has-post-thumbnail","","category-apurimac","category-arequipa","category-finance","category-stock-market","category-nacionales"],"_links":{"self":[{"href":"https:\/\/laregionsur.com\/index.php?rest_route=\/wp\/v2\/posts\/131634","targetHints":{"allow":["GET"]}}],"collection":[{"href":"https:\/\/laregionsur.com\/index.php?rest_route=\/wp\/v2\/posts"}],"about":[{"href":"https:\/\/laregionsur.com\/index.php?rest_route=\/wp\/v2\/types\/post"}],"author":[{"embeddable":true,"href":"https:\/\/laregionsur.com\/index.php?rest_route=\/wp\/v2\/users\/2"}],"replies":[{"embeddable":true,"href":"https:\/\/laregionsur.com\/index.php?rest_route=%2Fwp%2Fv2%2Fcomments&post=131634"}],"version-history":[{"count":1,"href":"https:\/\/laregionsur.com\/index.php?rest_route=\/wp\/v2\/posts\/131634\/revisions"}],"predecessor-version":[{"id":131638,"href":"https:\/\/laregionsur.com\/index.php?rest_route=\/wp\/v2\/posts\/131634\/revisions\/131638"}],"wp:featuredmedia":[{"embeddable":true,"href":"https:\/\/laregionsur.com\/index.php?rest_route=\/wp\/v2\/media\/131635"}],"wp:attachment":[{"href":"https:\/\/laregionsur.com\/index.php?rest_route=%2Fwp%2Fv2%2Fmedia&parent=131634"}],"wp:term":[{"taxonomy":"category","embeddable":true,"href":"https:\/\/laregionsur.com\/index.php?rest_route=%2Fwp%2Fv2%2Fcategories&post=131634"},{"taxonomy":"post_tag","embeddable":true,"href":"https:\/\/laregionsur.com\/index.php?rest_route=%2Fwp%2Fv2%2Ftags&post=131634"}],"curies":[{"name":"wp","href":"https:\/\/api.w.org\/{rel}","templated":true}]}}