{"id":131629,"date":"2025-06-28T14:02:38","date_gmt":"2025-06-28T14:02:38","guid":{"rendered":"https:\/\/laregionsur.com\/?p=131629"},"modified":"2025-06-28T14:02:52","modified_gmt":"2025-06-28T14:02:52","slug":"ayer-fui-un-sonador-hoy-me-siento-orgulloso-de-mis-raices","status":"publish","type":"post","link":"https:\/\/laregionsur.com\/?p=131629","title":{"rendered":"\u201cAYER FUI UN SO\u00d1ADOR, HOY ME SIENTO ORGULLOSO DE MIS RA\u00cdCES\u2026\u201d."},"content":{"rendered":"<p>\u201cAYER FUI UN SO\u00d1ADOR, HOY ME SIENTO ORGULLOSO DE MIS RA\u00cdCES\u2026\u201d.<\/p>\n<p>Mario Fidel Mantilla, abogado ile\u00f1o, ex congresista que lleg\u00f3 a ser el primer vicepresidente del congreso, hoy \u201cso\u00f1ando\u201d ser senador \u00a0en el nuevo gobierno, es el fiel reflejo de un so\u00f1ador que en sus tiempos juveniles, so\u00f1aba con ser capit\u00e1n de barco, como se refleja en esta foto que acompa\u00f1o a esta nota, aunque al verlo duda sea \u00e9l, pero sus recuerdos le habla a su conciencia y acepta ser \u00e9l, \u201cquien no ha tenido sue\u00f1os en sus ni\u00f1ez\u201d?, dice Mario Fidel, y demostrando su humildad, hace gala de sentirse orgulloso de sus ra\u00edces, lo que es un ejemplo para nuestras generaciones. En las fotos acompa\u00f1ado de amigos de infancia gozando del amr en la playa La Picuda.<\/p>\n<p><img loading=\"lazy\" decoding=\"async\" class=\"alignnone size-medium wp-image-131631\" src=\"https:\/\/laregionsur.com\/wp-content\/uploads\/2025\/06\/MARIOF-2-300x253.jpg\" alt=\"\" width=\"300\" height=\"253\" srcset=\"https:\/\/laregionsur.com\/wp-content\/uploads\/2025\/06\/MARIOF-2-300x253.jpg 300w, https:\/\/laregionsur.com\/wp-content\/uploads\/2025\/06\/MARIOF-2-1024x862.jpg 1024w, https:\/\/laregionsur.com\/wp-content\/uploads\/2025\/06\/MARIOF-2-768x647.jpg 768w, https:\/\/laregionsur.com\/wp-content\/uploads\/2025\/06\/MARIOF-2-1536x1293.jpg 1536w, https:\/\/laregionsur.com\/wp-content\/uploads\/2025\/06\/MARIOF-2.jpg 1600w\" sizes=\"auto, (max-width: 300px) 100vw, 300px\" \/> <img loading=\"lazy\" decoding=\"async\" class=\"alignnone size-medium wp-image-131632\" src=\"https:\/\/laregionsur.com\/wp-content\/uploads\/2025\/06\/MARIOFIDEL-1-1-300x230.jpg\" alt=\"\" width=\"300\" height=\"230\" srcset=\"https:\/\/laregionsur.com\/wp-content\/uploads\/2025\/06\/MARIOFIDEL-1-1-300x230.jpg 300w, https:\/\/laregionsur.com\/wp-content\/uploads\/2025\/06\/MARIOFIDEL-1-1-1024x784.jpg 1024w, https:\/\/laregionsur.com\/wp-content\/uploads\/2025\/06\/MARIOFIDEL-1-1-768x588.jpg 768w, https:\/\/laregionsur.com\/wp-content\/uploads\/2025\/06\/MARIOFIDEL-1-1-1536x1176.jpg 1536w, https:\/\/laregionsur.com\/wp-content\/uploads\/2025\/06\/MARIOFIDEL-1-1.jpg 1600w\" sizes=\"auto, (max-width: 300px) 100vw, 300px\" \/><\/p>\n<p>FOTOS CORTES\u00cdA DE JORGE ALVAREZ<\/p>\n","protected":false},"excerpt":{"rendered":"<p>\u201cAYER FUI UN SO\u00d1ADOR, HOY ME SIENTO ORGULLOSO DE MIS RA\u00cdCES\u2026\u201d. Mario Fidel Mantilla, abogado ile\u00f1o, ex congresista que lleg\u00f3 a ser el primer vicepresidente del congreso, hoy \u201cso\u00f1ando\u201d ser senador \u00a0en el nuevo gobierno, es el fiel reflejo de un so\u00f1ador que en sus tiempos juveniles, so\u00f1aba con ser capit\u00e1n de barco, como se &hellip;<\/p>\n","protected":false},"author":2,"featured_media":131630,"comment_status":"open","ping_status":"open","sticky":false,"template":"","format":"standard","meta":{"footnotes":""},"categories":[245,61,246,56,39,40,63,44],"tags":[],"class_list":["post-131629","post","type-post","status-publish","format-standard","has-post-thumbnail","","category-apurimac","category-arequipa","category-cajamarca","category-finance","category-stock-market","category-nacionales","category-puno","category-global-trade"],"_links":{"self":[{"href":"https:\/\/laregionsur.com\/index.php?rest_route=\/wp\/v2\/posts\/131629","targetHints":{"allow":["GET"]}}],"collection":[{"href":"https:\/\/laregionsur.com\/index.php?rest_route=\/wp\/v2\/posts"}],"about":[{"href":"https:\/\/laregionsur.com\/index.php?rest_route=\/wp\/v2\/types\/post"}],"author":[{"embeddable":true,"href":"https:\/\/laregionsur.com\/index.php?rest_route=\/wp\/v2\/users\/2"}],"replies":[{"embeddable":true,"href":"https:\/\/laregionsur.com\/index.php?rest_route=%2Fwp%2Fv2%2Fcomments&post=131629"}],"version-history":[{"count":1,"href":"https:\/\/laregionsur.com\/index.php?rest_route=\/wp\/v2\/posts\/131629\/revisions"}],"predecessor-version":[{"id":131633,"href":"https:\/\/laregionsur.com\/index.php?rest_route=\/wp\/v2\/posts\/131629\/revisions\/131633"}],"wp:featuredmedia":[{"embeddable":true,"href":"https:\/\/laregionsur.com\/index.php?rest_route=\/wp\/v2\/media\/131630"}],"wp:attachment":[{"href":"https:\/\/laregionsur.com\/index.php?rest_route=%2Fwp%2Fv2%2Fmedia&parent=131629"}],"wp:term":[{"taxonomy":"category","embeddable":true,"href":"https:\/\/laregionsur.com\/index.php?rest_route=%2Fwp%2Fv2%2Fcategories&post=131629"},{"taxonomy":"post_tag","embeddable":true,"href":"https:\/\/laregionsur.com\/index.php?rest_route=%2Fwp%2Fv2%2Ftags&post=131629"}],"curies":[{"name":"wp","href":"https:\/\/api.w.org\/{rel}","templated":true}]}}