{"id":131367,"date":"2025-04-16T15:29:53","date_gmt":"2025-04-16T15:29:53","guid":{"rendered":"https:\/\/laregionsur.com\/?p=131367"},"modified":"2025-04-16T15:29:53","modified_gmt":"2025-04-16T15:29:53","slug":"gilia-postularia-a-la-presidencia-dianira-meza-y-katherine-anco-para-diputada","status":"publish","type":"post","link":"https:\/\/laregionsur.com\/?p=131367","title":{"rendered":"GILIA POSTULARIA A LA PRESIDENCIA, DIANIRA  MEZA Y KATHERINE ANCO PARA DIPUTADA?"},"content":{"rendered":"<p>GILIA POSTULARIA A LA PRESIDENCIA, DIANIRA<\/p>\n<p>MEZA Y KATHERINE ANCO PARA DIPUTADA?<\/p>\n<p>&nbsp;<\/p>\n<ul>\n<li>\u201c<strong><em>Hay un silencio c\u00f3mplice para no dar a conocer si postular\u00e1n o no, pero los hechos dicen que ir\u00e1n en carrera hacia ambas c\u00e1maras\u201d. <\/em><\/strong><\/li>\n<\/ul>\n<p><strong><em>Escribe: Enrique Lazo Flores.-\u00a0 14-03-25.- <\/em><\/strong>Confirmado la ausencia de Mart\u00edn Vizcarra en estas elecciones del 2026 salvo que en los tribunales internacionales den la raz\u00f3n y vuelva al escenario pol\u00edtico,\u00a0 podr\u00eda tener posibilidad de tentar la presidencia, mientras en este momento, la lectura est\u00e1 cifrada en que Gilia Guti\u00e9rrez postule a la presidencia para tener fijo su cupo en la c\u00e1mara de senadores, mientras que otra candidata para la C\u00e1mara de Diputados ser\u00eda Dianira Meza, actual Sub Gerente de Inclusi\u00f3n Social o la actual Gerente Regional de Moquegua, Katherine Raquel Anco Santos, actual funcionaria de la Gerencia Regional de Desarrollo Social del Gobierno Regional de Moquegua.<\/p>\n<p>Para muchos podr\u00eda pasar como una opci\u00f3n muy remota por la temprana propuesta que se elucubra, sin embargo, hay que tener en cuenta que Mart\u00edn Vizcarra la ve muy dif\u00edcil su presencia en el escenario pol\u00edtico, salvo, como lo digo l\u00edneas arriba, si en los fueros internacional le den la raz\u00f3n para que siga postulando, all\u00ed si cabr\u00eda la posibilidad que la plancha se modifique, pero, como reitero, es una remota posibilidad, mientras tanto es lo que se tiene en este momento.<\/p>\n<p>De otro lado, Gilia Guti\u00e9rrez estuvo avanzando en el escenario pol\u00edtico no solo regional, sino, en el escenario nacional su presencia ha sido casi permanente en reuniones con el ejecutivo, logrando el apoyo de este gobierno a trav\u00e9s de diversas carteras, quienes\u00a0 dieron luz verde en casi todas su gestiones logrando presupuesto y acuerdos para atender las necesidades en las provincias de General S\u00e1nchez Cerro e Ilo, donde est\u00e1 desarrollando obras de envergadura al margen de dotarles presupuesto como nunca antes hab\u00eda recibido las unidades ejecutoras de desarrollo de estas provincias.<\/p>\n<p>Katherine Anco ha venido trabajando en su sector con bastante acierto y se ha convertido en un soporte muy importante de la gesti\u00f3n de Gilia, en medio de observaciones, cr\u00edticas y denuncias, ha sabido salir de apuros haciendo gala que tiene recursos por la que Gilia conf\u00eda en ella.<\/p>\n<p>Dianira Meza, por su lado no se queda atr\u00e1s, de un tiempo a esta parte ha demostrado que aprendi\u00f3 bastante en el campo pol\u00edtico, estuvo de manera casi permanente en contacto directo con las mujeres de comunidades y las bases de la juventud, tiene una tarea de estar con estos sectores lo que le da una visi\u00f3n polic\u00eda que seguramente ir\u00e1 fortaleciendo en el futuro pero que es una buena opci\u00f3n para estar en la c\u00e1mara de diputados, seguramente postular\u00e1 y podr\u00eda ganar la curul, es imprescindible para el partido de Mart\u00edn que va necesitar una bancada de mayor\u00eda.<\/p>\n<p><img loading=\"lazy\" decoding=\"async\" class=\"alignnone size-medium wp-image-131369\" src=\"https:\/\/laregionsur.com\/wp-content\/uploads\/2025\/04\/DIANIRA-AMEZA-300x169.jpg\" alt=\"\" width=\"300\" height=\"169\" \/> <img loading=\"lazy\" decoding=\"async\" class=\"alignnone size-medium wp-image-131370\" src=\"https:\/\/laregionsur.com\/wp-content\/uploads\/2025\/04\/GILIAL-GUTIERREZ-1-300x218.jpg\" alt=\"\" width=\"300\" height=\"218\" \/> <img loading=\"lazy\" decoding=\"async\" class=\"alignnone size-medium wp-image-131371\" src=\"https:\/\/laregionsur.com\/wp-content\/uploads\/2025\/04\/KATHERINE-ANCO-300x200.jpg\" alt=\"\" width=\"300\" height=\"200\" \/><\/p>\n<p>&nbsp;<\/p>\n","protected":false},"excerpt":{"rendered":"<p>GILIA POSTULARIA A LA PRESIDENCIA, DIANIRA MEZA Y KATHERINE ANCO PARA DIPUTADA? &nbsp; \u201cHay un silencio c\u00f3mplice para no dar a conocer si postular\u00e1n o no, pero los hechos dicen que ir\u00e1n en carrera hacia ambas c\u00e1maras\u201d. Escribe: Enrique Lazo Flores.-\u00a0 14-03-25.- Confirmado la ausencia de Mart\u00edn Vizcarra en estas elecciones del 2026 salvo que &hellip;<\/p>\n","protected":false},"author":1,"featured_media":131368,"comment_status":"open","ping_status":"open","sticky":false,"template":"","format":"standard","meta":{"footnotes":""},"categories":[61,56,39,40,63,44],"tags":[],"class_list":["post-131367","post","type-post","status-publish","format-standard","has-post-thumbnail","","category-arequipa","category-finance","category-stock-market","category-nacionales","category-puno","category-global-trade"],"_links":{"self":[{"href":"https:\/\/laregionsur.com\/index.php?rest_route=\/wp\/v2\/posts\/131367","targetHints":{"allow":["GET"]}}],"collection":[{"href":"https:\/\/laregionsur.com\/index.php?rest_route=\/wp\/v2\/posts"}],"about":[{"href":"https:\/\/laregionsur.com\/index.php?rest_route=\/wp\/v2\/types\/post"}],"author":[{"embeddable":true,"href":"https:\/\/laregionsur.com\/index.php?rest_route=\/wp\/v2\/users\/1"}],"replies":[{"embeddable":true,"href":"https:\/\/laregionsur.com\/index.php?rest_route=%2Fwp%2Fv2%2Fcomments&post=131367"}],"version-history":[{"count":0,"href":"https:\/\/laregionsur.com\/index.php?rest_route=\/wp\/v2\/posts\/131367\/revisions"}],"wp:featuredmedia":[{"embeddable":true,"href":"https:\/\/laregionsur.com\/index.php?rest_route=\/"}],"wp:attachment":[{"href":"https:\/\/laregionsur.com\/index.php?rest_route=%2Fwp%2Fv2%2Fmedia&parent=131367"}],"wp:term":[{"taxonomy":"category","embeddable":true,"href":"https:\/\/laregionsur.com\/index.php?rest_route=%2Fwp%2Fv2%2Fcategories&post=131367"},{"taxonomy":"post_tag","embeddable":true,"href":"https:\/\/laregionsur.com\/index.php?rest_route=%2Fwp%2Fv2%2Ftags&post=131367"}],"curies":[{"name":"wp","href":"https:\/\/api.w.org\/{rel}","templated":true}]}}