{"id":131345,"date":"2025-04-05T00:16:00","date_gmt":"2025-04-05T00:16:00","guid":{"rendered":"https:\/\/laregionsur.com\/?p=131345"},"modified":"2025-04-05T00:16:00","modified_gmt":"2025-04-05T00:16:00","slug":"huelga-en-valle-de-tambo-perjudica-a-miles-de-hogares","status":"publish","type":"post","link":"https:\/\/laregionsur.com\/?p=131345","title":{"rendered":"HUELGA EN VALLE DE TAMBO PERJUDICA A MILES DE HOGARES"},"content":{"rendered":"<p>HUELGA EN VALLE DE TAMBO PERJUDICA A MILES DE HOGARES<\/p>\n<p>ESCRIBE: Enrique Lazo Flores.- 04-04-25.-\u00a0 Los constantes errores que viene cometiendo el \u201cl\u00edder\u201d de los huelguistas en el Valle de Tambo, Miguel Meza Igme, est\u00e1 sobre pasando la paciencia y tolerancia de los propios huelguistas que en muchos de los casos se ven obligados a asistir a esta huelga dejando de trabajar sin tener nada que recibir para solventar el diario mantenimiento de los hogares, a la par que tambi\u00e9n perjudican a los transportistas que tienen que verse obligados a paralizar su libre tr\u00e1nsito con las consecuencias que conlleva\u00a0 se trasladan a los mismos escolares que no pueden asistir a sus clases de manera normal.<\/p>\n<p>En realidad, esta huelga a las que ha llevado este dirigente a algunos agricultores y trabajadores del campo, ha servido para ver que son m\u00e1s la poblaci\u00f3n que prefiere trabajar que irse de huelga, una medida que no trae nada positivo y nada bueno para miles de hogares y muchos de estos comerciantes, trabajadores, empresarios y autoridades que no est\u00e1n de acuerdo con esta medida de fuerza ya que al haber pasado m\u00e1s de 45 d\u00edas de huelga no ven resultados positivos que les puedan servir de muestra, que lograron algo bueno, en estos tiempos en que se necesita de m\u00e1s trabajo, de mayores ingresos econ\u00f3micos en los hogares, solo est\u00e1n viendo atrasos y dejando pasar las oportunidades para sus hijos.<\/p>\n<p>El d\u00eda jueves 20 de marzo, 8 ciudadanos del Valle de Tambo presentaron una acci\u00f3n de amparo ante el Poder Judicial de Mollendo contra el Proyecto Minero T\u00eda Mar\u00eda comprendiendo en la denuncia al gobernador de Arequipa, Rohel S\u00e1nchez, a la Jefa de Acondicionamiento Territorial del gobierno regional de Arequipa, Luz Torres Tejada, al ministro de Energ\u00eda y Minas, Jorge Montero, al Jefe de la Oficina Regional de Planeamiento, Presupuesto y Acondicionamiento Territorial del gobierno regional de Arequipa, V\u00edctor Quispe. Argumentando que el Proyecto T\u00eda Mar\u00eda no tiene autorizaci\u00f3n de uso de agua y la planta desalinizadora amenaza el ecosistema de la zona, T\u00eda Mar\u00eda no cuenta con servidumbres establecidas legalmente etc. Argumentos que no fueron sustentados, las cuales fueron OBSERVADOS POR EL PODER JUDICIAL<\/p>\n<p>En ese sentido, los ciudadanos que presentaron la acci\u00f3n de amparo, Eulogio Quispe, Mariano Mamani, Pedro Mamani, Juan Gald\u00f3s, Roger Chirapo, Cristian Torres y Jos\u00e9 Blanco, alarmaron a la poblaci\u00f3n se\u00f1alando que fueron RECHAZADOS. Sin embargo, lo cierto es que fueron OBSERVADOS ya que los que elaboraron el Amparo, ser\u00edan los abogados, Walter Paz Valderrama, Clara Salinas quien representar\u00eda en Arequipa a ADDHAPERU, el Ing. Elvis Jump y el Bi\u00f3logo, Gustavo Robles y al No haber presentado pruebas deber\u00e1n subsanar dichas observaciones y continuar\u00e1 el tr\u00e1mite.<\/p>\n<p>Llama poderosamente la atenci\u00f3n lo que se viene observando, sin bien es cierto que tienen todo el derecho de protestar y presentar acciones de amparos y otros, estos recursos y medidas de fuerza deber\u00edan hacerse al margen de los derechos de la ciudadan\u00eda que tambi\u00e9n TIENEN DERECHO AL TRABAJO Y AL LIBRE TRANSITO, resulta CONTRADICTORIO E ILOGICO por los perjuicios que est\u00e1n ocasionando con la huelga, los bloqueos de carreteras al interior del valle, sobre todo evitando que muchos de los ciudadanos cumplan con su derecho de trabajar llevando zozobra y miseria a muchos hogares, no solo eso, sino que el movimiento comercial en el valle de Islay, ha sido afectado a tal punto que muchos rechazan esta huelga porque NO BENEFICIA A NADIE, contrariamente PERJUDICAN A MILES DE FAMILIAS EN EL VALLE DE TAMBO Y LA PROVINCIA DE ISLAY. foto redes.<\/p>\n","protected":false},"excerpt":{"rendered":"<p>HUELGA EN VALLE DE TAMBO PERJUDICA A MILES DE HOGARES ESCRIBE: Enrique Lazo Flores.- 04-04-25.-\u00a0 Los constantes errores que viene cometiendo el \u201cl\u00edder\u201d de los huelguistas en el Valle de Tambo, Miguel Meza Igme, est\u00e1 sobre pasando la paciencia y tolerancia de los propios huelguistas que en muchos de los casos se ven obligados a &hellip;<\/p>\n","protected":false},"author":1,"featured_media":131346,"comment_status":"open","ping_status":"open","sticky":false,"template":"","format":"standard","meta":{"footnotes":""},"categories":[61,56,58,39,40,63,44],"tags":[],"class_list":["post-131345","post","type-post","status-publish","format-standard","has-post-thumbnail","","category-arequipa","category-finance","category-internacionales","category-stock-market","category-nacionales","category-puno","category-global-trade"],"_links":{"self":[{"href":"https:\/\/laregionsur.com\/index.php?rest_route=\/wp\/v2\/posts\/131345","targetHints":{"allow":["GET"]}}],"collection":[{"href":"https:\/\/laregionsur.com\/index.php?rest_route=\/wp\/v2\/posts"}],"about":[{"href":"https:\/\/laregionsur.com\/index.php?rest_route=\/wp\/v2\/types\/post"}],"author":[{"embeddable":true,"href":"https:\/\/laregionsur.com\/index.php?rest_route=\/wp\/v2\/users\/1"}],"replies":[{"embeddable":true,"href":"https:\/\/laregionsur.com\/index.php?rest_route=%2Fwp%2Fv2%2Fcomments&post=131345"}],"version-history":[{"count":0,"href":"https:\/\/laregionsur.com\/index.php?rest_route=\/wp\/v2\/posts\/131345\/revisions"}],"wp:featuredmedia":[{"embeddable":true,"href":"https:\/\/laregionsur.com\/index.php?rest_route=\/"}],"wp:attachment":[{"href":"https:\/\/laregionsur.com\/index.php?rest_route=%2Fwp%2Fv2%2Fmedia&parent=131345"}],"wp:term":[{"taxonomy":"category","embeddable":true,"href":"https:\/\/laregionsur.com\/index.php?rest_route=%2Fwp%2Fv2%2Fcategories&post=131345"},{"taxonomy":"post_tag","embeddable":true,"href":"https:\/\/laregionsur.com\/index.php?rest_route=%2Fwp%2Fv2%2Ftags&post=131345"}],"curies":[{"name":"wp","href":"https:\/\/api.w.org\/{rel}","templated":true}]}}