{"id":131239,"date":"2025-02-19T23:38:04","date_gmt":"2025-02-19T23:38:04","guid":{"rendered":"https:\/\/laregionsur.com\/?p=131239"},"modified":"2025-02-19T23:38:04","modified_gmt":"2025-02-19T23:38:04","slug":"mantenimiento-del-malecon-costero-avanza-a-paso-ligero","status":"publish","type":"post","link":"https:\/\/laregionsur.com\/?p=131239","title":{"rendered":"MANTENIMIENTO DEL MALECON  COSTERO AVANZA A \u201cPASO LIGERO\u201d"},"content":{"rendered":"<p>OBRAS DE REMODELACI\u00d3N DEL MALEC\u00d3N<\/p>\n<p>COSTERO AVANZA A \u201cPASO LIGERO\u201d<\/p>\n<p>Ilo, 19-02-25.- El mantenimiento del Malec\u00f3n Costero 2da etapa, que va desde el Parque del Ni\u00f1o hasta el muelle fiscal, siguen los trabajos de remodelaci\u00f3n y embellecimiento.<\/p>\n<p>As\u00ed se pudo constatar el d\u00eda de hoy en horas de la ma\u00f1ana cuando visitamos la obra donde pudimos ver c\u00f3mo va cambiando la fisonom\u00eda de todo este sector que en los d\u00edas pr\u00f3ximos se estar\u00eda inaugurando, con la direcci\u00f3n del arquitecto Jos\u00e9 Ucharico, quien dirige esta obra que abarca desde la Glorieta Jos\u00e9 Galvez \u00a0hasta cerca a la playa el diablo. Playa que en este momento ya esta al servicio de la comunidad veraneante. PLAZA JOSE OLAYA<\/p>\n<p>Las novedades que se ve en este malec\u00f3n son la modernizaci\u00f3n de la Plaza Jos\u00e9 Olaya \u00a0donde ya se instal\u00f3 dos bustos uno al m\u00e1rtir Jose Olaya y la otra una figura de la Sirena, m\u00e1s atr\u00e1s se coloc\u00f3 un obelisco que le dan Un toque moderno a esta plaza que se encuentra el frente de la puerta principal del hospital Essalud Ilo.<\/p>\n<p>PARQUE DEL TRABAJO<\/p>\n<p>Los trabajos en este parque est\u00e1 avanzando de manera acelerada, se nota que habr\u00e1 cambios en el piso, en la que fue la pileta con los adornos de delfines, asimismo ya se colocaron pilotes adornados que le va a dar una vista m\u00e1s moderna, y con un atractivo novedoso para la vista de los turistas.<\/p>\n<p>A lo largo de este malec\u00f3n ya se cambiaron los pisos que luc\u00edan destrozados, pues eran de may\u00f3licas ahora se reemplazaron con pisos de terrazo de colores y motivos llamativos igual como lo es la primera parte de este malec\u00f3n, ya que ser\u00e1 de f\u00e1cil mantenimiento y de larga duraci\u00f3n.<\/p>\n<p>EXPLANADA JOSE GALVEZ<\/p>\n<p>Esta explanada pr\u00e1cticamente esta concluido, faltando solo pulir el piso que tambi\u00e9n es de terrazo, y el lugar donde antes era una constante filtraci\u00f3n de desague hoy esta totalmente arreglado, donde las escaleras tambi\u00e9n se muestran m\u00e1s modernos y muy atractivos para los turistas.<\/p>\n<p><img loading=\"lazy\" decoding=\"async\" class=\"alignnone size-medium wp-image-131241\" src=\"https:\/\/laregionsur.com\/wp-content\/uploads\/2025\/02\/ZONA-DE-CEVICHES-MAS-MODERNO-300x227.jpg\" alt=\"\" width=\"300\" height=\"227\" \/> <img loading=\"lazy\" decoding=\"async\" class=\"alignnone size-medium wp-image-131242\" src=\"https:\/\/laregionsur.com\/wp-content\/uploads\/2025\/02\/PLAZA-JOSE-GALVEZ-Y-ACCESO-AL-MALECON-300x225.jpg\" alt=\"\" width=\"300\" height=\"225\" \/> <img loading=\"lazy\" decoding=\"async\" class=\"alignnone size-medium wp-image-131243\" src=\"https:\/\/laregionsur.com\/wp-content\/uploads\/2025\/02\/ACCESO-2-AL-MALECON-1-300x226.jpg\" alt=\"\" width=\"300\" height=\"226\" \/> <img loading=\"lazy\" decoding=\"async\" class=\"alignnone size-medium wp-image-131244\" src=\"https:\/\/laregionsur.com\/wp-content\/uploads\/2025\/02\/ACCESO-DE-LA-PLAYA-AL-MALECON-300x224.jpg\" alt=\"\" width=\"300\" height=\"224\" \/> <img loading=\"lazy\" decoding=\"async\" class=\"alignnone size-medium wp-image-131245\" src=\"https:\/\/laregionsur.com\/wp-content\/uploads\/2025\/02\/PLAZA-JOSE-OALAY-MUY-ATRACTIVO-300x230.jpg\" alt=\"\" width=\"300\" height=\"230\" \/> <img loading=\"lazy\" decoding=\"async\" class=\"alignnone size-medium wp-image-131246\" src=\"https:\/\/laregionsur.com\/wp-content\/uploads\/2025\/02\/PLAZA-JOSE-OALYA-FRENTE-A-ESSALUD-300x225.jpg\" alt=\"\" width=\"300\" height=\"225\" \/> <img loading=\"lazy\" decoding=\"async\" class=\"alignnone size-medium wp-image-131247\" src=\"https:\/\/laregionsur.com\/wp-content\/uploads\/2025\/02\/AVANZO-LAS-OBRAS-EN-MALECON-COSTERO-300x225.jpg\" alt=\"\" width=\"300\" height=\"225\" \/><\/p>\n<p>&nbsp;<\/p>\n<p>&nbsp;<\/p>\n","protected":false},"excerpt":{"rendered":"<p>OBRAS DE REMODELACI\u00d3N DEL MALEC\u00d3N COSTERO AVANZA A \u201cPASO LIGERO\u201d Ilo, 19-02-25.- El mantenimiento del Malec\u00f3n Costero 2da etapa, que va desde el Parque del Ni\u00f1o hasta el muelle fiscal, siguen los trabajos de remodelaci\u00f3n y embellecimiento. As\u00ed se pudo constatar el d\u00eda de hoy en horas de la ma\u00f1ana cuando visitamos la obra donde &hellip;<\/p>\n","protected":false},"author":1,"featured_media":131240,"comment_status":"open","ping_status":"open","sticky":false,"template":"","format":"standard","meta":{"footnotes":""},"categories":[61,56,39,40,63,44],"tags":[],"class_list":["post-131239","post","type-post","status-publish","format-standard","has-post-thumbnail","","category-arequipa","category-finance","category-stock-market","category-nacionales","category-puno","category-global-trade"],"_links":{"self":[{"href":"https:\/\/laregionsur.com\/index.php?rest_route=\/wp\/v2\/posts\/131239","targetHints":{"allow":["GET"]}}],"collection":[{"href":"https:\/\/laregionsur.com\/index.php?rest_route=\/wp\/v2\/posts"}],"about":[{"href":"https:\/\/laregionsur.com\/index.php?rest_route=\/wp\/v2\/types\/post"}],"author":[{"embeddable":true,"href":"https:\/\/laregionsur.com\/index.php?rest_route=\/wp\/v2\/users\/1"}],"replies":[{"embeddable":true,"href":"https:\/\/laregionsur.com\/index.php?rest_route=%2Fwp%2Fv2%2Fcomments&post=131239"}],"version-history":[{"count":0,"href":"https:\/\/laregionsur.com\/index.php?rest_route=\/wp\/v2\/posts\/131239\/revisions"}],"wp:featuredmedia":[{"embeddable":true,"href":"https:\/\/laregionsur.com\/index.php?rest_route=\/"}],"wp:attachment":[{"href":"https:\/\/laregionsur.com\/index.php?rest_route=%2Fwp%2Fv2%2Fmedia&parent=131239"}],"wp:term":[{"taxonomy":"category","embeddable":true,"href":"https:\/\/laregionsur.com\/index.php?rest_route=%2Fwp%2Fv2%2Fcategories&post=131239"},{"taxonomy":"post_tag","embeddable":true,"href":"https:\/\/laregionsur.com\/index.php?rest_route=%2Fwp%2Fv2%2Ftags&post=131239"}],"curies":[{"name":"wp","href":"https:\/\/api.w.org\/{rel}","templated":true}]}}