{"id":131211,"date":"2025-02-12T14:25:41","date_gmt":"2025-02-12T14:25:41","guid":{"rendered":"https:\/\/laregionsur.com\/?p=131211"},"modified":"2025-02-12T14:25:41","modified_gmt":"2025-02-12T14:25:41","slug":"empresarios-de-mollendo-no-acataran-paro-antiminero-porque-atenta-contra-su-economia","status":"publish","type":"post","link":"https:\/\/laregionsur.com\/?p=131211","title":{"rendered":"EMPRESARIOS DE MOLLENDO NO ACATARAN PARO  ANTIMINERO PORQUE ATENTA CONTRA SU ECONOMIA"},"content":{"rendered":"<p>EMPRESARIOS DE MOLLENDO NO ACATARAN PARO<\/p>\n<p>ANTIMINERO PORQUE ATENTA CONTRA SU ECONOMIA<\/p>\n<p>&nbsp;<\/p>\n<p><strong><em>\u201cparalizar el valle es paralizar las inversiones y la \u00fanica manera de recuperar nuestras inversiones es trabajar, para este verano hemos invertido una gran cantidad de dinero, tiempo, personal, estamos generando un gran movimiento comercial y puestos de trabajo y no vamos a arriesgarnos a perderlo, muchos de nosotros nos hemos endeudado con el banco para invertir en nuestros negocios y no podemos arriesgarnos paralizando el comercio\u201d<\/em><\/strong><\/p>\n<p><em>\u00a0<\/em>\u201cTenemos que trabajar para recuperar la inversi\u00f3n en verano\u201d dicen empresarios.<\/p>\n<ul>\n<li>La mayor\u00eda del valle de Islay en desacuerdo con el paro, \u201cParalizar es ir contra nuestros intereses\u201d dice la mayor\u00eda.<\/li>\n<\/ul>\n<p>Escribe: Enrique Lazo Flores.- 12-02-25.- En la \u00faltima reuni\u00f3n convocado por dirigentes que promueven el paro contra el proyecto minero de T\u00eda Mar\u00eda, acordaron una huelga para el d\u00eda 17 de febrero, aunque previamente ya los promotores de esta medida de fuerza hab\u00edan anunciado un paro para ese mismo d\u00eda, pero, en esta reuni\u00f3n donde seg\u00fan se supo estaban convocados dirigentes de la macro sur, pero no se ha logrado conocer si asistieron o no la totalidad de los convocados, acordaron el paro para el 27 de febrero, y confirmaron la huelga para el 17 de febrero. \u00bf y cuantos asistieron a esta reuni\u00f3n?, menos de 200, ellos decidieron por todo una provincia.<\/p>\n<p>La opini\u00f3n de la mayor\u00eda de los habitantes de la provincia de Islay, sobre todo de los comerciantes, empresarios, trabajadores y algunas autoridades de esta provincia, han mostrado su rechazo, o mantienen su silencio ante estas medidas de fuerza, debido a que la mayor\u00eda prefieren trabajar y no paralizar menos asistir a medidas de fuerza que van contra sus intereses econ\u00f3micos, peor a\u00fan, cuando vemos que la temporada de verano es muy corta y es la \u00fanica oportunidad de invertir y recuperar sus inversiones, por lo tanto acatar una medida de fuerza es dejar de trabajar y atentar contra sus propios intereses y derechos.<\/p>\n<p>Ante eso los empresarios y comerciantes de Mollendo, el balneario que genera un gran movimiento comercial en estos meses de verano, se han pronunciado en el sentido que no acatar\u00edan ninguna medida de fuerza que atente contra su econom\u00eda, sus intereses y su derecho a trabajar, <strong><em>\u201cparalizar el valle es paralizar las inversiones y la \u00fanica manera de recuperar nuestras inversiones es trabajar, para este verano hemos invertido una gran cantidad de dinero, tiempo, \u00a0personal, estamos generando un gran movimiento comercial y puestos de trabajo y no vamos a arriesgarnos a perderlo muchos de nosotros nos hemos endeudado con el banco para invertir en nuestros negocios y no podemos arriesgarnos paralizando el comercio, no podemos autocastigarnos\u201d<\/em><\/strong>, se\u00f1alaron algunos de los empresarios que tiene su negocio en la playa, reflexionando que el verano es el \u00fanico mes que en las que pueden recuperar sus inversiones.<\/p>\n<p>A esta insistencia de los antimineros de ir a una huelga, se sumaron algunos pol\u00edticos que ya manifestaron su apoyo, como algunos congresistas que se aparecen solo en \u00e9pocas pre electorales y no escatiman en azuzar a la gente, que realmente tienen que trabajar y mejorar sus ingresos econ\u00f3micos, claro est\u00e1, que estos congresistas no se afectan porque tiene jugosos sueldos, bonos y dem\u00e1s goller\u00edas que se aprobaron ellos mismos sin que exista alg\u00fan control, sobre ellos pesa la obligaci\u00f3n de escuchar al pueblo que quiere trabajar, que quiere salir del atraso, l\u00f3gicamente que a estos pol\u00edticos, eso no les interesa, menos los conviene, sin embargo el pueblo de Islay ya se pronunci\u00f3, \u00a1 QUEREMOS TRABAJAR !.<\/p>\n<p><img loading=\"lazy\" decoding=\"async\" class=\"alignnone size-medium wp-image-131213\" src=\"https:\/\/laregionsur.com\/wp-content\/uploads\/2025\/02\/OCM-TiaMaria-Peru21-20190902-e1567448702186-300x181.jpg\" alt=\"\" width=\"300\" height=\"181\" \/><\/p>\n<p>foto archivo redes.<\/p>\n<p>&nbsp;<\/p>\n<p>&nbsp;<\/p>\n","protected":false},"excerpt":{"rendered":"<p>EMPRESARIOS DE MOLLENDO NO ACATARAN PARO ANTIMINERO PORQUE ATENTA CONTRA SU ECONOMIA &nbsp; \u201cparalizar el valle es paralizar las inversiones y la \u00fanica manera de recuperar nuestras inversiones es trabajar, para este verano hemos invertido una gran cantidad de dinero, tiempo, personal, estamos generando un gran movimiento comercial y puestos de trabajo y no vamos &hellip;<\/p>\n","protected":false},"author":1,"featured_media":131213,"comment_status":"open","ping_status":"open","sticky":false,"template":"","format":"standard","meta":{"footnotes":""},"categories":[61,56,58,39,40,63,44],"tags":[],"class_list":["post-131211","post","type-post","status-publish","format-standard","has-post-thumbnail","","category-arequipa","category-finance","category-internacionales","category-stock-market","category-nacionales","category-puno","category-global-trade"],"_links":{"self":[{"href":"https:\/\/laregionsur.com\/index.php?rest_route=\/wp\/v2\/posts\/131211","targetHints":{"allow":["GET"]}}],"collection":[{"href":"https:\/\/laregionsur.com\/index.php?rest_route=\/wp\/v2\/posts"}],"about":[{"href":"https:\/\/laregionsur.com\/index.php?rest_route=\/wp\/v2\/types\/post"}],"author":[{"embeddable":true,"href":"https:\/\/laregionsur.com\/index.php?rest_route=\/wp\/v2\/users\/1"}],"replies":[{"embeddable":true,"href":"https:\/\/laregionsur.com\/index.php?rest_route=%2Fwp%2Fv2%2Fcomments&post=131211"}],"version-history":[{"count":0,"href":"https:\/\/laregionsur.com\/index.php?rest_route=\/wp\/v2\/posts\/131211\/revisions"}],"wp:featuredmedia":[{"embeddable":true,"href":"https:\/\/laregionsur.com\/index.php?rest_route=\/"}],"wp:attachment":[{"href":"https:\/\/laregionsur.com\/index.php?rest_route=%2Fwp%2Fv2%2Fmedia&parent=131211"}],"wp:term":[{"taxonomy":"category","embeddable":true,"href":"https:\/\/laregionsur.com\/index.php?rest_route=%2Fwp%2Fv2%2Fcategories&post=131211"},{"taxonomy":"post_tag","embeddable":true,"href":"https:\/\/laregionsur.com\/index.php?rest_route=%2Fwp%2Fv2%2Ftags&post=131211"}],"curies":[{"name":"wp","href":"https:\/\/api.w.org\/{rel}","templated":true}]}}