{"id":131106,"date":"2025-01-06T15:10:11","date_gmt":"2025-01-06T15:10:11","guid":{"rendered":"https:\/\/laregionsur.com\/?p=131106"},"modified":"2025-01-06T15:10:11","modified_gmt":"2025-01-06T15:10:11","slug":"como-estaba-previsto-proyecto-tia-maria-iniciara-construccion-este-ano","status":"publish","type":"post","link":"https:\/\/laregionsur.com\/?p=131106","title":{"rendered":"COMO ESTABA PREVISTO, PROYECTO T\u00cdA  MAR\u00cdA INICIAR\u00c1 CONSTRUCCI\u00d3N ESTE A\u00d1O"},"content":{"rendered":"<p>COMO ESTABA PREVISTO, PROYECTO T\u00cdA<\/p>\n<p>MAR\u00cdA INICIAR\u00c1 CONSTRUCCI\u00d3N ESTE A\u00d1O<\/p>\n<p>Escribe Enrique Lazo Flores.- 06-01-2025.- Luego de varios a\u00f1os de trabajar junto al pueblo de Islay y tras haber cumplido con todos los requisitos exigidos para que el proyecto minero T\u00eda Mar\u00eda,\u00a0 finalmente empiece, el licenciado Paul Lostaunau Ramos, Jefe de comunicaciones de la empresa minera Southern Peru en Ilo, en d\u00edas pasados dio a conocer de manera p\u00fablica que efectivamente este proyecto empezar\u00e1 la etapa de construcci\u00f3n este a\u00f1o 2025.<\/p>\n<p>Fue un anuncio que se ven\u00eda postergando porque las diversas etapas que se tuvo que pasar, ten\u00eda que ser con el respaldo de los diversos personajes e instituciones como del mismo gobierno, como se pudo percibir pese a que en los diversos gobiernos que pasaron, incluidos los congresistas de turno, de una y otra manera aprovecharon la coyuntura para sacar ventajas pol\u00edticas para evitar el avance de este proyecto que el a\u00f1o 2024.<\/p>\n<p>Este proyecto ya se hab\u00eda iniciado con mucho tiempo de anterioridad, con trabajos de capacitaciones, atenci\u00f3n a los sectores m\u00e1s necesitados, quienes recibieron apoyo con programas sociales, que a la larga dieron sus frutos como es la de convencer a la poblaci\u00f3n la necesidad de que la miner\u00eda es el motor del desarrollo y es la que soluciona muchos problemas sociales que el gobierno en la mayor\u00eda de veces no llega a atender.<\/p>\n<p>Hoy los trabajos previos como es la de forestaci\u00f3n y colocaci\u00f3n de cercos vivos y movimientos de tierra ya se iniciaron el a\u00f1o pasado, y son acciones propias de esta clase de proyectos, donde ya se est\u00e1n empleando una gran cantidad de trabajadores de la zona, calcul\u00e1ndose que en este a\u00f1o se estar\u00edan creando alrededor de 4 mil puestos de trabajo m\u00e1s, todos de la zona. Y con ello se estar\u00eda cumpliendo parte de lo programado por la compa\u00f1\u00eda minera de ocupar la mano de obra de los trabajadores de la zona, De acuerdo a las declaraciones del Licenciado Paul Lostaunau, si bien es cierto que no hay fecha exacta de inicio de la construcci\u00f3n el cronograma ya est\u00e1 en camino desde el a\u00f1o pasado.<\/p>\n<p>Con el inicio de los trabajos previos en este proyecto, la empresa est\u00e1 demostrando la intensi\u00f3n y el deseo de seguir trabajando de la mano con la poblaci\u00f3n, y aportar\u00e1 con el desarrollo de la provincia de Islay y de la regi\u00f3n \u00a0Arequipa. Se viene tiempos mejores a la provincia de Islay.<\/p>\n<p>&nbsp;<\/p>\n<p>&nbsp;<\/p>\n","protected":false},"excerpt":{"rendered":"<p>COMO ESTABA PREVISTO, PROYECTO T\u00cdA MAR\u00cdA INICIAR\u00c1 CONSTRUCCI\u00d3N ESTE A\u00d1O Escribe Enrique Lazo Flores.- 06-01-2025.- Luego de varios a\u00f1os de trabajar junto al pueblo de Islay y tras haber cumplido con todos los requisitos exigidos para que el proyecto minero T\u00eda Mar\u00eda,\u00a0 finalmente empiece, el licenciado Paul Lostaunau Ramos, Jefe de comunicaciones de la empresa &hellip;<\/p>\n","protected":false},"author":1,"featured_media":131107,"comment_status":"open","ping_status":"open","sticky":false,"template":"","format":"standard","meta":{"footnotes":""},"categories":[61,56,39,40,63,44],"tags":[],"class_list":["post-131106","post","type-post","status-publish","format-standard","has-post-thumbnail","","category-arequipa","category-finance","category-stock-market","category-nacionales","category-puno","category-global-trade"],"_links":{"self":[{"href":"https:\/\/laregionsur.com\/index.php?rest_route=\/wp\/v2\/posts\/131106","targetHints":{"allow":["GET"]}}],"collection":[{"href":"https:\/\/laregionsur.com\/index.php?rest_route=\/wp\/v2\/posts"}],"about":[{"href":"https:\/\/laregionsur.com\/index.php?rest_route=\/wp\/v2\/types\/post"}],"author":[{"embeddable":true,"href":"https:\/\/laregionsur.com\/index.php?rest_route=\/wp\/v2\/users\/1"}],"replies":[{"embeddable":true,"href":"https:\/\/laregionsur.com\/index.php?rest_route=%2Fwp%2Fv2%2Fcomments&post=131106"}],"version-history":[{"count":0,"href":"https:\/\/laregionsur.com\/index.php?rest_route=\/wp\/v2\/posts\/131106\/revisions"}],"wp:featuredmedia":[{"embeddable":true,"href":"https:\/\/laregionsur.com\/index.php?rest_route=\/"}],"wp:attachment":[{"href":"https:\/\/laregionsur.com\/index.php?rest_route=%2Fwp%2Fv2%2Fmedia&parent=131106"}],"wp:term":[{"taxonomy":"category","embeddable":true,"href":"https:\/\/laregionsur.com\/index.php?rest_route=%2Fwp%2Fv2%2Fcategories&post=131106"},{"taxonomy":"post_tag","embeddable":true,"href":"https:\/\/laregionsur.com\/index.php?rest_route=%2Fwp%2Fv2%2Ftags&post=131106"}],"curies":[{"name":"wp","href":"https:\/\/api.w.org\/{rel}","templated":true}]}}