{"id":131097,"date":"2025-01-06T01:31:16","date_gmt":"2025-01-06T01:31:16","guid":{"rendered":"https:\/\/laregionsur.com\/?p=131097"},"modified":"2025-01-06T01:31:16","modified_gmt":"2025-01-06T01:31:16","slug":"moquegua-torata-e-ilo-deslumbraron-con-iluminacion-y-espiritu-navideno","status":"publish","type":"post","link":"https:\/\/laregionsur.com\/?p=131097","title":{"rendered":"MOQUEGUA, TORATA E ILO DESLUMBRARON CON ILUMINACI\u00d3N Y ESP\u00cdRITU NAVIDE\u00d1O"},"content":{"rendered":"<p>MOQUEGUA, TORATA E ILO DESLUMBRARON CON ILUMINACI\u00d3N Y ESP\u00cdRITU NAVIDE\u00d1O<\/p>\n<ul>\n<li>SOUTHERN PER\u00da DECOR\u00d3 Y ENCENDI\u00d3 CON LUCES LAS PRINCIPALES IGLESIAS DE MOQUEGUA ILO Y TORATA<\/li>\n<\/ul>\n<p>05-01-25.- Una actividad por Navidad que ya se convirti\u00f3 en tradici\u00f3n en Moquegua, se dio inicio con una misa que record\u00f3 a todos los asistentes la importancia de este periodo en el calendario cat\u00f3lico. Despu\u00e9s de celebrada la eucarist\u00eda, el presb\u00edtero, Jhon Casta\u00f1o G\u00f3mez, becario de la Parroquia Santa Catalina de Moquegua, en compa\u00f1\u00eda del Ing. Marco Antonio Figueroa Quijada, director de Operaciones de Southern Per\u00fa, y su esposa, Sra. Rosi- cela Ruiz de Figueroa, procedieron al encendido de las luces navide\u00f1as de la iglesia principal de Moquegua.<\/p>\n<p>\u201cEsta actividad no s\u00f3lo es un gesto de Navidad, tiene un significado m\u00e1s profundo. Para quienes creemos en la bondad del se\u00f1or, este encendido de luces representa la llegada de la luz al mundo, esa luz que debe de llevar nuestros pasos al bien com\u00fan. Un llamado a la uni\u00f3n y amor entre nosotros\u201d, coment\u00f3 Marco Antonio Figueroa. Asimismo, el evento de luces y colores cautiv\u00f3 la mira- da y las emociones de los cientos de ciudadanos que presenciaron el espect\u00e1culo navide\u00f1o, celebraci\u00f3n que nos prepara para el nacimiento del ni\u00f1o Jes\u00fas. Una vez terminada la velada, se realiz\u00f3 un compartir con el tradicional panet\u00f3n y chocolate caliente entre los asistentes.<\/p>\n<p>Es preciso recordar que este a\u00f1o la iluminaci\u00f3n navide- \u00f1a de la Co Catedral de Moquegua se gener\u00f3 mediante potentes tachos de luz y una armoniosa decoraci\u00f3n multicolor, lo que contribuye a la conservaci\u00f3n de la infraestructura de la iglesia, evitando as\u00ed su deterioro y el cumplimiento de lo se\u00f1alado por las autoridades eclesi\u00e1sticas.<\/p>\n<p>ENCENDIENDO LA ALEGR\u00cdA EN TORATA<\/p>\n<p>De igual manera, la empresa tambi\u00e9n colabor\u00f3 con la Iluminaci\u00f3n de la Parroquia de San Agust\u00edn en el distrito de Torata, en una actividad que congreg\u00f3 a ni\u00f1os y ni\u00f1as quienes, junto a sus familias, disfrutaron de un espect\u00e1culo que embelleci\u00f3 el distrito. Por a\u00f1os, Southern Per\u00fa viene participando en la decoraci\u00f3n con motivos de las celebraciones navide\u00f1as en las provincias de Moquegua e Ilo, un gesto de gratitud y un s\u00edmbolo de esperanza para todas las familias de la regi\u00f3n.<\/p>\n<p>ILO BRILL\u00d3 CON EL ENCENDIDO DE LUCES NAVIDE\u00d1AS Y UN EMOTIVO CONCIERTO DE SINFON\u00cdA POR EL PER\u00da<\/p>\n<p>En una noche m\u00e1gica llena de luces, m\u00fasica y uni\u00f3n, Southern Per\u00fa, en coordinaci\u00f3n con la Municipalidad Provincial de Ilo, celebr\u00f3 el inicio de las festividades navide\u00f1as con el tradicional encendido de luces y un emocionante concierto ofrecido por el coro y la orquesta infantojuvenil de Sinfon\u00eda por el Per\u00fa, N\u00facleo Ilo.<\/p>\n<p>Cincuenta talentosos ni\u00f1os y ni\u00f1as subieron al escenario para interpretar un repertorio de siete piezas musicales que emocionaron a las familias congregadas en la Plaza de Ilo. Las melod\u00edas llenaron la noche de alegr\u00eda, fortaleciendo el esp\u00edritu navide\u00f1o y resaltando el talento art\u00edstico de los j\u00f3venes m\u00fasicos locales.<\/p>\n<p>La velada incluy\u00f3 el simb\u00f3lico encendido de luces de la emblem\u00e1tica Iglesia San Jer\u00f3nimo, un gesto que ilumin\u00f3 no solo el centro de la ciudad, sino tambi\u00e9n los corazones de sus habitantes, llevando un mensaje de esperanza y uni\u00f3n en esta temporada especial. (Con informaci\u00f3n de Especial de a\u00f1o nuevo de Revista Lazos.)<\/p>\n<p><img loading=\"lazy\" decoding=\"async\" class=\"alignnone size-medium wp-image-131099\" src=\"https:\/\/laregionsur.com\/wp-content\/uploads\/2025\/01\/EN-TORATA-2-300x191.jpg\" alt=\"\" width=\"300\" height=\"191\" \/> <img loading=\"lazy\" decoding=\"async\" class=\"alignnone size-medium wp-image-131100\" src=\"https:\/\/laregionsur.com\/wp-content\/uploads\/2025\/01\/ILO-2-300x213.jpg\" alt=\"\" width=\"300\" height=\"213\" \/> <img loading=\"lazy\" decoding=\"async\" class=\"alignnone size-medium wp-image-131101\" src=\"https:\/\/laregionsur.com\/wp-content\/uploads\/2025\/01\/ILO-1-300x208.jpg\" alt=\"\" width=\"300\" height=\"208\" \/> <img loading=\"lazy\" decoding=\"async\" class=\"alignnone size-medium wp-image-131102\" src=\"https:\/\/laregionsur.com\/wp-content\/uploads\/2025\/01\/EN-MOQUEGUA-1-1-300x210.jpg\" alt=\"\" width=\"300\" height=\"210\" \/><\/p>\n<p>TORATA\u00a0\u00a0\u00a0\u00a0\u00a0\u00a0\u00a0\u00a0\u00a0\u00a0\u00a0\u00a0\u00a0\u00a0\u00a0\u00a0\u00a0\u00a0\u00a0\u00a0\u00a0\u00a0\u00a0\u00a0\u00a0\u00a0\u00a0\u00a0\u00a0\u00a0\u00a0\u00a0\u00a0\u00a0\u00a0\u00a0\u00a0\u00a0\u00a0\u00a0\u00a0\u00a0\u00a0\u00a0\u00a0\u00a0\u00a0\u00a0\u00a0\u00a0\u00a0\u00a0\u00a0\u00a0\u00a0\u00a0\u00a0\u00a0\u00a0\u00a0\u00a0\u00a0\u00a0\u00a0\u00a0\u00a0\u00a0\u00a0\u00a0\u00a0\u00a0\u00a0\u00a0 ILO\u00a0\u00a0\u00a0\u00a0\u00a0\u00a0\u00a0\u00a0\u00a0\u00a0\u00a0\u00a0\u00a0\u00a0\u00a0\u00a0\u00a0\u00a0\u00a0\u00a0\u00a0\u00a0\u00a0\u00a0\u00a0\u00a0\u00a0\u00a0\u00a0\u00a0\u00a0\u00a0\u00a0\u00a0\u00a0\u00a0\u00a0\u00a0\u00a0\u00a0\u00a0\u00a0\u00a0\u00a0\u00a0\u00a0\u00a0\u00a0\u00a0\u00a0\u00a0\u00a0\u00a0\u00a0\u00a0\u00a0\u00a0\u00a0\u00a0\u00a0\u00a0\u00a0\u00a0 ILO\u00a0\u00a0\u00a0\u00a0\u00a0\u00a0\u00a0\u00a0\u00a0\u00a0\u00a0\u00a0\u00a0\u00a0\u00a0\u00a0\u00a0\u00a0\u00a0\u00a0\u00a0\u00a0\u00a0\u00a0\u00a0\u00a0\u00a0\u00a0\u00a0\u00a0\u00a0\u00a0\u00a0\u00a0\u00a0\u00a0\u00a0\u00a0\u00a0\u00a0\u00a0\u00a0\u00a0\u00a0\u00a0\u00a0\u00a0\u00a0\u00a0\u00a0\u00a0\u00a0\u00a0\u00a0\u00a0\u00a0\u00a0\u00a0\u00a0\u00a0\u00a0\u00a0\u00a0\u00a0\u00a0\u00a0\u00a0\u00a0\u00a0\u00a0\u00a0\u00a0\u00a0\u00a0 MOQUEGUA<\/p>\n<p><img loading=\"lazy\" decoding=\"async\" class=\"alignnone size-medium wp-image-131103\" src=\"https:\/\/laregionsur.com\/wp-content\/uploads\/2025\/01\/EN-MOQUEGUA-300x210.jpg\" alt=\"\" width=\"300\" height=\"210\" \/> <img loading=\"lazy\" decoding=\"async\" class=\"alignnone size-medium wp-image-131104\" src=\"https:\/\/laregionsur.com\/wp-content\/uploads\/2025\/01\/EN-TORATA-300x164.jpg\" alt=\"\" width=\"300\" height=\"164\" \/><\/p>\n<p>MOQUEGUA\u00a0\u00a0\u00a0\u00a0\u00a0\u00a0\u00a0\u00a0\u00a0\u00a0\u00a0\u00a0\u00a0\u00a0\u00a0\u00a0\u00a0\u00a0\u00a0\u00a0\u00a0\u00a0\u00a0\u00a0\u00a0\u00a0\u00a0\u00a0\u00a0\u00a0\u00a0\u00a0\u00a0\u00a0\u00a0\u00a0\u00a0\u00a0\u00a0\u00a0\u00a0\u00a0\u00a0\u00a0\u00a0\u00a0\u00a0\u00a0\u00a0\u00a0\u00a0\u00a0\u00a0\u00a0\u00a0\u00a0\u00a0\u00a0\u00a0\u00a0\u00a0\u00a0\u00a0\u00a0\u00a0\u00a0 TORATA<\/p>\n<p>&nbsp;<\/p>\n<p>&nbsp;<\/p>\n","protected":false},"excerpt":{"rendered":"<p>MOQUEGUA, TORATA E ILO DESLUMBRARON CON ILUMINACI\u00d3N Y ESP\u00cdRITU NAVIDE\u00d1O SOUTHERN PER\u00da DECOR\u00d3 Y ENCENDI\u00d3 CON LUCES LAS PRINCIPALES IGLESIAS DE MOQUEGUA ILO Y TORATA 05-01-25.- Una actividad por Navidad que ya se convirti\u00f3 en tradici\u00f3n en Moquegua, se dio inicio con una misa que record\u00f3 a todos los asistentes la importancia de este periodo &hellip;<\/p>\n","protected":false},"author":1,"featured_media":131098,"comment_status":"open","ping_status":"open","sticky":false,"template":"","format":"standard","meta":{"footnotes":""},"categories":[61,56,39,40,63,44],"tags":[],"class_list":["post-131097","post","type-post","status-publish","format-standard","has-post-thumbnail","","category-arequipa","category-finance","category-stock-market","category-nacionales","category-puno","category-global-trade"],"_links":{"self":[{"href":"https:\/\/laregionsur.com\/index.php?rest_route=\/wp\/v2\/posts\/131097","targetHints":{"allow":["GET"]}}],"collection":[{"href":"https:\/\/laregionsur.com\/index.php?rest_route=\/wp\/v2\/posts"}],"about":[{"href":"https:\/\/laregionsur.com\/index.php?rest_route=\/wp\/v2\/types\/post"}],"author":[{"embeddable":true,"href":"https:\/\/laregionsur.com\/index.php?rest_route=\/wp\/v2\/users\/1"}],"replies":[{"embeddable":true,"href":"https:\/\/laregionsur.com\/index.php?rest_route=%2Fwp%2Fv2%2Fcomments&post=131097"}],"version-history":[{"count":0,"href":"https:\/\/laregionsur.com\/index.php?rest_route=\/wp\/v2\/posts\/131097\/revisions"}],"wp:featuredmedia":[{"embeddable":true,"href":"https:\/\/laregionsur.com\/index.php?rest_route=\/"}],"wp:attachment":[{"href":"https:\/\/laregionsur.com\/index.php?rest_route=%2Fwp%2Fv2%2Fmedia&parent=131097"}],"wp:term":[{"taxonomy":"category","embeddable":true,"href":"https:\/\/laregionsur.com\/index.php?rest_route=%2Fwp%2Fv2%2Fcategories&post=131097"},{"taxonomy":"post_tag","embeddable":true,"href":"https:\/\/laregionsur.com\/index.php?rest_route=%2Fwp%2Fv2%2Ftags&post=131097"}],"curies":[{"name":"wp","href":"https:\/\/api.w.org\/{rel}","templated":true}]}}