{"id":131038,"date":"2024-12-07T00:05:04","date_gmt":"2024-12-07T00:05:04","guid":{"rendered":"https:\/\/laregionsur.com\/?p=131038"},"modified":"2024-12-07T00:05:04","modified_gmt":"2024-12-07T00:05:04","slug":"asociacion-nacional-de-periodistas-del-peru-anp","status":"publish","type":"post","link":"https:\/\/laregionsur.com\/?p=131038","title":{"rendered":"ANP. DENUNCIA 740 ATAQUES A LA PRENSA EN DOS A\u00d1OS DE GESTI\u00d3N DE DINA BOLUARTE"},"content":{"rendered":"<div class=\"html-div xdj266r x11i5rnm xat24cr x1mh8g0r xexx8yu x4uap5 x18d9i69 xkhd6sd\" dir=\"auto\">\n<div class=\"html-div xdj266r x11i5rnm xat24cr x1mh8g0r xexx8yu x4uap5 x18d9i69 xkhd6sd\" data-ad-rendering-role=\"story_message\">\n<div id=\":r320:\" class=\"x1l90r2v x1iorvi4 x1ye3gou xn6708d\" data-ad-comet-preview=\"message\" data-ad-preview=\"message\">\n<div class=\"x78zum5 xdt5ytf xz62fqu x16ldp7u\">\n<div class=\"xu06os2 x1ok221b\">\n<div class=\"xdj266r x11i5rnm xat24cr x1mh8g0r x1vvkbs x126k92a\">\n<div dir=\"auto\">ASOCIACI\u00d3N NACIONAL DE PERIODISTAS DEL PERU (ANP).\u00b7<\/div>\n<\/div>\n<div class=\"x11i5rnm xat24cr x1mh8g0r x1vvkbs xtlvy1s x126k92a\">\n<div dir=\"auto\">* ANP, denuncia 740 ataques a la prensa en dos a\u00f1os de gesti\u00f3n de Dina Boluarte<\/div>\n<div dir=\"auto\"><\/div>\n<\/div>\n<div class=\"x11i5rnm xat24cr x1mh8g0r x1vvkbs xtlvy1s x126k92a\">\n<div dir=\"auto\">Entre el 7 de diciembre de 2022 -fecha en que inici\u00f3 la gesti\u00f3n de Dina Boluarte- y el 7 de diciembre de 2024, la prensa peruana ha enfrentado un total de 740 ataques, seg\u00fan el registro de la Oficina de Derechos Humanos de la Asociaci\u00f3n Nacional de Periodistas del Per\u00fa (ANP).<\/div>\n<div dir=\"auto\">Si bien los tipos de agresi\u00f3n var\u00edan en el transcurso de este tiempo, la amenaza y el hostigamiento se destacan como los m\u00e1s comunes, con un total de 298 incidentes. Estas arremetidas no solo se limitan a agresiones f\u00edsicas o verbales, sino que incluyen amenazas legislativas, ciberataques, y presiones judiciales, que afectan tanto la seguridad de los periodistas como su capacidad para informar libremente.<\/div>\n<div dir=\"auto\">Los datos se\u00f1alan que los funcionarios p\u00fablicos son responsables de 217 ataques (m\u00e1s del 29% del total), lo que pone de manifiesto la preocupaci\u00f3n de que las amenazas y agresiones provienen de quienes est\u00e1n en el poder. Este dato es especialmente alarmante, pues refleja una vulneraci\u00f3n de los derechos de la prensa por parte de quienes deber\u00edan garantizarla.<\/div>\n<div dir=\"auto\">El Ejecutivo al ataque del periodismo<\/div>\n<div dir=\"auto\">El Poder Ejecutivo acumul\u00f3 44 casos de agresi\u00f3n a periodistas durante estos dos a\u00f1os. La propia presidenta Boluarte ha protagonizado episodios de confrontaci\u00f3n, como el 18 de setiembre de 2023, cuando calific\u00f3 de \u00abagresiva\u00bb a la periodista Ang\u00e9lica Vald\u00e9s tras una reuni\u00f3n en Nueva York. En noviembre de 2023, critic\u00f3 un reportaje de Cuarto Poder que revelaba reuniones secretas de su hermano Nicanor Boluarte, quien ahora se encuentra pr\u00f3fugo de la justicia, calific\u00e1ndolo de difamatorio.<\/div>\n<div dir=\"auto\">En 2024, su hostilidad aument\u00f3. El 5 de abril evit\u00f3 responder sobre el esc\u00e1ndalo del Rolex, y el 16 de septiembre, en Pomacocha, contest\u00f3 agresivamente al periodista Luis Chuqui: \u201c\u00a1No necesito sus l\u00e1grimas!\u201d. En octubre, la presidenta denunci\u00f3 un supuesto \u00abterrorismo de imagen\u00bb, acusando a medios de desestabilizar su gobierno con noticias falsas.<\/div>\n<div dir=\"auto\">A estos incidentes se suman restricciones directas al acceso a la informaci\u00f3n, como las sufridas por periodistas en Piura, Huaral y San Mart\u00edn, donde fueron retenidos o bloqueados durante sus visitas oficiales. En el suceso m\u00e1s reciente, el 31 de octubre en Juanju\u00ed, regi\u00f3n San Mart\u00edn, un grupo de aproximadamente 15 periodistas de medios locales fue retenido, encerrados entre rejas hasta que Boluarte se retir\u00f3 del evento. Este patr\u00f3n se ha vuelto habitual en las actividades oficiales de Presidencia.<\/div>\n<div dir=\"auto\">El ministro Juan Jos\u00e9 Santiv\u00e1\u00f1ez ha registrado al menos 16 incidentes de ataques, entre los que destacan estigmatizaciones y amenazas, desde que asumi\u00f3 el cargo el 16 de mayo del 2024. Entre ellos, calific\u00f3 de \u00abfracasado\u00bb al periodista Marco Sifuentes y amenaz\u00f3 con iniciar acciones legales contra Ricardo Velazco y C\u00e9sar Hildebrandt.\ufffc<\/div>\n<div dir=\"auto\">El 18 de setiembre de 2024, a trav\u00e9s de Whatsapp, amenaz\u00f3 a Karla Ram\u00edrez Camarena, jefa de la Unidad de Investigaci\u00f3n de Panamericana TV, por \u201cdifamarlo\u201d y, ante una respuesta de la periodista que defendi\u00f3 su publicaci\u00f3n, Santiv\u00e1\u00f1ez adopt\u00f3 un tono m\u00e1s agresivo: \u00abYo no llamo a los periodistas difamadores se\u00f1orita Karla. Solo a usted. Finalmente corro toda comunicaci\u00f3n y espere mis acciones legales. Gracias. Lo suyo no es libertad, es delito\u00bb.<\/div>\n<div dir=\"auto\">Tambi\u00e9n fueron utilizadas las redes sociales oficiales del Ministerio del Interior para desacreditar reportajes y advertir campa\u00f1as de desprestigio.<\/div>\n<div dir=\"auto\">Un entorno m\u00e1s hostil<\/div>\n<div dir=\"auto\">Con un promedio de un ataque diario, la agresi\u00f3n a la prensa se ha convertido en un problema estructural. La implicaci\u00f3n de funcionarios p\u00fablicos y agentes de seguridad agrava esta situaci\u00f3n, evidenciando la fragilidad de la libertad de prensa y la necesidad urgente de garant\u00edas para el ejercicio period\u00edstico en el Per\u00fa. Los agentes de seguridad y los civiles tambi\u00e9n han estado involucrados en un n\u00famero significativo de ataques, con 170 y 297 incidentes, respectivamente.<\/div>\n<div dir=\"auto\">Autoridades locales, como gobernadores regionales, alcaldes y tambi\u00e9n congresistas figuran en la lista de agresores. De los 217 ataques perpetrados por funcionarios p\u00fablicos, 39 (18%) provienen del Congreso, evidenciando que la violencia contra la prensa no solo se limita al Ejecutivo, sino que tambi\u00e9n involucra al Legislativo. Encontramos desde proyectos de ley que buscan limitar el trabajo de la prensa, hasta agresiones verbales como las protagonizadas por los congresistas Jorge Luis Flores Ancachi o Darwin Espinoza Vargas, de Podemos Per\u00fa y Acci\u00f3n Popular respectivamente. Flores Ancachi no tuvo reparos en utilizar palabras soeces en contra del reportero Eduardo Quispe de Cuarto Poder como respuesta a sus consultas por el caso \u2018Los Ni\u00f1os\u2019. Mientras que, Espinoza, al contactarse con \u00e9l un periodista de Ojo P\u00fablico para pedirle sus descargos como parte de un reportaje, respondi\u00f3: \u201csaquen lo que mierda quieran\u201d.<\/div>\n<div dir=\"auto\">Otros funcionarios que figuran con varios ataques son el alcalde de Lima, Rafael L\u00f3pez Aliaga o el de Miraflores, Carlos Canales, ambos pertenecientes a Renovaci\u00f3n Popular.<\/div>\n<div dir=\"auto\">Si bien la amenaza es el ataque m\u00e1s com\u00fan, las agresiones f\u00edsicas y verbales representan el 30% de incidentes, con 222 ocurrencias registradas en los dos a\u00f1os de gesti\u00f3n de la presidenta, sobre todo en protestas sociales en su contra.<\/div>\n<div dir=\"auto\">Esta cifra refleja un a\u00f1o de creciente violencia contra periodistas, especialmente en un contexto de polarizaci\u00f3n pol\u00edtica en el pa\u00eds. En paralelo, los bloqueos al acceso a la informaci\u00f3n se han convertido en otra forma de censura, con 128 ataques (de los cuales 64 ocurrieron en 2024), limitando la capacidad de los periodistas para obtener datos relevantes para sus reportajes, viniendo desde fuentes oficiales como el Ministerio de Defensa y en una abierta vulneraci\u00f3n a lo prescrito en la Ley de Transparencia y Acceso a la Informaci\u00f3n P\u00fablica.<\/div>\n<div dir=\"auto\">Los medios digitales han sido los m\u00e1s hostilizados, con 327 ataques, lo que representa casi la mitad de los incidentes totales. Los medios televisivos y radiales tambi\u00e9n sufren, pero con menos incidencia: 197 y 117 ataques, respectivamente. Esto confirma una tendencia donde los medios de comunicaci\u00f3n digitales, se convierten en los blancos m\u00e1s frecuentes.<\/div>\n<div dir=\"auto\">La violencia contra las mujeres periodistas es un tema clave. De los 740 ataques, 161 han sido dirigidos a mujeres, lo que equivale al 21% del total. Este dato subraya que, aunque los ataques a la prensa afectan por igual a hombres y mujeres, las periodistas enfrentan una agresi\u00f3n diferenciada que puede estar vinculada a estigmatizaci\u00f3n o amenazas adicionales relacionadas con su g\u00e9nero, como el acoso sufrido por cinco reporteras por Hialmar Laynes S\u00e1nchez, quien por m\u00e1s de un a\u00f1o ejerci\u00f3 sistem\u00e1ticamente constantes actos de acoso sexual, intimidaci\u00f3n y amenazas, ante inacci\u00f3n de autoridades. Ahora, el agresor est\u00e1 pr\u00f3fugo y el Ministerio del Interior no ha podido atraparlo, pese a promesas.<\/div>\n<div dir=\"auto\">Los hombres, por su parte, han sufrido 387 ataques, siendo los m\u00e1s afectados por las agresiones f\u00edsicas y las amenazas. Los medios tambi\u00e9n sufren ataques, pero en menor medida (192 incidentes), lo que indica que la violencia institucionalizada tambi\u00e9n afecta la libertad de los medios en general.<\/div>\n<div dir=\"auto\">Libertad de prensa sin protecci\u00f3n<\/div>\n<div dir=\"auto\">Con un total de 740 ataques en dos a\u00f1os, la agresi\u00f3n a periodistas se ha convertido en un problema sist\u00e9mico, donde el hostigamiento, las amenazas y las agresiones f\u00edsicas son la norma, registrando en promedio un caso diario. La implicaci\u00f3n de funcionarios p\u00fablicos y agentes de seguridad en la mayor\u00eda de estos genera una preocupaci\u00f3n alarmante sobre el respeto a la libertad de prensa y la protecci\u00f3n de los derechos humanos en el pa\u00eds.<\/div>\n<div dir=\"auto\">Que entre diciembre del 2022 y diciembre del 2024 las cifras de ataques a periodistas y medios haya incrementado de forma tan considerable evidencia que la gesti\u00f3n de Dina Boluarte incumple el mandato de la CIDH de asegurar un entorno seguro para el ejercicio period\u00edstico y confirma una hostilidad creciente del Poder Ejecutivo, Legislativo y otros contra la prensa.<\/div>\n<div dir=\"auto\">2024 top\u00a0<a href=\"https:\/\/www.auxwatch.com\/\">replica watches UK<\/a>\u00a0are in stock. You can possess best fake watches with less money.<\/div>\n<div dir=\"auto\">Our\u00a0<a href=\"https:\/\/www.peteswatches.co.uk\/category\/omega\">Replica Omega<\/a>\u00a0watches bring you the high standards of quality and excellence at an affordable price. Check the catalog for the best replica Omega watches.<\/div>\n<div dir=\"auto\">AAA High Quality Luxury Replica Rolex Watches Online Sale At\u00a0<a href=\"https:\/\/datejustreplica.com\">rolex datejust replica<\/a>.<\/div>\n<\/div>\n<\/div>\n<\/div>\n<\/div>\n<\/div>\n<\/div>\n","protected":false},"excerpt":{"rendered":"<p>ASOCIACI\u00d3N NACIONAL DE PERIODISTAS DEL PERU (ANP).\u00b7 * ANP, denuncia 740 ataques a la prensa en dos a\u00f1os de gesti\u00f3n de Dina Boluarte Entre el 7 de diciembre de 2022 -fecha en que inici\u00f3 la gesti\u00f3n de Dina Boluarte- y el 7 de diciembre de 2024, la prensa peruana ha enfrentado un total de 740 &hellip;<\/p>\n","protected":false},"author":1,"featured_media":131039,"comment_status":"open","ping_status":"open","sticky":false,"template":"","format":"standard","meta":{"footnotes":""},"categories":[61,56,39,40,63,44],"tags":[],"class_list":["post-131038","post","type-post","status-publish","format-standard","has-post-thumbnail","","category-arequipa","category-finance","category-stock-market","category-nacionales","category-puno","category-global-trade"],"_links":{"self":[{"href":"https:\/\/laregionsur.com\/index.php?rest_route=\/wp\/v2\/posts\/131038","targetHints":{"allow":["GET"]}}],"collection":[{"href":"https:\/\/laregionsur.com\/index.php?rest_route=\/wp\/v2\/posts"}],"about":[{"href":"https:\/\/laregionsur.com\/index.php?rest_route=\/wp\/v2\/types\/post"}],"author":[{"embeddable":true,"href":"https:\/\/laregionsur.com\/index.php?rest_route=\/wp\/v2\/users\/1"}],"replies":[{"embeddable":true,"href":"https:\/\/laregionsur.com\/index.php?rest_route=%2Fwp%2Fv2%2Fcomments&post=131038"}],"version-history":[{"count":0,"href":"https:\/\/laregionsur.com\/index.php?rest_route=\/wp\/v2\/posts\/131038\/revisions"}],"wp:featuredmedia":[{"embeddable":true,"href":"https:\/\/laregionsur.com\/index.php?rest_route=\/"}],"wp:attachment":[{"href":"https:\/\/laregionsur.com\/index.php?rest_route=%2Fwp%2Fv2%2Fmedia&parent=131038"}],"wp:term":[{"taxonomy":"category","embeddable":true,"href":"https:\/\/laregionsur.com\/index.php?rest_route=%2Fwp%2Fv2%2Fcategories&post=131038"},{"taxonomy":"post_tag","embeddable":true,"href":"https:\/\/laregionsur.com\/index.php?rest_route=%2Fwp%2Fv2%2Ftags&post=131038"}],"curies":[{"name":"wp","href":"https:\/\/api.w.org\/{rel}","templated":true}]}}