{"id":130677,"date":"2024-08-09T15:51:32","date_gmt":"2024-08-09T15:51:32","guid":{"rendered":"https:\/\/laregionsur.com\/?p=130677"},"modified":"2024-08-09T15:51:32","modified_gmt":"2024-08-09T15:51:32","slug":"la-mineria-como-palanca-de-desarrollo","status":"publish","type":"post","link":"https:\/\/laregionsur.com\/?p=130677","title":{"rendered":"LA MINER\u00cdA COMO PALANCA DE DESARROLLO"},"content":{"rendered":"<p>LA MINER\u00cdA COMO PALANCA DE DESARROLLO<\/p>\n<p>&nbsp;<\/p>\n<p>Por Enrique Lazo Flores<\/p>\n<p>Peri\u00f3dico Digital La Regi\u00f3n Sur, 09-08-24.- Muchos podr\u00e1n decir que la miner\u00eda no es la principal actividad que genera beneficios econ\u00f3micos al pa\u00eds, o que es una actividad a la que no se debe tomar en cuenta \u00a0en el desarrollo y progreso de la gran mayor\u00eda de poblaciones, esto es, desde el punto de vista \u201cmiope\u201d de muchos pol\u00edticos que est\u00e1n detr\u00e1s de esta actividad solo para utilizarlo como mecanismos electoreros, m\u00e1s a\u00fan, en \u00e9pocas de campa\u00f1as electorales, como la que estamos entrando en este a\u00f1o, utilizando discursos que llevan un mensaje falso y distorsionado de la propia realidad.<\/p>\n<p>Esta narrativa de estos pol\u00edticos, no aportan en nada a que el pa\u00eds salga de la crisis econ\u00f3mica, social, m\u00e1s que laboral, cultural, confundiendo a la poblaci\u00f3n en general, evitando que en base al trabajo que genera la miner\u00eda, busque mejorar su calidad de vida, factores que no les interesa a los pol\u00edticos que solo buscan \u201cllevar agua para su molino\u201d, vieja frase acu\u00f1ado por ellos mismos, para ser protagonistas de grandes movilizaciones como la que estamos viendo en algunas regiones del pa\u00eds, en momentos en que algunos proyectos mineros que \u201cdorm\u00edan el sue\u00f1o de los justos\u201d, como T\u00eda Mar\u00eda, han recibido el respaldo de muchos sectores empezando por el ejecutivo, a trav\u00e9s de sus ministros y de la misma presidente Dina Boluarte.<\/p>\n<p>Habr\u00eda que ser demasiado ciegos para no ver los resultados que ha generado la miner\u00eda especialmente en el sur del pa\u00eds, donde se percibe y se siente en el d\u00eda a d\u00eda que la actividad de los poderes del estado con desaciertos y decisiones jalados de los cabellos en su momento, se opon\u00edan a que sean estos proyectos tomados en cuenta en cuantas cumbres mineras que se hicieron, lo que ha generado por fin que avancen por el camino correcto y se enrumben al objetivo que se tiene, la cual es ayudar al gobierno a cerrar brechas en la comunidad.<\/p>\n<p>Pese a la crisis econ\u00f3mica nos dej\u00f3 la pandemia que hasta este momento no se puede resarcir, crisis que atraviesa el pa\u00eds a\u00fan, cuando las arcas a\u00fan est\u00e1n llenas de dinero, vemos que en \u00a0los poderes del estado se inventan bonos por doquier y se crean necesidades en sus despachos, dizque para que sus trabajos sean \u00f3ptimos en beneficio del pueblo, esto solo reflejan que hay dinero para esos menesteres, pero cuando se trata de ver proyectos de desarrollo de la poblaci\u00f3n, saltan las observaciones y quieren m\u00e1s impuestos, sin tomar en cuenta que los que se tiene en las arcas, son producto de la miner\u00eda, que llegan al pueblo bajo mecanismos de Obras por Impuestos y otros programas sociales que el gobierno no los puede hacer.<\/p>\n<p>Miles de ciudadanos de a pie, que\u00a0 fueron despedidos de su centros laborales por la pandemia, pasaron a ser ambulantes sin ninguna clase de protecci\u00f3n, alumnos de estudios superiores que dejaron de estudiar para ayudar en el hogar solventando los gastos, tienen que vivir el d\u00eda a d\u00eda, llevando un dinero a la casa y as\u00ed sobre vivir, a esta crisis agobiante que se No ve, desde una curul en el congreso o, desde palacio de gobierno, donde para algunos ministros en el Peru \u00a0No Hay Hambre y que se Come de manera Contundente.<\/p>\n<p>Contrario a ello, los padres de la patria viven preocupados de lo que no solo el pueblo tributa sino, de las grandes empresas generadores de tributos como la miner\u00eda, se van directo a sus bolsillos y no se preocupan que los proyectos como T\u00eda Mar\u00eda pueden generar impacto de casi 1.8 puntos del PBI. Sumados a ello, no consideran que en el Per\u00fa hay una cartera minera con 46 proyectos que representan una inversi\u00f3n de US$53,130 millones, seg\u00fan informaci\u00f3n del Ministerio de Energ\u00eda y Minas, en esta cartera hay operaciones como Conga en Cajamarca y T\u00eda Mar\u00eda en Arequipa.<\/p>\n<p>En cuanto a generaci\u00f3n de empleo, son aproximadamente de 9 a 10,000 puestos los que se crear\u00edan durante la etapa de construcci\u00f3n en T\u00eda Mar\u00eda, si tenemos en cuenta que por cada puesto de trabajo directo que se crea, se genera ocho puesto de trabajo indirectos, los beneficios de este proyecto para el pa\u00eds, es que habr\u00e1 m\u00e1s impuestos, m\u00e1s empleo y m\u00e1s recursos, por lo tanto el camino a que salga adelante este proyecto, ser\u00e1 el esfuerzo conjunto y el respaldo de las autoridades locales, regionales y sobre todo de las autoridades del gobierno central, porque ser\u00eda incre\u00edble que no se mire a la miner\u00eda como el verdadero motor del desarrollo y la palanca para salir de la pobreza.<\/p>\n","protected":false},"excerpt":{"rendered":"<p>LA MINER\u00cdA COMO PALANCA DE DESARROLLO &nbsp; Por Enrique Lazo Flores Peri\u00f3dico Digital La Regi\u00f3n Sur, 09-08-24.- Muchos podr\u00e1n decir que la miner\u00eda no es la principal actividad que genera beneficios econ\u00f3micos al pa\u00eds, o que es una actividad a la que no se debe tomar en cuenta \u00a0en el desarrollo y progreso de la &hellip;<\/p>\n","protected":false},"author":1,"featured_media":130678,"comment_status":"open","ping_status":"open","sticky":false,"template":"","format":"standard","meta":{"footnotes":""},"categories":[61,38,39,40,44],"tags":[],"class_list":["post-130677","post","type-post","status-publish","format-standard","has-post-thumbnail","","category-arequipa","category-editorial","category-stock-market","category-nacionales","category-global-trade"],"_links":{"self":[{"href":"https:\/\/laregionsur.com\/index.php?rest_route=\/wp\/v2\/posts\/130677","targetHints":{"allow":["GET"]}}],"collection":[{"href":"https:\/\/laregionsur.com\/index.php?rest_route=\/wp\/v2\/posts"}],"about":[{"href":"https:\/\/laregionsur.com\/index.php?rest_route=\/wp\/v2\/types\/post"}],"author":[{"embeddable":true,"href":"https:\/\/laregionsur.com\/index.php?rest_route=\/wp\/v2\/users\/1"}],"replies":[{"embeddable":true,"href":"https:\/\/laregionsur.com\/index.php?rest_route=%2Fwp%2Fv2%2Fcomments&post=130677"}],"version-history":[{"count":0,"href":"https:\/\/laregionsur.com\/index.php?rest_route=\/wp\/v2\/posts\/130677\/revisions"}],"wp:featuredmedia":[{"embeddable":true,"href":"https:\/\/laregionsur.com\/index.php?rest_route=\/"}],"wp:attachment":[{"href":"https:\/\/laregionsur.com\/index.php?rest_route=%2Fwp%2Fv2%2Fmedia&parent=130677"}],"wp:term":[{"taxonomy":"category","embeddable":true,"href":"https:\/\/laregionsur.com\/index.php?rest_route=%2Fwp%2Fv2%2Fcategories&post=130677"},{"taxonomy":"post_tag","embeddable":true,"href":"https:\/\/laregionsur.com\/index.php?rest_route=%2Fwp%2Fv2%2Ftags&post=130677"}],"curies":[{"name":"wp","href":"https:\/\/api.w.org\/{rel}","templated":true}]}}