{"id":130554,"date":"2024-06-30T23:19:37","date_gmt":"2024-06-30T23:19:37","guid":{"rendered":"https:\/\/laregionsur.com\/?p=130554"},"modified":"2024-06-30T23:19:37","modified_gmt":"2024-06-30T23:19:37","slug":"southern-reiniciara-desarrollo-de-tia-maria-desde-lunes-1-de-julio","status":"publish","type":"post","link":"https:\/\/laregionsur.com\/?p=130554","title":{"rendered":"Southern reiniciar\u00e1 desarrollo de  T\u00eda Mar\u00eda desde lunes 1 de julio"},"content":{"rendered":"<p>Southern reiniciar\u00e1 desarrollo de<\/p>\n<p>T\u00eda Mar\u00eda desde lunes 1 de julio<\/p>\n<p>&nbsp;<\/p>\n<ul>\n<li>La minera en reiteradas ocasiones ha aseverado que ser\u00e1 su prioridad contratar \u201cmano de obra local para cubrir los 9,000 puestos de trabajo que esperamos generar durante la construcci\u00f3n de T\u00eda Mar\u00eda\u201d.<\/li>\n<\/ul>\n<p>La Regi\u00f3n Sur, 30-06-24.- Southern Per\u00fa, seg\u00fan un memorando interno, anuncia que reiniciar\u00e1 las actividades de desarrollo de su proyecto de cobre T\u00eda Mar\u00eda (Arequipa) este lunes 1 de julio \u201cestando dadas las condiciones sociales y pol\u00edticas en la provincia de Islay, la regi\u00f3n y a nivel nacional\u201d. El presupuesto de capital estimado para el proyecto es de US$1,400 millones. \u201cDeber\u00e1 evaluarse la condici\u00f3n de los equipos almacenados y la vigencia de los estudios de ingenier\u00eda y otros intangibles\u201d, se precisa en el documento firmado por Oscar Gonzalez Rocha, su presidente ejecutivo.<\/p>\n<p>T\u00eda Mar\u00eda utilizar\u00e1 tecnolog\u00eda LESDE de \u00faltima generaci\u00f3n para producir 120,000 toneladas de c\u00e1todos de cobre LESDE por a\u00f1o, explic\u00f3 la empresa en un reciente comunicado de producci\u00f3n trimestral. La minera en reiteradas ocasiones ha aseverado que ser\u00e1 su prioridad contratar \u201cmano de obra local para cubrir los 9,000 puestos de trabajo que esperamos generar durante la construcci\u00f3n de T\u00eda Mar\u00eda\u201d. La minera de Grupo M\u00e9xico indica que ha venido trabajando \u201cconsistentemente\u201d para promover \u201cel bienestar de la poblaci\u00f3n de la provincia de Islay\u201d. Como parte de estos esfuerzos, han implementado exitosos programas sociales en educaci\u00f3n, cuidado de la salud y desarrollo productivo para mejorar la calidad de vida en la regi\u00f3n. \u201cTambi\u00e9n hemos promovido actividades agr\u00edcolas y ganaderas en el valle de Tambo y apoyado el crecimiento en manufactura, pesca y turismo en Islay\u201d, dijo la empresa en otra ocasi\u00f3n.<\/p>\n<p>Southern Peru Copper Corporation tiene previsto invertir US48,500 millones en el Per\u00fa en sus proyectos mineros T\u00eda Mar\u00eda, Ampliaci\u00f3n de la fundici\u00f3n de Ilo, Los Chancas, Michiquillay y la expansi\u00f3n de Cuajone.\u00a0 Anteriormente, Ra\u00fal Jacob, vicepresidente de Finanzas de la compa\u00f1\u00eda, tambi\u00e9n revel\u00f3 que en los pr\u00f3ximos 8 a 10 a\u00f1os Southern espera incrementar su producci\u00f3n en 520 mil toneladas de cobre. Actualmente, producen alrededor de 350 mil toneladas en el pa\u00eds. Con respecto a T\u00eda Mar\u00eda, Jacob confirm\u00f3 que ya se encuentran listos para iniciar su construcci\u00f3n. \u201cHemos trabajado muy duro para avanzar en temas sociales. La compa\u00f1\u00eda ha conseguido buenos resultados y estamos viendo en el clima cierta tranquilidad con que desarrollemos nuestras actividades. Apuntamos a que [T\u00eda Mar\u00eda] entre a operar en el 2027 y seguimos avanzando para iniciar la construcci\u00f3n. Son 120 mil toneladas de cobre al a\u00f1o que aportar\u00e1 T\u00eda Mar\u00eda. Posiblemente, esta cifra se va a reajustar cuando se empiece a construir\u201d, a\u00f1adi\u00f3.<\/p>\n<p>Para el titular del Ministerio de Energ\u00eda y Minas (Minem), R\u00f3mulo Mucho, T\u00eda Mar\u00eda, en Arequipa, es \u201cun proyecto que tiene todo, pero por aspectos ideol\u00f3gicos no avanza\u201d. Seg\u00fan sus declaraciones de mayo, \u201cun grupo se opone radicalmente\u201d y que por informaci\u00f3n que ha llegado a sus manos, \u201cla gente del valle [de Tambo] acept\u00f3 el proyecto. La gente que est\u00e1 en contra no es del lugar, son de las ONG\u201d. El gobernador regional de Arequipa, Rohel S\u00e1nchez S\u00e1nchez, asegur\u00f3 que est\u00e1n \u201cmuy comprometidos\u201d en impulsar todos los sectores econ\u00f3micos en Arequipa, como T\u00eda Mar\u00eda, proyecto de cobre de la minera Southern Per\u00fa. \u201cHasta donde sabemos, tiene todas las autorizaciones. Ya es un tema de la empresa privada que en armon\u00eda con la poblaci\u00f3n pueda definir el inicio de sus operaciones. Nosotros como Gobierno Regional no tenemos competencia, lo tiene el Ejecutivo nacional\u201d, declar\u00f3 hace poco en RPP. Fuente, medios digitales<\/p>\n","protected":false},"excerpt":{"rendered":"<p>Southern reiniciar\u00e1 desarrollo de T\u00eda Mar\u00eda desde lunes 1 de julio &nbsp; La minera en reiteradas ocasiones ha aseverado que ser\u00e1 su prioridad contratar \u201cmano de obra local para cubrir los 9,000 puestos de trabajo que esperamos generar durante la construcci\u00f3n de T\u00eda Mar\u00eda\u201d. La Regi\u00f3n Sur, 30-06-24.- Southern Per\u00fa, seg\u00fan un memorando interno, anuncia &hellip;<\/p>\n","protected":false},"author":1,"featured_media":130555,"comment_status":"open","ping_status":"open","sticky":false,"template":"","format":"standard","meta":{"footnotes":""},"categories":[61,56,39,40],"tags":[],"class_list":["post-130554","post","type-post","status-publish","format-standard","has-post-thumbnail","","category-arequipa","category-finance","category-stock-market","category-nacionales"],"_links":{"self":[{"href":"https:\/\/laregionsur.com\/index.php?rest_route=\/wp\/v2\/posts\/130554","targetHints":{"allow":["GET"]}}],"collection":[{"href":"https:\/\/laregionsur.com\/index.php?rest_route=\/wp\/v2\/posts"}],"about":[{"href":"https:\/\/laregionsur.com\/index.php?rest_route=\/wp\/v2\/types\/post"}],"author":[{"embeddable":true,"href":"https:\/\/laregionsur.com\/index.php?rest_route=\/wp\/v2\/users\/1"}],"replies":[{"embeddable":true,"href":"https:\/\/laregionsur.com\/index.php?rest_route=%2Fwp%2Fv2%2Fcomments&post=130554"}],"version-history":[{"count":0,"href":"https:\/\/laregionsur.com\/index.php?rest_route=\/wp\/v2\/posts\/130554\/revisions"}],"wp:featuredmedia":[{"embeddable":true,"href":"https:\/\/laregionsur.com\/index.php?rest_route=\/"}],"wp:attachment":[{"href":"https:\/\/laregionsur.com\/index.php?rest_route=%2Fwp%2Fv2%2Fmedia&parent=130554"}],"wp:term":[{"taxonomy":"category","embeddable":true,"href":"https:\/\/laregionsur.com\/index.php?rest_route=%2Fwp%2Fv2%2Fcategories&post=130554"},{"taxonomy":"post_tag","embeddable":true,"href":"https:\/\/laregionsur.com\/index.php?rest_route=%2Fwp%2Fv2%2Ftags&post=130554"}],"curies":[{"name":"wp","href":"https:\/\/api.w.org\/{rel}","templated":true}]}}