{"id":130481,"date":"2024-06-21T19:53:35","date_gmt":"2024-06-21T19:53:35","guid":{"rendered":"https:\/\/laregionsur.com\/?p=130481"},"modified":"2024-06-21T19:53:35","modified_gmt":"2024-06-21T19:53:35","slug":"fiscalia-de-ilo-logra-cadena-perpetua-para-mototaxista","status":"publish","type":"post","link":"https:\/\/laregionsur.com\/?p=130481","title":{"rendered":"FISCAL\u00cdA DE ILO LOGRA CADENA PERPETUA PARA MOTOTAXISTA"},"content":{"rendered":"<p>FISCAL\u00cdA DE ILO LOGRA CADENA PERPETUA PARA MOTOTAXISTA<\/p>\n<p>* Por el delito de violaci\u00f3n sexual de menor<\/p>\n<p>Peri\u00f3dico Digital La Regi\u00f3n Sur, Ilo, 21 de junio del 2024.- El Tercer Despacho de la Fiscal\u00eda Provincial Penal Corporativa de Ilo obtuvo la pena de cadena perpetua contra Jos\u00e9 Luis Cabrera Flores de 39 a\u00f1os, luego que se demostr\u00f3 su responsabilidad penal en el juicio oral que se le sigui\u00f3 por el delito de violaci\u00f3n sexual de menor de 14 a\u00f1os, ante el Juzgado Colegiado Supraprovincial de Ilo. La sustentaci\u00f3n y acreditaci\u00f3n de la acusaci\u00f3n en el juicio oral estuvo a cargo del fiscal, Luis Concha Valdivia, Fiscal Adjunto del Tercer Despacho de la Fiscal\u00eda Corporativa Penal de Ilo.<\/p>\n<p>Seg\u00fan las investigaciones, Cabrera Flores, accedi\u00f3 carnalmente a la menor en varias oportunidades cuando ella ten\u00eda 13 a\u00f1os en el domicilio de la menor donde el imputado acud\u00eda porque visitaba a su hijo que tuvo con la hermana mayor de la menor agraviada. Asimismo, conforme se ha acreditado en juicio, se estableci\u00f3 que la narraci\u00f3n de la menor presenta coherencia, persistencia, verosimilitud y correspondencia con los hechos imputados, por el cual se conden\u00f3 al ciudadano Jos\u00e9 Luis Cabrera Flores como autor del delito contra la indemnidad sexual en la modalidad de Violaci\u00f3n Sexual de Menor de 14 a\u00f1os imponiendo la pena de cadena perpetua y el pago de una reparaci\u00f3n civil de 5 mil soles a favor de la agraviada.<\/p>\n<p>Las pruebas, pericias, testimonios, la transcripci\u00f3n de la entrevista \u00fanica y otros reunidos por el fiscal a cargo del caso fueron determinantes para que se aplique la dr\u00e1stica pena.<\/p>\n<p>&nbsp;<\/p>\n","protected":false},"excerpt":{"rendered":"<p>FISCAL\u00cdA DE ILO LOGRA CADENA PERPETUA PARA MOTOTAXISTA * Por el delito de violaci\u00f3n sexual de menor Peri\u00f3dico Digital La Regi\u00f3n Sur, Ilo, 21 de junio del 2024.- El Tercer Despacho de la Fiscal\u00eda Provincial Penal Corporativa de Ilo obtuvo la pena de cadena perpetua contra Jos\u00e9 Luis Cabrera Flores de 39 a\u00f1os, luego que &hellip;<\/p>\n","protected":false},"author":1,"featured_media":130482,"comment_status":"open","ping_status":"open","sticky":false,"template":"","format":"standard","meta":{"footnotes":""},"categories":[56,39],"tags":[],"class_list":["post-130481","post","type-post","status-publish","format-standard","has-post-thumbnail","","category-finance","category-stock-market"],"_links":{"self":[{"href":"https:\/\/laregionsur.com\/index.php?rest_route=\/wp\/v2\/posts\/130481","targetHints":{"allow":["GET"]}}],"collection":[{"href":"https:\/\/laregionsur.com\/index.php?rest_route=\/wp\/v2\/posts"}],"about":[{"href":"https:\/\/laregionsur.com\/index.php?rest_route=\/wp\/v2\/types\/post"}],"author":[{"embeddable":true,"href":"https:\/\/laregionsur.com\/index.php?rest_route=\/wp\/v2\/users\/1"}],"replies":[{"embeddable":true,"href":"https:\/\/laregionsur.com\/index.php?rest_route=%2Fwp%2Fv2%2Fcomments&post=130481"}],"version-history":[{"count":0,"href":"https:\/\/laregionsur.com\/index.php?rest_route=\/wp\/v2\/posts\/130481\/revisions"}],"wp:featuredmedia":[{"embeddable":true,"href":"https:\/\/laregionsur.com\/index.php?rest_route=\/"}],"wp:attachment":[{"href":"https:\/\/laregionsur.com\/index.php?rest_route=%2Fwp%2Fv2%2Fmedia&parent=130481"}],"wp:term":[{"taxonomy":"category","embeddable":true,"href":"https:\/\/laregionsur.com\/index.php?rest_route=%2Fwp%2Fv2%2Fcategories&post=130481"},{"taxonomy":"post_tag","embeddable":true,"href":"https:\/\/laregionsur.com\/index.php?rest_route=%2Fwp%2Fv2%2Ftags&post=130481"}],"curies":[{"name":"wp","href":"https:\/\/api.w.org\/{rel}","templated":true}]}}