{"id":130463,"date":"2024-06-20T21:55:40","date_gmt":"2024-06-20T21:55:40","guid":{"rendered":"https:\/\/laregionsur.com\/?p=130463"},"modified":"2024-06-20T21:55:40","modified_gmt":"2024-06-20T21:55:40","slug":"gore-moquegua-expondra-en-foro-potencialidades-de-la-zona-portuaria-de-ilo-apuntando-al-desarrollo-en-la-macrosur","status":"publish","type":"post","link":"https:\/\/laregionsur.com\/?p=130463","title":{"rendered":"GORE MOQUEGUA EXPONDR\u00c1 EN FORO POTENCIALIDADES DE LA ZONA PORTUARIA DE ILO APUNTANDO AL DESARROLLO EN LA MACROSUR"},"content":{"rendered":"<p>GORE MOQUEGUA EXPONDR\u00c1 EN FORO POTENCIALIDADES DE LA ZONA PORTUARIA DE ILO APUNTANDO AL DESARROLLO EN LA MACROSUR<\/p>\n<p>* Se sustentar\u00e1 a empresarios y ejecutivo nacional la ubicaci\u00f3n estrat\u00e9gica del puerto de Ilo para la propuesta del mega puerto de Gentilares \u2013 Ilo.<\/p>\n<p>Peri\u00f3dico\u00a0 Digital La Regi\u00f3n Sur, 20-06-24.-\u00a0 Gracias a las acciones de gesti\u00f3n de la gobernadora Gilia Guti\u00e9rrez Ayala, como parte de su pol\u00edtica de impulsar el desarrollo regional, la Agencia de Promoci\u00f3n de la Inversi\u00f3n Privada \u2013 PROINVERSION, realizar\u00e1 el foro: \u201cOportunidades de Inversi\u00f3n del Terminal Portuario de Ilo: Desarrollo Clave para el Potencial de la Regi\u00f3n Moquegua\u201d, previsto para este viernes 21 de junio desde las 8:30 am en la ciudad de Lima.<\/p>\n<p>El equipo t\u00e9cnico del Gore Moquegua y el Comit\u00e9 T\u00e9cnico de Desarrollo Portuario, expondr\u00e1n las potencialidades del terminal portuario existente con proyecci\u00f3n a un desarrollo portuario m\u00e1s integral, como es el gran terminal portuario de la macro regi\u00f3n sur del sector Gentilares.<\/p>\n<p>Se sustentar\u00e1 a empresarios y representantes del ejecutivo nacional, la ubicaci\u00f3n estrat\u00e9gica del puerto de Ilo hacia los inversionistas donde contamos con los servicios y todas las condiciones econ\u00f3micas y sobre todo la voluntad pol\u00edtica en atraer inversionistas para el desarrollo de la Macro Sur. Para ello, presentar\u00e1n las grandes l\u00edneas de orientaci\u00f3n del sector basado en estrategias de desarrollo.<\/p>\n<p>Como, la construcci\u00f3n del Espig\u00f3n Rompeolas y Obras de Mejoramiento del Puerto de ENAPU \u2013 ILO\u201d, donde gracias a gestiones de la autoridad regional se logr\u00f3 que la empresa Southern Peru, APN y ENAPU aprueben su ejecuci\u00f3n desde el nivel de perfil, expediente t\u00e9cnico, ejecuci\u00f3n de obra y supervisi\u00f3n, que permitir\u00e1 crear las condiciones para la apertura del Puerto a carga de Brasil, Bolivia y otros pa\u00edses que est\u00e9n en la ruta.<\/p>\n<p>Adem\u00e1s, se expondr\u00e1 la construcci\u00f3n del Nuevo Terminal Portuario de Ilo, que ser\u00e1 desarrollado en la zona de Gentilares, definida por los Estudios de Consultor\u00eda contratados por el MTC como la alternativa \u00f3ptima en t\u00e9rminos de seguridad, econom\u00eda, nivel de construcci\u00f3n y aspectos socio \u2013 ambientales. Gentilares, permitir\u00e1 satisfacer los requerimientos de infraestructura y equipamiento portuario futuro y otras actividades vinculadas a la carga, el cual generar\u00e1 un importante movimiento econ\u00f3mico y la generaci\u00f3n de empleo directo e indirecto.<\/p>\n<p>El evento, contar\u00e1 con la participaci\u00f3n de empresas nacionales e internacionales, operadores portuarios y log\u00edsticos, y representantes de la banca y entidades exportadoras. Se buscar\u00e1 motivar a los inversionistas y operadores a evaluar la presentaci\u00f3n de una iniciativa privada para ser incorporada al portafolio de Asociaciones P\u00fablico-Privadas promovidas por PROINVERSI\u00d3N.<\/p>\n<p>Se contar\u00e1 con Jos\u00e9 Antonio Salardi Rodr\u00edguez, director ejecutivo de PROINVERSI\u00d3N, Juan Carlos Paz C\u00e1rdenas, presidente del directorio de la Autoridad Portuaria Nacional, Ra\u00fal P\u00e9rez Reyes, ministro de Transportes y Comunicaciones, Jorge Samuel Coayla Ju\u00e1rez, Congresista de la Rep\u00fablica, entre otras personalidades.<\/p>\n<p><img loading=\"lazy\" decoding=\"async\" class=\"alignnone size-medium wp-image-130465\" src=\"https:\/\/laregionsur.com\/wp-content\/uploads\/2024\/06\/GOR-1-1-300x200.jpg\" alt=\"\" width=\"300\" height=\"200\" \/><\/p>\n","protected":false},"excerpt":{"rendered":"<p>GORE MOQUEGUA EXPONDR\u00c1 EN FORO POTENCIALIDADES DE LA ZONA PORTUARIA DE ILO APUNTANDO AL DESARROLLO EN LA MACROSUR * Se sustentar\u00e1 a empresarios y ejecutivo nacional la ubicaci\u00f3n estrat\u00e9gica del puerto de Ilo para la propuesta del mega puerto de Gentilares \u2013 Ilo. Peri\u00f3dico\u00a0 Digital La Regi\u00f3n Sur, 20-06-24.-\u00a0 Gracias a las acciones de gesti\u00f3n &hellip;<\/p>\n","protected":false},"author":1,"featured_media":130464,"comment_status":"open","ping_status":"open","sticky":false,"template":"","format":"standard","meta":{"footnotes":""},"categories":[61,56,39],"tags":[],"class_list":["post-130463","post","type-post","status-publish","format-standard","has-post-thumbnail","","category-arequipa","category-finance","category-stock-market"],"_links":{"self":[{"href":"https:\/\/laregionsur.com\/index.php?rest_route=\/wp\/v2\/posts\/130463","targetHints":{"allow":["GET"]}}],"collection":[{"href":"https:\/\/laregionsur.com\/index.php?rest_route=\/wp\/v2\/posts"}],"about":[{"href":"https:\/\/laregionsur.com\/index.php?rest_route=\/wp\/v2\/types\/post"}],"author":[{"embeddable":true,"href":"https:\/\/laregionsur.com\/index.php?rest_route=\/wp\/v2\/users\/1"}],"replies":[{"embeddable":true,"href":"https:\/\/laregionsur.com\/index.php?rest_route=%2Fwp%2Fv2%2Fcomments&post=130463"}],"version-history":[{"count":0,"href":"https:\/\/laregionsur.com\/index.php?rest_route=\/wp\/v2\/posts\/130463\/revisions"}],"wp:featuredmedia":[{"embeddable":true,"href":"https:\/\/laregionsur.com\/index.php?rest_route=\/"}],"wp:attachment":[{"href":"https:\/\/laregionsur.com\/index.php?rest_route=%2Fwp%2Fv2%2Fmedia&parent=130463"}],"wp:term":[{"taxonomy":"category","embeddable":true,"href":"https:\/\/laregionsur.com\/index.php?rest_route=%2Fwp%2Fv2%2Fcategories&post=130463"},{"taxonomy":"post_tag","embeddable":true,"href":"https:\/\/laregionsur.com\/index.php?rest_route=%2Fwp%2Fv2%2Ftags&post=130463"}],"curies":[{"name":"wp","href":"https:\/\/api.w.org\/{rel}","templated":true}]}}