{"id":130421,"date":"2024-06-13T02:19:05","date_gmt":"2024-06-13T02:19:05","guid":{"rendered":"https:\/\/laregionsur.com\/?p=130421"},"modified":"2024-06-13T02:19:05","modified_gmt":"2024-06-13T02:19:05","slug":"el-54-aniversario-de-ilo-fue-una-muestra-que-spcc-apuesta-por-la-cultura","status":"publish","type":"post","link":"https:\/\/laregionsur.com\/?p=130421","title":{"rendered":"EL 54\u00b0 ANIVERSARIO DE ILO FUE UNA  MUESTRA QUE SPCC APUESTA POR LA CULTURA"},"content":{"rendered":"<p>EL 54\u00b0 ANIVERSARIO DE ILO FUE UNA<\/p>\n<p>MUESTRA QUE SPCC APUESTA POR LA CULTURA<\/p>\n<ul>\n<li>Cerca de 3000 personas presenciaron el show de Sinfon\u00eda por el Per\u00fa y Mauricio Mesones<\/li>\n<\/ul>\n<p>Peri\u00f3dico Digital La Regi\u00f3n Sur.- Sin duda que las actividades culturales que se present\u00f3 en el marco del 54 aniversario de la provincia de Ilo, por parte de la empresa minera Southern Per\u00fa, fue una muestra que marc\u00f3 la diferencia entre las diversas actividades propias del aniversario, porque la organizaci\u00f3n de la \u00abNoche de Gala\u00bb, un concierto cultural de alto nivel, congreg\u00f3 alrededor de 3000 asistentes que abarrotaron el moderno y emblem\u00e1tico Malec\u00f3n Costero de la ciudad Ilo. Este evento se destac\u00f3 no solo por su gran concurrencia, sino tambi\u00e9n por la calidad de las presentaciones art\u00edsticas que deleitaron a la audiencia.<\/p>\n<p>La celebraci\u00f3n cont\u00f3 con la destacada participaci\u00f3n del Coro Juvenil Sur de Sinfon\u00eda por el Per\u00fa, compuesto por 43 talentosos ni\u00f1os y j\u00f3venes de los n\u00facleos de Tacna, Arequipa y Moquegua. Interpretaron un variado repertorio de ocho canciones, entre las cuales se destac\u00f3 \u00abIlo, Tesoro del Per\u00fa\u00bb de Eduardo Tasayco, una emotiva composici\u00f3n dedicada al querido puerto de Ilo. Gracias a la alianza con Southern Per\u00fa, estos j\u00f3venes m\u00fasicos continuar\u00e1n desarroll\u00e1ndose y creciendo musicalmente, reforzando su talento y compromiso con la cultura y la m\u00fasica. El momento cumbre de la noche fue la presentaci\u00f3n de Mauricio Mesones, destacado cantante y exintegrante de la banda Bareto, quien con su carisma y energ\u00eda puso a bailar a todos los presentes con sus\u00a0 interpretaciones de m\u00fasica tropical y cumbia peruana. El artista peruano abarc\u00f3 todo el escenario con un show de luces y pantallas vibrantes, logrando conectar con el p\u00fablico ile\u00f1o durante todo el concierto. El autor de \u201cLa Cumbia del Amor\u201d hizo vibrar los corazones de la poblaci\u00f3n.<\/p>\n<p>La \u00abNoche de Gala de Southern Per\u00fa\u00bb no solo fue un evento art\u00edstico de primer nivel, sino tambi\u00e9n una muestra del compromiso de la empresa con la promoci\u00f3n de la cultura y el entretenimiento en la provincia. La empresa continuar\u00e1 trabajando en iniciativas que fortalezcan los lazos con la comunidad, promoviendo el arte como herramientas para la cohesi\u00f3n social y el progreso.<\/p>\n<p><strong>MAURICIO<\/strong><\/p>\n<p>\u201cSiempre quise volver al puerto de Ilo, gracias a Southern Per\u00fa y la Municipalidad de Ilo por hacerlo posible\u201d.<\/p>\n<p><strong>TALENTO PURO<\/strong><\/p>\n<p>El continuo desarrollo musical de los j\u00f3venes talentos de Sinfon\u00eda por el Per\u00fa forma parte del compromiso cultural de Southern Per\u00fa.<\/p>\n<p><img loading=\"lazy\" decoding=\"async\" class=\"alignnone size-medium wp-image-130423\" src=\"https:\/\/laregionsur.com\/wp-content\/uploads\/2024\/06\/LA-5-300x201.jpg\" alt=\"\" width=\"300\" height=\"201\" \/> <img loading=\"lazy\" decoding=\"async\" class=\"alignnone size-medium wp-image-130424\" src=\"https:\/\/laregionsur.com\/wp-content\/uploads\/2024\/06\/LA-4-300x199.jpg\" alt=\"\" width=\"300\" height=\"199\" \/> <img loading=\"lazy\" decoding=\"async\" class=\"alignnone size-medium wp-image-130425\" src=\"https:\/\/laregionsur.com\/wp-content\/uploads\/2024\/06\/LA-3-300x199.jpg\" alt=\"\" width=\"300\" height=\"199\" \/> <img loading=\"lazy\" decoding=\"async\" class=\"alignnone size-medium wp-image-130426\" src=\"https:\/\/laregionsur.com\/wp-content\/uploads\/2024\/06\/LA-2-300x201.jpg\" alt=\"\" width=\"300\" height=\"201\" \/> <img loading=\"lazy\" decoding=\"async\" class=\"alignnone size-medium wp-image-130427\" src=\"https:\/\/laregionsur.com\/wp-content\/uploads\/2024\/06\/LA-1-1-300x201.jpg\" alt=\"\" width=\"300\" height=\"201\" \/><\/p>\n","protected":false},"excerpt":{"rendered":"<p>EL 54\u00b0 ANIVERSARIO DE ILO FUE UNA MUESTRA QUE SPCC APUESTA POR LA CULTURA Cerca de 3000 personas presenciaron el show de Sinfon\u00eda por el Per\u00fa y Mauricio Mesones Peri\u00f3dico Digital La Regi\u00f3n Sur.- Sin duda que las actividades culturales que se present\u00f3 en el marco del 54 aniversario de la provincia de Ilo, por &hellip;<\/p>\n","protected":false},"author":1,"featured_media":130422,"comment_status":"open","ping_status":"open","sticky":false,"template":"","format":"standard","meta":{"footnotes":""},"categories":[61,56,39,44],"tags":[],"class_list":["post-130421","post","type-post","status-publish","format-standard","has-post-thumbnail","","category-arequipa","category-finance","category-stock-market","category-global-trade"],"_links":{"self":[{"href":"https:\/\/laregionsur.com\/index.php?rest_route=\/wp\/v2\/posts\/130421","targetHints":{"allow":["GET"]}}],"collection":[{"href":"https:\/\/laregionsur.com\/index.php?rest_route=\/wp\/v2\/posts"}],"about":[{"href":"https:\/\/laregionsur.com\/index.php?rest_route=\/wp\/v2\/types\/post"}],"author":[{"embeddable":true,"href":"https:\/\/laregionsur.com\/index.php?rest_route=\/wp\/v2\/users\/1"}],"replies":[{"embeddable":true,"href":"https:\/\/laregionsur.com\/index.php?rest_route=%2Fwp%2Fv2%2Fcomments&post=130421"}],"version-history":[{"count":0,"href":"https:\/\/laregionsur.com\/index.php?rest_route=\/wp\/v2\/posts\/130421\/revisions"}],"wp:featuredmedia":[{"embeddable":true,"href":"https:\/\/laregionsur.com\/index.php?rest_route=\/"}],"wp:attachment":[{"href":"https:\/\/laregionsur.com\/index.php?rest_route=%2Fwp%2Fv2%2Fmedia&parent=130421"}],"wp:term":[{"taxonomy":"category","embeddable":true,"href":"https:\/\/laregionsur.com\/index.php?rest_route=%2Fwp%2Fv2%2Fcategories&post=130421"},{"taxonomy":"post_tag","embeddable":true,"href":"https:\/\/laregionsur.com\/index.php?rest_route=%2Fwp%2Fv2%2Ftags&post=130421"}],"curies":[{"name":"wp","href":"https:\/\/api.w.org\/{rel}","templated":true}]}}