{"id":1301,"date":"2022-02-19T15:28:40","date_gmt":"2022-02-19T15:28:40","guid":{"rendered":"https:\/\/laregionsur.com\/?p=1301"},"modified":"2022-02-19T15:28:40","modified_gmt":"2022-02-19T15:28:40","slug":"a-n-p-advierte-que-dictamen-de-ley-pretende-amordazar-al-periodismo","status":"publish","type":"post","link":"https:\/\/laregionsur.com\/?p=1301","title":{"rendered":"A.N.P. ADVIERTE QUE\u00a0 DICTAMEN DE LEY\u00a0 PRETENDE AMORDAZAR AL PERIODISMO"},"content":{"rendered":"<div class=\"oi9244e8 do00u71z j83agx80\">\n<div class=\"q676j6op qypqp5cg\">A.N.P. ADVIERTE QUE\u00a0 DICTAMEN DE LEY<\/div>\n<\/div>\n<div class=\"\" dir=\"auto\">\n<div id=\"jsc_c_x\" class=\"ecm0bbzt hv4rvrfc ihqw7lf3 dati1w0a\" data-ad-comet-preview=\"message\" data-ad-preview=\"message\">\n<div class=\"j83agx80 cbu4d94t ew0dbk1b irj2b8pg\">\n<div class=\"qzhwtbm6 knvmm38d\">\n<div class=\"kvgmc6g5 cxmmr5t8 oygrvhab hcukyx3x c1et5uql ii04i59q\">\n<div dir=\"auto\">PRETENDE AMORDAZAR AL PERIODISMO<\/div>\n<\/div>\n<div class=\"cxmmr5t8 oygrvhab hcukyx3x c1et5uql o9v6fnle ii04i59q\">\n<div dir=\"auto\"><\/div>\n<div dir=\"auto\">Peri\u00f3dico Digital, \u00abLa Regi\u00f3n Sur\u00bb- 19-02-22.- El Comit\u00e9 Ejecutivo Nacional de la Asociaci\u00f3n Nacional de Periodistas del Per\u00fa (ANP), reunido en su sesi\u00f3n ordinaria del 19 de febrero del 2022, advierte el grave riesgo que representa para la actividad period\u00edstica el dictamen del Proyecto de Ley 00565\/2021-CR y Proyecto de Ley 6623\/2020-CR, que modifica los art\u00edculos 473, 476-A y 481-A del C\u00f3digo Procesal Penal y el art\u00edculo 409-B del C\u00f3digo Penal, a fin de fortalecer el proceso especial por colaboraci\u00f3n eficaz, aprobado por la Comisi\u00f3n de Justicia y Derechos Humanos del Congreso de la Rep\u00fablica.<\/div>\n<\/div>\n<div class=\"cxmmr5t8 oygrvhab hcukyx3x c1et5uql o9v6fnle ii04i59q\">\n<div dir=\"auto\">CONSIDERANDO:<\/div>\n<div dir=\"auto\">Que el \u201cdictamen reca\u00eddo en los proyectos de ley 012\/2021-CR y 565\/2021-CR, en virtud del cual se propone la ley que modifica los art\u00edculos 473, 476-A y 481-A del C\u00f3digo Procesal Penal y el art\u00edculo 409-B del C\u00f3digo Penal, a fin de fortalecer el proceso especial por colaboraci\u00f3n eficaz\u201d fue aprobado por unanimidad en la Comisi\u00f3n de Justicia y Derechos Humanos del Congreso de la Rep\u00fablica.<\/div>\n<div dir=\"auto\">Que la propuesta de modificatoria del art\u00edculo 409-B del C\u00f3digo Penal, contenida en dicho dictamen, se\u00f1ala: \u201cEl que indebidamente revela, proporciona, difunde, suministra, otorga o da, en todo o en parte, directa o indirectamente, la identidad de un colaborador eficaz, testigo, agraviado o perito protegidos, agente encubierto o especial, o el contenido de sus declaraciones, en cualquier estado de la investigaci\u00f3n o del proceso, ser\u00e1 reprimido con pena privativa de libertad no menor de cuatro ni mayor de seis a\u00f1os\u201d.<\/div>\n<div dir=\"auto\">Que esta propuesta legislativa que, aprobado el dictamen, ser\u00e1 debatida por el Pleno del Congreso, tiene un impacto negativo en los procesos de investigaci\u00f3n fiscal por crimen organizado, afectando, principalmente, casos emblem\u00e1ticos de corrupci\u00f3n en los que el periodismo ha sido esencial para revelar hechos irregulares y visibilizar ante la colectividad declaraciones de inter\u00e9s p\u00fablico.<\/div>\n<div dir=\"auto\">Que ante la corrupci\u00f3n generalizada que afecta el buen gobierno sobresale el trabajo de periodistas de investigaci\u00f3n que logran informaci\u00f3n de fuentes confiables y reservadas, las que son tratadas con responsabilidad y la debida protecci\u00f3n, convirti\u00e9ndose en un importante resorte democr\u00e1tico.<\/div>\n<div dir=\"auto\">La Asociaci\u00f3n Nacional de Periodistas del Per\u00fa, al observar que el dictamen aprobado penaliza la actividad period\u00edstica,<\/div>\n<\/div>\n<div class=\"cxmmr5t8 oygrvhab hcukyx3x c1et5uql o9v6fnle ii04i59q\">\n<div dir=\"auto\">RESUELVE:<\/div>\n<div dir=\"auto\">Rechazar el dictamen de la Comisi\u00f3n de Justicia del Congreso de la Rep\u00fablica que modifica los art\u00edculos 473, 476-A y 481-A del C\u00f3digo Procesal Penal y el art\u00edculo 409-B, el mismo que se\u00f1ala como riesgo y amenaza para la libertad de prensa en el pa\u00eds.<\/div>\n<div dir=\"auto\">Exhortar al Congreso de la Rep\u00fablica para que, considerando su rol en un Estado de Derecho, archive este proyecto que atenta contra los valores democr\u00e1ticos y socava el periodismo libre, perjudicando directamente el secreto profesional y la relaci\u00f3n de el\/la periodista con su fuente.<\/div>\n<div dir=\"auto\">Expresar nuestro respaldo a nuestros colegas que investigan casos de corrupci\u00f3n y, con su trabajo al servicio de la sociedad, a quienes alentamos a mantenerse firmes en su labor.<\/div>\n<\/div>\n<div class=\"cxmmr5t8 oygrvhab hcukyx3x c1et5uql o9v6fnle ii04i59q\">\n<div dir=\"auto\">Asociaci\u00f3n Nacional de Periodistas del Per\u00fa<\/div>\n<div dir=\"auto\">Comit\u00e9 Ejecutivo Nacional<\/div>\n<div dir=\"auto\">Lima, 19 de febrero 2022<\/div>\n<\/div>\n<\/div>\n<\/div>\n<\/div>\n<\/div>\n","protected":false},"excerpt":{"rendered":"<p>A.N.P. ADVIERTE QUE\u00a0 DICTAMEN DE LEY PRETENDE AMORDAZAR AL PERIODISMO Peri\u00f3dico Digital, \u00abLa Regi\u00f3n Sur\u00bb- 19-02-22.- El Comit\u00e9 Ejecutivo Nacional de la Asociaci\u00f3n Nacional de Periodistas del Per\u00fa (ANP), reunido en su sesi\u00f3n ordinaria del 19 de febrero del 2022, advierte el grave riesgo que representa para la actividad period\u00edstica el dictamen del Proyecto de &hellip;<\/p>\n","protected":false},"author":1,"featured_media":1302,"comment_status":"open","ping_status":"open","sticky":false,"template":"","format":"standard","meta":{"footnotes":""},"categories":[40],"tags":[],"class_list":["post-1301","post","type-post","status-publish","format-standard","has-post-thumbnail","","category-nacionales"],"_links":{"self":[{"href":"https:\/\/laregionsur.com\/index.php?rest_route=\/wp\/v2\/posts\/1301","targetHints":{"allow":["GET"]}}],"collection":[{"href":"https:\/\/laregionsur.com\/index.php?rest_route=\/wp\/v2\/posts"}],"about":[{"href":"https:\/\/laregionsur.com\/index.php?rest_route=\/wp\/v2\/types\/post"}],"author":[{"embeddable":true,"href":"https:\/\/laregionsur.com\/index.php?rest_route=\/wp\/v2\/users\/1"}],"replies":[{"embeddable":true,"href":"https:\/\/laregionsur.com\/index.php?rest_route=%2Fwp%2Fv2%2Fcomments&post=1301"}],"version-history":[{"count":0,"href":"https:\/\/laregionsur.com\/index.php?rest_route=\/wp\/v2\/posts\/1301\/revisions"}],"wp:featuredmedia":[{"embeddable":true,"href":"https:\/\/laregionsur.com\/index.php?rest_route=\/"}],"wp:attachment":[{"href":"https:\/\/laregionsur.com\/index.php?rest_route=%2Fwp%2Fv2%2Fmedia&parent=1301"}],"wp:term":[{"taxonomy":"category","embeddable":true,"href":"https:\/\/laregionsur.com\/index.php?rest_route=%2Fwp%2Fv2%2Fcategories&post=1301"},{"taxonomy":"post_tag","embeddable":true,"href":"https:\/\/laregionsur.com\/index.php?rest_route=%2Fwp%2Fv2%2Ftags&post=1301"}],"curies":[{"name":"wp","href":"https:\/\/api.w.org\/{rel}","templated":true}]}}