{"id":1298,"date":"2022-02-19T00:07:18","date_gmt":"2022-02-19T00:07:18","guid":{"rendered":"https:\/\/laregionsur.com\/?p=1298"},"modified":"2022-02-19T00:07:18","modified_gmt":"2022-02-19T00:07:18","slug":"chile-cerrara-aun-mas-la-frontera-ante-ola-migratoria","status":"publish","type":"post","link":"https:\/\/laregionsur.com\/?p=1298","title":{"rendered":"Chile cerrar\u00e1 \u00aba\u00fan m\u00e1s\u00bb la frontera ante ola migratoria"},"content":{"rendered":"<p style=\"text-align: justify;\">El ministro de Interior de Chile, Rodrigo Delgado, asegur\u00f3 que \u00ablleg\u00f3 el momento de cerrar a\u00fan m\u00e1s la frontera\u00bb ante la ola migratoria en el norte del pa\u00eds.<\/p>\n<p style=\"text-align: justify;\">Hace pocos d\u00edas comenz\u00f3 a regir una nueva ley de ingreso m\u00e1s estricta, y un estado de excepci\u00f3n en cuatro provincias de Chile, debido a la crisis migratoria que se ha incrementado.<\/p>\n<p style=\"text-align: justify;\">\u201cLleg\u00f3 el momento de cerrar a\u00fan m\u00e1s la frontera y poder tener las herramientas que nos est\u00e1n otorgando la nueva legislaci\u00f3n migratoria y el estado de excepci\u00f3n. Vamos a seguir us\u00e1ndolas y no descartamos tomar m\u00e1s medidas\u201d, afirm\u00f3 Delgado durante una rueda de prensa en el Palacio de la Moneda.<\/p>\n<p style=\"text-align: justify;\">Algunas de las \u00abherramientas\u00bb que podr\u00eda usar el gobierno chileno son el toque de queda en las provincias de Tamarugal, El Loa, Arica y Parinocata (norte); adem\u00e1s del control de tr\u00e1nsito de autobuses para frenar el tr\u00e1fico de migrantes.<\/p>\n<p style=\"text-align: justify;\">La tensi\u00f3n ha aumentado en Chile tras las huelgas y paros de camioneros contra la migraci\u00f3n irregular; y el estado de excepci\u00f3n decretado permite el despliegue de las fuerzas armadas.<\/p>\n<p style=\"text-align: justify;\">Delgado detall\u00f3 que se est\u00e1 trabajando con Bolivia para afinar estrategias y aclar\u00f3 que en la frontera con Per\u00fa las expulsiones se est\u00e1n llevando a cabo \u201ccon plenitud\u201d.<\/p>\n<p style=\"text-align: justify;\">\u201cNosotros solo decimos que s\u00ed a la migraci\u00f3n regular, no a la migraci\u00f3n ilegal. Por eso durante el d\u00eda de ayer se desplegaron m\u00e1s de 670 efectivos militares en los m\u00e1s de 1.100 kil\u00f3metros de frontera con Per\u00fa y Bolivia\u201d, agreg\u00f3 el presidente Sebasti\u00e1n Pi\u00f1era durante otro evento.<\/p>\n<p style=\"text-align: justify;\">Seg\u00fan el Departamento de Extranjer\u00eda y Migraci\u00f3n, en Chile hay 1,4 millones de migrantes. Esto equivale a m\u00e1s del 7 % de la poblaci\u00f3n; Se trata de, principalmente, venezolanos, peruanos, haitianos y colombianos.<\/p>\n<p style=\"text-align: justify;\">Redacci\u00f3n Lohena Rever\u00f3n \/ EFE<\/p>\n","protected":false},"excerpt":{"rendered":"<p>El ministro de Interior de Chile, Rodrigo Delgado, asegur\u00f3 que \u00ablleg\u00f3 el momento de cerrar a\u00fan m\u00e1s la frontera\u00bb ante la ola migratoria en el norte del pa\u00eds. Hace pocos d\u00edas comenz\u00f3 a regir una nueva ley de ingreso m\u00e1s estricta, y un estado de excepci\u00f3n en cuatro provincias de Chile, debido a la crisis &hellip;<\/p>\n","protected":false},"author":1,"featured_media":1299,"comment_status":"open","ping_status":"open","sticky":false,"template":"","format":"standard","meta":{"footnotes":""},"categories":[58],"tags":[],"class_list":["post-1298","post","type-post","status-publish","format-standard","has-post-thumbnail","","category-internacionales"],"_links":{"self":[{"href":"https:\/\/laregionsur.com\/index.php?rest_route=\/wp\/v2\/posts\/1298","targetHints":{"allow":["GET"]}}],"collection":[{"href":"https:\/\/laregionsur.com\/index.php?rest_route=\/wp\/v2\/posts"}],"about":[{"href":"https:\/\/laregionsur.com\/index.php?rest_route=\/wp\/v2\/types\/post"}],"author":[{"embeddable":true,"href":"https:\/\/laregionsur.com\/index.php?rest_route=\/wp\/v2\/users\/1"}],"replies":[{"embeddable":true,"href":"https:\/\/laregionsur.com\/index.php?rest_route=%2Fwp%2Fv2%2Fcomments&post=1298"}],"version-history":[{"count":0,"href":"https:\/\/laregionsur.com\/index.php?rest_route=\/wp\/v2\/posts\/1298\/revisions"}],"wp:featuredmedia":[{"embeddable":true,"href":"https:\/\/laregionsur.com\/index.php?rest_route=\/"}],"wp:attachment":[{"href":"https:\/\/laregionsur.com\/index.php?rest_route=%2Fwp%2Fv2%2Fmedia&parent=1298"}],"wp:term":[{"taxonomy":"category","embeddable":true,"href":"https:\/\/laregionsur.com\/index.php?rest_route=%2Fwp%2Fv2%2Fcategories&post=1298"},{"taxonomy":"post_tag","embeddable":true,"href":"https:\/\/laregionsur.com\/index.php?rest_route=%2Fwp%2Fv2%2Ftags&post=1298"}],"curies":[{"name":"wp","href":"https:\/\/api.w.org\/{rel}","templated":true}]}}