{"id":129749,"date":"2024-02-29T12:36:44","date_gmt":"2024-02-29T12:36:44","guid":{"rendered":"https:\/\/laregionsur.com\/?p=129749"},"modified":"2024-02-29T12:36:44","modified_gmt":"2024-02-29T12:36:44","slug":"exitoso-programa-de-vacaciones-utiles-de-la-mpi-clausuro-la-etapa-academica","status":"publish","type":"post","link":"https:\/\/laregionsur.com\/?p=129749","title":{"rendered":"EXITOSO PROGRAMA DE VACACIONES \u00daTILES  DE LA MPI CLAUSUR\u00d3 LA ETAPA ACADEMICA"},"content":{"rendered":"<p>EXITOSO PROGRAMA DE VACACIONES \u00daTILES<\/p>\n<p>DE LA MPI CLAUSUR\u00d3 LA ETAPA ACADEMICA<\/p>\n<p>&nbsp;<\/p>\n<p>Peri\u00f3dico Digital La Regi\u00f3n Sur 29 febrero-2024.- Ayer, en las instalaciones de la Municipalidad Provincial de Ilo con la participaci\u00f3n del alcalde Humberto Tapia Garay, el Gerente de Desarrollo Social Econ\u00f3mico y Turismo Ingeniero Oscar Ugarte Manchego, la Sub Gerente de Desarrollo Social, Licenciada Elizabeth Barrios, y una masiva asistencia de padres de familia y alumnos se llev\u00f3 a cabo la clausura del programa Vacaciones Utiles 2024.<\/p>\n<p>&nbsp;<\/p>\n<p>A su turno el alcalde felicit\u00f3 a los alumnos sobre todo a los padres de familia el haber participado de este exitoso programa de Vacaciones Utiles que ha permitido ampliar el conocimiento de m\u00e1s de 885 alumnos que participaron en los talleres educativos y deportivos, con profesores de reconocida calidad, quienes volcaron sus conocimientos a los alumnos quienes aprovecharon para ampliar sus conocimientos sobre todo en los talleres de pintura y dibujo.<\/p>\n<p>&nbsp;<\/p>\n<p>Por su parte la Sub Gerente de Desarrollo Social Licenciada Elizabeth \u00a0ha se\u00f1alado que todo este trabajo es producto de una planificaci\u00f3n en equipo, se ha trabajado con profesores de nivel y buenos profesionales que supieron dar una ense\u00f1anza de calidad a todos los alumnos en todas los talleres que se ense\u00f1aron, ojal\u00e1 que para el pr\u00f3ximo a\u00f1o se aumente m\u00e1s talleres y m\u00e1s deportes, agreg\u00f3.<\/p>\n<p><img loading=\"lazy\" decoding=\"async\" class=\"alignnone size-medium wp-image-129751\" src=\"https:\/\/laregionsur.com\/wp-content\/uploads\/2024\/02\/N-6-300x169.jpg\" alt=\"\" width=\"300\" height=\"169\" \/> <img loading=\"lazy\" decoding=\"async\" class=\"alignnone size-medium wp-image-129752\" src=\"https:\/\/laregionsur.com\/wp-content\/uploads\/2024\/02\/N-5-1-300x169.jpg\" alt=\"\" width=\"300\" height=\"169\" \/> <img loading=\"lazy\" decoding=\"async\" class=\"alignnone size-medium wp-image-129753\" src=\"https:\/\/laregionsur.com\/wp-content\/uploads\/2024\/02\/N-4-300x169.jpg\" alt=\"\" width=\"300\" height=\"169\" \/> <img loading=\"lazy\" decoding=\"async\" class=\"alignnone size-medium wp-image-129754\" src=\"https:\/\/laregionsur.com\/wp-content\/uploads\/2024\/02\/N-3-300x169.jpg\" alt=\"\" width=\"300\" height=\"169\" \/> <img loading=\"lazy\" decoding=\"async\" class=\"alignnone size-medium wp-image-129755\" src=\"https:\/\/laregionsur.com\/wp-content\/uploads\/2024\/02\/N-2-300x169.jpg\" alt=\"\" width=\"300\" height=\"169\" \/> <img loading=\"lazy\" decoding=\"async\" class=\"alignnone size-medium wp-image-129756\" src=\"https:\/\/laregionsur.com\/wp-content\/uploads\/2024\/02\/N-1-300x169.jpg\" alt=\"\" width=\"300\" height=\"169\" \/><\/p>\n","protected":false},"excerpt":{"rendered":"<p>EXITOSO PROGRAMA DE VACACIONES \u00daTILES DE LA MPI CLAUSUR\u00d3 LA ETAPA ACADEMICA &nbsp; Peri\u00f3dico Digital La Regi\u00f3n Sur 29 febrero-2024.- Ayer, en las instalaciones de la Municipalidad Provincial de Ilo con la participaci\u00f3n del alcalde Humberto Tapia Garay, el Gerente de Desarrollo Social Econ\u00f3mico y Turismo Ingeniero Oscar Ugarte Manchego, la Sub Gerente de Desarrollo &hellip;<\/p>\n","protected":false},"author":1,"featured_media":129750,"comment_status":"open","ping_status":"open","sticky":false,"template":"","format":"standard","meta":{"footnotes":""},"categories":[56,39],"tags":[],"class_list":["post-129749","post","type-post","status-publish","format-standard","has-post-thumbnail","","category-finance","category-stock-market"],"_links":{"self":[{"href":"https:\/\/laregionsur.com\/index.php?rest_route=\/wp\/v2\/posts\/129749","targetHints":{"allow":["GET"]}}],"collection":[{"href":"https:\/\/laregionsur.com\/index.php?rest_route=\/wp\/v2\/posts"}],"about":[{"href":"https:\/\/laregionsur.com\/index.php?rest_route=\/wp\/v2\/types\/post"}],"author":[{"embeddable":true,"href":"https:\/\/laregionsur.com\/index.php?rest_route=\/wp\/v2\/users\/1"}],"replies":[{"embeddable":true,"href":"https:\/\/laregionsur.com\/index.php?rest_route=%2Fwp%2Fv2%2Fcomments&post=129749"}],"version-history":[{"count":0,"href":"https:\/\/laregionsur.com\/index.php?rest_route=\/wp\/v2\/posts\/129749\/revisions"}],"wp:featuredmedia":[{"embeddable":true,"href":"https:\/\/laregionsur.com\/index.php?rest_route=\/"}],"wp:attachment":[{"href":"https:\/\/laregionsur.com\/index.php?rest_route=%2Fwp%2Fv2%2Fmedia&parent=129749"}],"wp:term":[{"taxonomy":"category","embeddable":true,"href":"https:\/\/laregionsur.com\/index.php?rest_route=%2Fwp%2Fv2%2Fcategories&post=129749"},{"taxonomy":"post_tag","embeddable":true,"href":"https:\/\/laregionsur.com\/index.php?rest_route=%2Fwp%2Fv2%2Ftags&post=129749"}],"curies":[{"name":"wp","href":"https:\/\/api.w.org\/{rel}","templated":true}]}}