{"id":129439,"date":"2024-02-06T22:11:49","date_gmt":"2024-02-06T22:11:49","guid":{"rendered":"https:\/\/laregionsur.com\/?p=129439"},"modified":"2024-02-06T22:11:49","modified_gmt":"2024-02-06T22:11:49","slug":"sebastian-pineira-fallecio-esta-tarde-en-un-accidente-de-helicoptero-en-lago-ranco-chile","status":"publish","type":"post","link":"https:\/\/laregionsur.com\/?p=129439","title":{"rendered":"Sebasti\u00e1n Pi\u00f1era falleci\u00f3 esta tarde en un accidente de helic\u00f3ptero en Lago Ranco, Chile"},"content":{"rendered":"<p class=\"story-contents__font-paragraph \" data-mrf-recirculation=\"Enlaces P\u00e1rrafos\"><b>El expresidente Sebasti\u00e1n Pi\u00f1era <\/b><b>falleci\u00f3 esta tarde en un accidente de helic\u00f3ptero en Lago Ranco, Chile<br \/>\n<\/b><\/p>\n<div class=\"content_gpt_caja3\">\n<div id=\"gestion_caja3\" align=\"center\" data-ads-name=\"\/28253241\/gestion\/web\/post\/mundo\/caja3\" data-ads-dimensions-m=\"[[300, 100], [320, 50], [300, 50], [320, 100], [300, 250]]\" data-bloque=\"3\" data-prebid-enabled=\"true\" data-freestar-ad=\"__300x250\"><\/div>\n<\/div>\n<p class=\"story-contents__font-paragraph \" data-mrf-recirculation=\"Enlaces P\u00e1rrafos\">Peri\u00f3dico Digital la Regi\u00f3n Sur, 06 febrero 2024.-\u00a0 Fuentes del gobierno confirman que en la aeronave viajaban cuatro personas, tres de ellas fueron encontradas por equipos de emergencia. <b>La Armada <\/b>lleg\u00f3 hasta el lugar donde cay\u00f3 el helic\u00f3ptero, el cual por las condiciones climatol\u00f3gicas se habr\u00eda hundido unos 40 metros.<\/p>\n<p class=\"story-contents__font-paragraph \" data-mrf-recirculation=\"Enlaces P\u00e1rrafos\">El hecho se produjo en el sector Ilie y habr\u00eda ocurrido aproximadamente a las 3 de la tarde, hora chilena. De acuerdo a informaci\u00f3n preliminar, el exmandatario viajaba de regreso tras visitar a su amigo, el empresario Jos\u00e9 Cox. Al lugar acudieron personal de emergencia, la<b> Armada, Bomberos, Carabineros y el Samu.<\/b><\/p>\n<p class=\"story-contents__font-paragraph \" data-mrf-recirculation=\"Enlaces P\u00e1rrafos\">Seg\u00fan fuentes internacionales, dentro del helic\u00f3ptero iban a bordo Magdalena Pi\u00f1era (hermana del ex presidente), el empresario Ignacio Guerrero y su hijo. Adem\u00e1s, fuentes de la Armada detallaron que el helic\u00f3ptero era pilotado por el ex jefe de Estado, quien no logr\u00f3 sacarse el cintur\u00f3n.<\/p>\n<p class=\"story-contents__font-paragraph \" data-mrf-recirculation=\"Enlaces P\u00e1rrafos\"><b>Pi\u00f1era, fue dos veces presidente de Chile del 2010 al2014, y del\u00a0 2018 al 2022<\/b>, ten\u00eda una casa en el Lago Rango y se encontraba de vacaciones, en Chile.<\/p>\n<div class=\"bbc-19j92fr ebmt73l0\" dir=\"ltr\">\n<p class=\"bbc-hhl7in e17g058b0\" dir=\"ltr\">El Servicio Nacional de Prevenci\u00f3n y Respuesta ante Desastres emiti\u00f3 un comunicado con el reporte del accidente, detallando que a eso de las <b>15:00 hora local<\/b> se report\u00f3 \u00abla ca\u00edda de una aeronave de tipo helic\u00f3ptero en el sector de Ilihue de la comuna de lago Ranco; preliminarmente se registra tres lesionados y un fallecido\u00bb.<\/p>\n<\/div>\n<div class=\"bbc-19j92fr ebmt73l0\" dir=\"ltr\">\n<p class=\"bbc-hhl7in e17g058b0\" dir=\"ltr\">Cuando las autoridades llegaron al lugar, la nave estaba sumergida a 40 metros de profundidad.<\/p>\n<\/div>\n<div class=\"bbc-19j92fr ebmt73l0\" dir=\"ltr\">\n<p class=\"bbc-hhl7in e17g058b0\" dir=\"ltr\">El cuerpo de Pi\u00f1era fue rescatado por un equipo de buzos y transportado en una lancha de la Armada.<\/p>\n<\/div>\n<div class=\"bbc-19j92fr ebmt73l0\" dir=\"ltr\">\n<p class=\"bbc-hhl7in e17g058b0\" dir=\"ltr\"><b>La noticia de la muerte del expresidente Sebasti\u00e1n Pi\u00f1era en un accidente a\u00e9reo ocurrido este martes conmocion\u00f3 a Chile. <\/b><\/p>\n<\/div>\n<div class=\"bbc-19j92fr ebmt73l0\" dir=\"ltr\">\n<p class=\"bbc-hhl7in e17g058b0\" dir=\"ltr\">El ex mandatario del pa\u00eds <b>viajaba junto a otras tres personas<\/b> en un helic\u00f3ptero que se accident\u00f3 en el lago Ranco, en la comuna de Futrono, regi\u00f3n de Los R\u00edos, ubicada en el sur del pa\u00eds.<\/p>\n<\/div>\n<div class=\"bbc-19j92fr ebmt73l0\" dir=\"ltr\">\n<p class=\"bbc-hhl7in e17g058b0\" dir=\"ltr\">La ministra del Interior y Seguridad P\u00fablica de Chile, Carolina Toh\u00e1, <b>confirm\u00f3 el siniestro<\/b> e inform\u00f3 que el tambi\u00e9n empresario tendr\u00e1 un funeral de Estado.<\/p>\n<\/div>\n<div class=\"bbc-19j92fr ebmt73l0\" dir=\"ltr\">\n<p class=\"bbc-hhl7in e17g058b0\" dir=\"ltr\">Adem\u00e1s, el gobierno decret\u00f3 un duelo nacional por su fallecimiento. Fuente: Con informaci\u00f3n de Gestion y medios.<\/p>\n<\/div>\n","protected":false},"excerpt":{"rendered":"<p>El expresidente Sebasti\u00e1n Pi\u00f1era falleci\u00f3 esta tarde en un accidente de helic\u00f3ptero en Lago Ranco, Chile Peri\u00f3dico Digital la Regi\u00f3n Sur, 06 febrero 2024.-\u00a0 Fuentes del gobierno confirman que en la aeronave viajaban cuatro personas, tres de ellas fueron encontradas por equipos de emergencia. La Armada lleg\u00f3 hasta el lugar donde cay\u00f3 el helic\u00f3ptero, el &hellip;<\/p>\n","protected":false},"author":1,"featured_media":129440,"comment_status":"open","ping_status":"open","sticky":false,"template":"","format":"standard","meta":{"footnotes":""},"categories":[56,58,39,40],"tags":[],"class_list":["post-129439","post","type-post","status-publish","format-standard","has-post-thumbnail","","category-finance","category-internacionales","category-stock-market","category-nacionales"],"_links":{"self":[{"href":"https:\/\/laregionsur.com\/index.php?rest_route=\/wp\/v2\/posts\/129439","targetHints":{"allow":["GET"]}}],"collection":[{"href":"https:\/\/laregionsur.com\/index.php?rest_route=\/wp\/v2\/posts"}],"about":[{"href":"https:\/\/laregionsur.com\/index.php?rest_route=\/wp\/v2\/types\/post"}],"author":[{"embeddable":true,"href":"https:\/\/laregionsur.com\/index.php?rest_route=\/wp\/v2\/users\/1"}],"replies":[{"embeddable":true,"href":"https:\/\/laregionsur.com\/index.php?rest_route=%2Fwp%2Fv2%2Fcomments&post=129439"}],"version-history":[{"count":0,"href":"https:\/\/laregionsur.com\/index.php?rest_route=\/wp\/v2\/posts\/129439\/revisions"}],"wp:featuredmedia":[{"embeddable":true,"href":"https:\/\/laregionsur.com\/index.php?rest_route=\/"}],"wp:attachment":[{"href":"https:\/\/laregionsur.com\/index.php?rest_route=%2Fwp%2Fv2%2Fmedia&parent=129439"}],"wp:term":[{"taxonomy":"category","embeddable":true,"href":"https:\/\/laregionsur.com\/index.php?rest_route=%2Fwp%2Fv2%2Fcategories&post=129439"},{"taxonomy":"post_tag","embeddable":true,"href":"https:\/\/laregionsur.com\/index.php?rest_route=%2Fwp%2Fv2%2Ftags&post=129439"}],"curies":[{"name":"wp","href":"https:\/\/api.w.org\/{rel}","templated":true}]}}