{"id":129200,"date":"2023-12-21T22:54:14","date_gmt":"2023-12-21T22:54:14","guid":{"rendered":"https:\/\/laregionsur.com\/?p=129200"},"modified":"2023-12-21T22:54:14","modified_gmt":"2023-12-21T22:54:14","slug":"perpg-realiza-implementacion-rapida-del-plan-de-contingencia-frente-a-derrame-de-combustible","status":"publish","type":"post","link":"https:\/\/laregionsur.com\/?p=129200","title":{"rendered":"PERPG realiza implementaci\u00f3n r\u00e1pida del Plan de Contingencia frente a derrame de combustible"},"content":{"rendered":"<p>Proyecto Especial Regional Pasto Grande realiza implementaci\u00f3n r\u00e1pida del Plan de Contingencia frente a derrame de combustible<br \/>\n&#8211; Brigada de Emergencia instal\u00f3 barreras absorbentes en la quebrada Camilata con el fin de proteger las aguas del Canal Pasto Grande.<\/p>\n<p>Peri\u00f3dico Digital La Regi\u00f3n Sur, Moquegua, 21 de diciembre del 2023.- El Proyecto Especial Regional Pasto Grande (PERPG) se moviliz\u00f3, esta ma\u00f1ana, con rapidez y eficacia frente al lamentable accidente de tr\u00e1nsito de un cami\u00f3n cisterna de nacionalidad boliviana que volc\u00f3 aparatosamente provocando el derrame de 8,800 galones de petr\u00f3leo en la carretera Binacional, reafirmando su compromiso con la preservaci\u00f3n del agua en el Canal Pasto Grande.<br \/>\nAnte esta emergencia ambiental, el PERPG activ\u00f3 su Plan de Contingencia, desplegando equipos especializados para contener los efectos del derrame. La existencia de infraestructura de protecci\u00f3n del canal, evit\u00f3 que las aguas contaminadas con combustible ingresen al Canal Pasto Grande, seg\u00fan lo inform\u00f3 el gerente de Infraestructura del PERPG, Ing. Jaime Apaza Barrionuevo, al evaluar en el lugar el derrame de combustible.<br \/>\n\u201cLas acciones inmediatas incluyen la instalaci\u00f3n de barreras absorbentes y la implementaci\u00f3n de tecnolog\u00edas avanzadas, la prioridad es proteger la calidad del agua en el Canal Pasto Grande, vital para la agricultura y el abastecimiento a la poblaci\u00f3n de Moquegua e Ilo\u201d, declar\u00f3 el funcionario.<br \/>\nINCREMENTO DE ACCIDENTES<br \/>\nAnte el preocupante incremento de los accidentes de tr\u00e1nsito en la zona, que ponen en peligro el normal abastecimiento de agua a la poblaci\u00f3n, en reiteradas oportunidades, la gerencia general del PERPG solicit\u00f3 la intervenci\u00f3n de Provias Nacional para las acciones correctivas en la v\u00eda de comunicaci\u00f3n por la alta siniestrabilidad de camiones cisterna en el sector de Chilligua, distrito de Carumas, provincia Mariscal Nieto, regi\u00f3n Moquegua.<br \/>\nAsimismo, se viene coordinando estrechamente con autoridades del Gobierno Regional Moquegua, organismos ambientales y de atenci\u00f3n de emergencias, como las comunidades afectadas para garantizar una gesti\u00f3n integral y transparente de la crisis ambiental.<br \/>\nEl Proyecto Especial Regional Pasto Grande reitera su compromiso con la sostenibilidad ambiental y asume su responsabilidad con el cuidado de los recursos h\u00eddricos como operador del Sistema Hidr\u00e1ulico Mayor de la regi\u00f3n Moquegua.<br \/>\nEl Proyecto Especial Regional Pasto Grande continuar\u00e1 informando de manera transparente sobre el progreso de las operaciones de contenci\u00f3n en la zona del accidente y las medidas adoptadas para garantizar la seguridad del agua en la regi\u00f3n.<\/p>\n<p><img loading=\"lazy\" decoding=\"async\" class=\"alignnone size-medium wp-image-129202\" src=\"https:\/\/laregionsur.com\/wp-content\/uploads\/2023\/12\/PRO-6-300x200.jpg\" alt=\"\" width=\"300\" height=\"200\" \/> <img loading=\"lazy\" decoding=\"async\" class=\"alignnone size-medium wp-image-129203\" src=\"https:\/\/laregionsur.com\/wp-content\/uploads\/2023\/12\/PRO-5-300x200.jpg\" alt=\"\" width=\"300\" height=\"200\" \/> <img loading=\"lazy\" decoding=\"async\" class=\"alignnone size-medium wp-image-129204\" src=\"https:\/\/laregionsur.com\/wp-content\/uploads\/2023\/12\/PRO-4-1-300x200.jpg\" alt=\"\" width=\"300\" height=\"200\" \/> <img loading=\"lazy\" decoding=\"async\" class=\"alignnone size-medium wp-image-129205\" src=\"https:\/\/laregionsur.com\/wp-content\/uploads\/2023\/12\/PRO-3-300x200.jpg\" alt=\"\" width=\"300\" height=\"200\" \/> <img loading=\"lazy\" decoding=\"async\" class=\"alignnone size-medium wp-image-129206\" src=\"https:\/\/laregionsur.com\/wp-content\/uploads\/2023\/12\/PRO-2-300x200.jpg\" alt=\"\" width=\"300\" height=\"200\" \/> <img loading=\"lazy\" decoding=\"async\" class=\"alignnone size-medium wp-image-129207\" src=\"https:\/\/laregionsur.com\/wp-content\/uploads\/2023\/12\/PRO-1-300x200.jpg\" alt=\"\" width=\"300\" height=\"200\" \/><\/p>\n","protected":false},"excerpt":{"rendered":"<p>Proyecto Especial Regional Pasto Grande realiza implementaci\u00f3n r\u00e1pida del Plan de Contingencia frente a derrame de combustible &#8211; Brigada de Emergencia instal\u00f3 barreras absorbentes en la quebrada Camilata con el fin de proteger las aguas del Canal Pasto Grande. Peri\u00f3dico Digital La Regi\u00f3n Sur, Moquegua, 21 de diciembre del 2023.- El Proyecto Especial Regional Pasto &hellip;<\/p>\n","protected":false},"author":1,"featured_media":129201,"comment_status":"open","ping_status":"open","sticky":false,"template":"","format":"standard","meta":{"footnotes":""},"categories":[61,56,39],"tags":[],"class_list":["post-129200","post","type-post","status-publish","format-standard","has-post-thumbnail","","category-arequipa","category-finance","category-stock-market"],"_links":{"self":[{"href":"https:\/\/laregionsur.com\/index.php?rest_route=\/wp\/v2\/posts\/129200","targetHints":{"allow":["GET"]}}],"collection":[{"href":"https:\/\/laregionsur.com\/index.php?rest_route=\/wp\/v2\/posts"}],"about":[{"href":"https:\/\/laregionsur.com\/index.php?rest_route=\/wp\/v2\/types\/post"}],"author":[{"embeddable":true,"href":"https:\/\/laregionsur.com\/index.php?rest_route=\/wp\/v2\/users\/1"}],"replies":[{"embeddable":true,"href":"https:\/\/laregionsur.com\/index.php?rest_route=%2Fwp%2Fv2%2Fcomments&post=129200"}],"version-history":[{"count":0,"href":"https:\/\/laregionsur.com\/index.php?rest_route=\/wp\/v2\/posts\/129200\/revisions"}],"wp:featuredmedia":[{"embeddable":true,"href":"https:\/\/laregionsur.com\/index.php?rest_route=\/"}],"wp:attachment":[{"href":"https:\/\/laregionsur.com\/index.php?rest_route=%2Fwp%2Fv2%2Fmedia&parent=129200"}],"wp:term":[{"taxonomy":"category","embeddable":true,"href":"https:\/\/laregionsur.com\/index.php?rest_route=%2Fwp%2Fv2%2Fcategories&post=129200"},{"taxonomy":"post_tag","embeddable":true,"href":"https:\/\/laregionsur.com\/index.php?rest_route=%2Fwp%2Fv2%2Ftags&post=129200"}],"curies":[{"name":"wp","href":"https:\/\/api.w.org\/{rel}","templated":true}]}}