{"id":129128,"date":"2023-12-14T13:56:57","date_gmt":"2023-12-14T13:56:57","guid":{"rendered":"https:\/\/laregionsur.com\/?p=129128"},"modified":"2023-12-14T13:56:57","modified_gmt":"2023-12-14T13:56:57","slug":"con-capital-semilla-promueven-espacios-que-contribuye-a-mejorar-nivel-cognitivo-y-motor-de-ninos","status":"publish","type":"post","link":"https:\/\/laregionsur.com\/?p=129128","title":{"rendered":"Con capital semilla promueven espacios que contribuye a mejorar nivel cognitivo y motor de ni\u00f1os"},"content":{"rendered":"<p>Con capital semilla promueven espacios que contribuye a mejorar nivel cognitivo y motor de ni\u00f1os<\/p>\n<p>&nbsp;<\/p>\n<p>Peri\u00f3dico Digital La Regi\u00f3n Sur, 14 diciembre 2023.- El Comit\u00e9 Comunitario de Torata y Southern Per\u00fa hicieron \u201centrega\u201d de un aula de psicomotricidad a la I.E. 253 San Mart\u00edn de Porras del Centro Poblado Yacango (Torata \u00a0&#8211; Moquegua), instituci\u00f3n que gan\u00f3 el concurso de proyectos por convocatoria \u201cImpulsa Torata\u201d.<\/p>\n<p>Como parte del capital semilla en especies la comunidad educativa recibi\u00f3 un nuevo ambiente edificado en un \u00e1rea total de 85.65 metros cuadrados. En dicho espacio, organizado y reservado, 37 ni\u00f1os menores de 6 a\u00f1os desarrollar\u00e1n destrezas y habilidades motrices para el dominio de su cuerpo (equilibrio, coordinaci\u00f3n \u00f3culo manual y podal), as\u00ed mismo se reforzar\u00e1 la seguridad y promover\u00e1 su socializaci\u00f3n. Adicionalmente, se incluir\u00e1 03 sesiones de capacitaci\u00f3n especializada en Pr\u00e1ctica Psicomotriz Autocuturier (PPA), un m\u00e9todo que forma parte de estrategias innovadoras que fomentan la autonom\u00eda en la primera infancia.<\/p>\n<p><strong>Fany Rodr\u00edguez<\/strong><\/p>\n<p><strong>Docente<\/strong><\/p>\n<p>\u201cEs trascendente este capital porque los menores, a ra\u00edz del encierro por la pandemia presentaban un retraso en su desarrollo motor, hab\u00eda inseguridad, falta de atenci\u00f3n y conflictos. Esto es un gran anhelo para la instituci\u00f3n educativa.<\/p>\n<p><strong>S\/ 65,153.03<\/strong><\/p>\n<p>Es el monto\u00a0 de la valorizaci\u00f3n del Capital Semilla<\/p>\n<p><strong>S\/ 11,100<\/strong><\/p>\n<p>Es la contrapartida de la Instituci\u00f3n<\/p>\n<p><strong>EL DATO<\/strong><\/p>\n<p>El aula de psicomotricidad est\u00e1 hecha en Drywall con base de concreto, techo con cielo raso, y cuenta con instalaciones el\u00e9ctricas, puertas contraplacadas,<\/p>\n<p>cerraduras y ventanas con perfiles de aluminio y vidrio laminado.<\/p>\n<p><img loading=\"lazy\" decoding=\"async\" class=\"alignnone size-medium wp-image-129130\" src=\"https:\/\/laregionsur.com\/wp-content\/uploads\/2023\/12\/IM-1-300x189.jpg\" alt=\"\" width=\"300\" height=\"189\" \/> <img loading=\"lazy\" decoding=\"async\" class=\"alignnone size-medium wp-image-129131\" src=\"https:\/\/laregionsur.com\/wp-content\/uploads\/2023\/12\/IM-2-300x193.jpg\" alt=\"\" width=\"300\" height=\"193\" \/> <img loading=\"lazy\" decoding=\"async\" class=\"alignnone size-medium wp-image-129132\" src=\"https:\/\/laregionsur.com\/wp-content\/uploads\/2023\/12\/IM-3-1-300x165.jpg\" alt=\"\" width=\"300\" height=\"165\" \/> <img loading=\"lazy\" decoding=\"async\" class=\"alignnone size-medium wp-image-129133\" src=\"https:\/\/laregionsur.com\/wp-content\/uploads\/2023\/12\/IM-4-300x199.jpg\" alt=\"\" width=\"300\" height=\"199\" \/> <img loading=\"lazy\" decoding=\"async\" class=\"alignnone size-medium wp-image-129134\" src=\"https:\/\/laregionsur.com\/wp-content\/uploads\/2023\/12\/IM-5-300x201.jpg\" alt=\"\" width=\"300\" height=\"201\" \/><\/p>\n<p>&nbsp;<\/p>\n","protected":false},"excerpt":{"rendered":"<p>Con capital semilla promueven espacios que contribuye a mejorar nivel cognitivo y motor de ni\u00f1os &nbsp; Peri\u00f3dico Digital La Regi\u00f3n Sur, 14 diciembre 2023.- El Comit\u00e9 Comunitario de Torata y Southern Per\u00fa hicieron \u201centrega\u201d de un aula de psicomotricidad a la I.E. 253 San Mart\u00edn de Porras del Centro Poblado Yacango (Torata \u00a0&#8211; Moquegua), instituci\u00f3n &hellip;<\/p>\n","protected":false},"author":1,"featured_media":129129,"comment_status":"open","ping_status":"open","sticky":false,"template":"","format":"standard","meta":{"footnotes":""},"categories":[56,39],"tags":[],"class_list":["post-129128","post","type-post","status-publish","format-standard","has-post-thumbnail","","category-finance","category-stock-market"],"_links":{"self":[{"href":"https:\/\/laregionsur.com\/index.php?rest_route=\/wp\/v2\/posts\/129128","targetHints":{"allow":["GET"]}}],"collection":[{"href":"https:\/\/laregionsur.com\/index.php?rest_route=\/wp\/v2\/posts"}],"about":[{"href":"https:\/\/laregionsur.com\/index.php?rest_route=\/wp\/v2\/types\/post"}],"author":[{"embeddable":true,"href":"https:\/\/laregionsur.com\/index.php?rest_route=\/wp\/v2\/users\/1"}],"replies":[{"embeddable":true,"href":"https:\/\/laregionsur.com\/index.php?rest_route=%2Fwp%2Fv2%2Fcomments&post=129128"}],"version-history":[{"count":0,"href":"https:\/\/laregionsur.com\/index.php?rest_route=\/wp\/v2\/posts\/129128\/revisions"}],"wp:featuredmedia":[{"embeddable":true,"href":"https:\/\/laregionsur.com\/index.php?rest_route=\/"}],"wp:attachment":[{"href":"https:\/\/laregionsur.com\/index.php?rest_route=%2Fwp%2Fv2%2Fmedia&parent=129128"}],"wp:term":[{"taxonomy":"category","embeddable":true,"href":"https:\/\/laregionsur.com\/index.php?rest_route=%2Fwp%2Fv2%2Fcategories&post=129128"},{"taxonomy":"post_tag","embeddable":true,"href":"https:\/\/laregionsur.com\/index.php?rest_route=%2Fwp%2Fv2%2Ftags&post=129128"}],"curies":[{"name":"wp","href":"https:\/\/api.w.org\/{rel}","templated":true}]}}