{"id":129102,"date":"2023-12-12T13:11:05","date_gmt":"2023-12-12T13:11:05","guid":{"rendered":"https:\/\/laregionsur.com\/?p=129102"},"modified":"2023-12-12T13:11:05","modified_gmt":"2023-12-12T13:11:05","slug":"sinfonia-por-el-peru-derrocho-arte-y-cultura-en-homenaje-a-moquegua-en-su-482-aniversario","status":"publish","type":"post","link":"https:\/\/laregionsur.com\/?p=129102","title":{"rendered":"SINFON\u00cdA POR EL PERU DERROCHO ARTE Y CULTURA  EN HOMENAJE A MOQUEGUA EN SU 482 ANIVERSARIO"},"content":{"rendered":"<p>SINFONIA POR EL PERU DERROCHO ARTE Y CULTURA<\/p>\n<p>EN HOMENAJE A MOQUEGUA EN SU 482 ANIVERSARIO<\/p>\n<ul>\n<li>Southern Per\u00fa en diversas actividades organizadas por la Municipalidad Provincial de Mariscal Nieto y el Gobierno Regional para conmemorar el 482 aniversario de la fundaci\u00f3n espa\u00f1ola de Moquegua.<\/li>\n<\/ul>\n<p>Peri\u00f3dico Digital La Regi\u00f3n Sur, 12 diciembre 2023.- Con un espect\u00e1culo musical de primer nivel que ofreci\u00f3 en la Plaza de Armas de Moquegua, Southern Per\u00fa y la organizaci\u00f3n Sinfon\u00eda por el Per\u00fa rindieron homenaje a Moquegua en su mes aniversario. Fue un derroche de arte y cultura organizado junto a la Municipalidad Provincial de Mariscal Nieto.<\/p>\n<p>La Noche Cultural cont\u00f3 con una nutrida concurrencia que ovacion\u00f3 el variado repertorio interpretado por ni\u00f1os, ni\u00f1as y adolescentes que integran la Orquesta Infantil, el Coro Juvenil del N\u00facleo Arequipa y el Ensamble de cuerdas y Coro Juvenil del N\u00facleo Ilo. Los talentosos j\u00f3venes cautivaron al p\u00fablico con 11 piezas musicales cl\u00e1sicas y peruanas; entre ellas, \u201cMoquegua querida\u201d de Arturo Ju\u00e1rez y \u201cSoy peruano\u201d de Juan Fernando V\u00e9rtiz que conmovieron a los asistentes.<\/p>\n<p>La velada cont\u00f3 adem\u00e1s con la presentaci\u00f3n especial de alumnos de los colegios fiscalizados de Cuajone y Toquepala con talleres de m\u00fasica, danza y una obra de teatro que recre\u00f3 un importante momento de la historia de Moquegua durante la Guerra del Pac\u00edfico. Finalmente, participaron elencos del Taller de Danza de la Municipalidad Provincial de Mariscal Nieto, Ballet Folcl\u00f3rico Pablo Enrique Ortiz Mart\u00ednez desde Arequipa, Centro Cultural y Folcl\u00f3rico AFODAL de Antofagasta &#8211; Chile, elenco de danzas del Centro Cultural Ra\u00edces Moquegua y el Ballet Folcl\u00f3rico Danza Bolivia desde La Paz.<\/p>\n<p>EL DATO<\/p>\n<p>SINFON\u00cdA POR EL PER\u00da: Sinfon\u00eda por el Per\u00fa es un programa liderado por el tenor peruano Juan Diego Fl\u00f3rez que, con el auspicio de Southern Per\u00fa, trabaja en la formaci\u00f3n musical de 1,300 ni\u00f1os, ni\u00f1as y adolescentes en Arequipa, Mollendo, Ilo, Torata, Candarave y Tacna, lo que constituye una contribuci\u00f3n importante al desarrollo de los ni\u00f1os y j\u00f3venes.<\/p>\n<p>DANZA<\/p>\n<p>Tambi\u00e9n participaron los colegios fiscalizados de Cuajone y Toquepala junto al Ballet de Danzas que present\u00f3 la comuna provincial<\/p>\n<p>CONCIERTO<\/p>\n<p>Ni\u00f1os de Sinfon\u00eda por el Per\u00fa Cautivaron con un repertorio de m\u00fasica peruana y cl\u00e1sica.<\/p>\n<p><img loading=\"lazy\" decoding=\"async\" class=\"alignnone size-medium wp-image-129104\" src=\"https:\/\/laregionsur.com\/wp-content\/uploads\/2023\/12\/S-1-300x223.jpg\" alt=\"\" width=\"300\" height=\"223\" \/> <img loading=\"lazy\" decoding=\"async\" class=\"alignnone size-medium wp-image-129105\" src=\"https:\/\/laregionsur.com\/wp-content\/uploads\/2023\/12\/S-2-1-300x183.jpg\" alt=\"\" width=\"300\" height=\"183\" \/> <img loading=\"lazy\" decoding=\"async\" class=\"alignnone size-medium wp-image-129106\" src=\"https:\/\/laregionsur.com\/wp-content\/uploads\/2023\/12\/S-3-300x171.jpg\" alt=\"\" width=\"300\" height=\"171\" \/> <img loading=\"lazy\" decoding=\"async\" class=\"alignnone size-medium wp-image-129107\" src=\"https:\/\/laregionsur.com\/wp-content\/uploads\/2023\/12\/S-4-300x183.jpg\" alt=\"\" width=\"300\" height=\"183\" \/> <img loading=\"lazy\" decoding=\"async\" class=\"alignnone size-medium wp-image-129108\" src=\"https:\/\/laregionsur.com\/wp-content\/uploads\/2023\/12\/S-5-300x201.jpg\" alt=\"\" width=\"300\" height=\"201\" \/> <img loading=\"lazy\" decoding=\"async\" class=\"alignnone size-medium wp-image-129109\" src=\"https:\/\/laregionsur.com\/wp-content\/uploads\/2023\/12\/S-6-300x199.jpg\" alt=\"\" width=\"300\" height=\"199\" \/><\/p>\n<p>&nbsp;<\/p>\n","protected":false},"excerpt":{"rendered":"<p>SINFONIA POR EL PERU DERROCHO ARTE Y CULTURA EN HOMENAJE A MOQUEGUA EN SU 482 ANIVERSARIO Southern Per\u00fa en diversas actividades organizadas por la Municipalidad Provincial de Mariscal Nieto y el Gobierno Regional para conmemorar el 482 aniversario de la fundaci\u00f3n espa\u00f1ola de Moquegua. Peri\u00f3dico Digital La Regi\u00f3n Sur, 12 diciembre 2023.- Con un espect\u00e1culo &hellip;<\/p>\n","protected":false},"author":1,"featured_media":129103,"comment_status":"open","ping_status":"open","sticky":false,"template":"","format":"standard","meta":{"footnotes":""},"categories":[56,39],"tags":[],"class_list":["post-129102","post","type-post","status-publish","format-standard","has-post-thumbnail","","category-finance","category-stock-market"],"_links":{"self":[{"href":"https:\/\/laregionsur.com\/index.php?rest_route=\/wp\/v2\/posts\/129102","targetHints":{"allow":["GET"]}}],"collection":[{"href":"https:\/\/laregionsur.com\/index.php?rest_route=\/wp\/v2\/posts"}],"about":[{"href":"https:\/\/laregionsur.com\/index.php?rest_route=\/wp\/v2\/types\/post"}],"author":[{"embeddable":true,"href":"https:\/\/laregionsur.com\/index.php?rest_route=\/wp\/v2\/users\/1"}],"replies":[{"embeddable":true,"href":"https:\/\/laregionsur.com\/index.php?rest_route=%2Fwp%2Fv2%2Fcomments&post=129102"}],"version-history":[{"count":0,"href":"https:\/\/laregionsur.com\/index.php?rest_route=\/wp\/v2\/posts\/129102\/revisions"}],"wp:featuredmedia":[{"embeddable":true,"href":"https:\/\/laregionsur.com\/index.php?rest_route=\/"}],"wp:attachment":[{"href":"https:\/\/laregionsur.com\/index.php?rest_route=%2Fwp%2Fv2%2Fmedia&parent=129102"}],"wp:term":[{"taxonomy":"category","embeddable":true,"href":"https:\/\/laregionsur.com\/index.php?rest_route=%2Fwp%2Fv2%2Fcategories&post=129102"},{"taxonomy":"post_tag","embeddable":true,"href":"https:\/\/laregionsur.com\/index.php?rest_route=%2Fwp%2Fv2%2Ftags&post=129102"}],"curies":[{"name":"wp","href":"https:\/\/api.w.org\/{rel}","templated":true}]}}