{"id":129043,"date":"2023-12-07T03:19:00","date_gmt":"2023-12-07T03:19:00","guid":{"rendered":"https:\/\/laregionsur.com\/?p=129043"},"modified":"2023-12-07T03:19:00","modified_gmt":"2023-12-07T03:19:00","slug":"personal-del-laboratorio-de-control-biologico-realiza-levantamiento-de-informacion-en-ilo-y-mariscal-nieto","status":"publish","type":"post","link":"https:\/\/laregionsur.com\/?p=129043","title":{"rendered":"PERSONAL DEL LABORATORIO DE CONTROL BIOL\u00d3GICO REALIZA LEVANTAMIENTO DE INFORMACI\u00d3N EN ILO Y MARISCAL NIETO"},"content":{"rendered":"<p>PERSONAL DEL LABORATORIO DE CONTROL BIOL\u00d3GICO REALIZA LEVANTAMIENTO DE INFORMACI\u00d3N EN ILO Y MARISCAL NIETO<\/p>\n<p>&nbsp;<\/p>\n<p>Peri\u00f3dico Digital La Regi\u00f3n Sur, 06 diciembre 2023.- \u00a0Personal del Laboratorio de Control Biol\u00f3gico ubicado en Omate, viene levantando informaci\u00f3n y luego realizar\u00e1 la presentaci\u00f3n de resultados a los agricultores de la regi\u00f3n Moquegua, a fin de darles a conocer la densidad de las plagas encontradas en sus cultivos y las medidas que podr\u00edan implementar para su control, como la realizaci\u00f3n de podas, lavados a presi\u00f3n, aplicaci\u00f3n de aceite vegetal agr\u00edcola y liberaci\u00f3n de controladores, entre otros.<\/p>\n<p>En ese prop\u00f3sito, este \u00faltimo martes agricultores de la provincia de Ilo, fueron capacitados en la evaluaci\u00f3n del olivo donde hicieron el levantamiento de datos y la l\u00ednea base para determinar en laboratorio los insectos o ant\u00eddotos que puedan combatir las plagas, como la Hortensia.<\/p>\n<p>Adem\u00e1s, los agricultores, aprendieron a preparar caldo Bordel\u00e9s para manejar las enfermedades detectadas y preparaci\u00f3n de pasta cicatrizante para que se use despu\u00e9s de las podas. As\u00ed mismo la medici\u00f3n de la conductividad el\u00e9ctrica y PH del agua para detectar aquellos anexos donde el agua tiene mayor cantidad de sales.<\/p>\n<p>El ING. Fisher Reyes Alarc\u00f3n, especialista del laboratorio, se\u00f1al\u00f3 que viene avanzando en la evaluaci\u00f3n de incidencia de plagas que afecta a los agricultores, en tanto en el Centro de Control Biol\u00f3gico, se cr\u00eda los controladores para combatir las plagas que afectan a los cultivos. Detall\u00f3, que se reunir\u00e1 con agricultores de Mariscal Nieto y General S\u00e1nchez Cerro, a fin de levantar informaci\u00f3n sobre las plagas que afectan los paltos, entre ellos la mosca blanca.<\/p>\n<p>Consider\u00f3 importante que el FDM haya construido el Centro de Control Biol\u00f3gico, que cuenta con una mejor infraestructura y buenos equipos a comparaci\u00f3n del Senasa Lima y por ser la \u00fanica en la zona sur del pa\u00eds.<\/p>\n<p>El laboratorio, se construy\u00f3 como parte de los 50 millones de soles de aporte por responsabilidad social de la empresa Anglo American Quellaveco. Consta de una moderna infraestructura con equipamiento y capacitaci\u00f3n para brindar el servicio de sanidad vegetal con est\u00e1ndares de certificaci\u00f3n y sea autosostenible a favor de agricultores de la provincia General S\u00e1nchez Cerro y regi\u00f3n Moquegua.<\/p>\n<p>La infraestructura, consta de tres niveles con ambientes de administraci\u00f3n y atenci\u00f3n al p\u00fablico, laboratorio de crianza m\u00faltiple e individual, laboratorio de \u00e1caros, laboratorio de silotroga, invernadero y m\u00f3dulo de \u00e1reas de cultivo.<\/p>\n<p><img loading=\"lazy\" decoding=\"async\" class=\"alignnone size-medium wp-image-129056\" src=\"https:\/\/laregionsur.com\/wp-content\/uploads\/2023\/12\/FD-6-1-300x169.jpg\" alt=\"\" width=\"300\" height=\"169\" \/> <img loading=\"lazy\" decoding=\"async\" class=\"alignnone size-medium wp-image-129055\" src=\"https:\/\/laregionsur.com\/wp-content\/uploads\/2023\/12\/FD-5-2-240x300.jpg\" alt=\"\" width=\"240\" height=\"300\" \/> <img loading=\"lazy\" decoding=\"async\" class=\"alignnone size-medium wp-image-129054\" src=\"https:\/\/laregionsur.com\/wp-content\/uploads\/2023\/12\/FD-4-1-240x300.jpg\" alt=\"\" width=\"240\" height=\"300\" \/> <img loading=\"lazy\" decoding=\"async\" class=\"alignnone size-medium wp-image-129053\" src=\"https:\/\/laregionsur.com\/wp-content\/uploads\/2023\/12\/FD-3-1-300x224.jpg\" alt=\"\" width=\"300\" height=\"224\" \/> <img loading=\"lazy\" decoding=\"async\" class=\"alignnone size-medium wp-image-129052\" src=\"https:\/\/laregionsur.com\/wp-content\/uploads\/2023\/12\/FD-2-1-300x169.jpg\" alt=\"\" width=\"300\" height=\"169\" \/> <img loading=\"lazy\" decoding=\"async\" class=\"alignnone size-medium wp-image-129051\" src=\"https:\/\/laregionsur.com\/wp-content\/uploads\/2023\/12\/FD-1-1-300x169.jpg\" alt=\"\" width=\"300\" height=\"169\" \/><\/p>\n<p>&nbsp;<\/p>\n<p>&nbsp;<\/p>\n<p>&nbsp;<\/p>\n<p>&nbsp;<\/p>\n","protected":false},"excerpt":{"rendered":"<p>PERSONAL DEL LABORATORIO DE CONTROL BIOL\u00d3GICO REALIZA LEVANTAMIENTO DE INFORMACI\u00d3N EN ILO Y MARISCAL NIETO &nbsp; Peri\u00f3dico Digital La Regi\u00f3n Sur, 06 diciembre 2023.- \u00a0Personal del Laboratorio de Control Biol\u00f3gico ubicado en Omate, viene levantando informaci\u00f3n y luego realizar\u00e1 la presentaci\u00f3n de resultados a los agricultores de la regi\u00f3n Moquegua, a fin de darles a &hellip;<\/p>\n","protected":false},"author":1,"featured_media":129055,"comment_status":"open","ping_status":"open","sticky":false,"template":"","format":"standard","meta":{"footnotes":""},"categories":[56,39],"tags":[],"class_list":["post-129043","post","type-post","status-publish","format-standard","has-post-thumbnail","","category-finance","category-stock-market"],"_links":{"self":[{"href":"https:\/\/laregionsur.com\/index.php?rest_route=\/wp\/v2\/posts\/129043","targetHints":{"allow":["GET"]}}],"collection":[{"href":"https:\/\/laregionsur.com\/index.php?rest_route=\/wp\/v2\/posts"}],"about":[{"href":"https:\/\/laregionsur.com\/index.php?rest_route=\/wp\/v2\/types\/post"}],"author":[{"embeddable":true,"href":"https:\/\/laregionsur.com\/index.php?rest_route=\/wp\/v2\/users\/1"}],"replies":[{"embeddable":true,"href":"https:\/\/laregionsur.com\/index.php?rest_route=%2Fwp%2Fv2%2Fcomments&post=129043"}],"version-history":[{"count":0,"href":"https:\/\/laregionsur.com\/index.php?rest_route=\/wp\/v2\/posts\/129043\/revisions"}],"wp:featuredmedia":[{"embeddable":true,"href":"https:\/\/laregionsur.com\/index.php?rest_route=\/"}],"wp:attachment":[{"href":"https:\/\/laregionsur.com\/index.php?rest_route=%2Fwp%2Fv2%2Fmedia&parent=129043"}],"wp:term":[{"taxonomy":"category","embeddable":true,"href":"https:\/\/laregionsur.com\/index.php?rest_route=%2Fwp%2Fv2%2Fcategories&post=129043"},{"taxonomy":"post_tag","embeddable":true,"href":"https:\/\/laregionsur.com\/index.php?rest_route=%2Fwp%2Fv2%2Ftags&post=129043"}],"curies":[{"name":"wp","href":"https:\/\/api.w.org\/{rel}","templated":true}]}}