{"id":129012,"date":"2023-12-06T12:43:29","date_gmt":"2023-12-06T12:43:29","guid":{"rendered":"https:\/\/laregionsur.com\/?p=129012"},"modified":"2023-12-06T12:43:29","modified_gmt":"2023-12-06T12:43:29","slug":"cristala-culpa-a-gobierno-de-jamocho-atrazo-de-8-anos-lomas-de-ilo","status":"publish","type":"post","link":"https:\/\/laregionsur.com\/?p=129012","title":{"rendered":"CRISTALA CULPA A GOBIERNO DE \u00abJAMOCHO\u00bb  ATRAZO DE 8 A\u00d1OS  LOMAS DE ILO"},"content":{"rendered":"<p>&nbsp;<\/p>\n<p>CRISTALA CULPA A GOBIERNO DE \u00abJAMOCHO\u00bb<\/p>\n<p>ATRAZO DE 8 A\u00d1OS LOMAS DE ILO<\/p>\n<p>&nbsp;<\/p>\n<p>Peri\u00f3dico Digital La Regi\u00f3n Sur, Moquegua, 06 diciembre 2023. En las recientes declaraciones de la ex gobernadora Regional de Moquegua, do\u00f1a Cristala Constantinides culpa fehacientemente al ex gobernador de Jaime Rodr\u00edguez, de quien se\u00f1ala que tuvo 8 a\u00f1os para poder impulsar la llegada de las aguas de las Lomas de Ilo a su destino.<\/p>\n<p>\u201cNo entiendo c\u00f3mo puede decir ahora que el agua nunca va llegar a las Lomas de Ilo, cuando \u00e9l tuvo dos periodos de gobierno para hacer que este proyecto llegue finalmente a Ilo, pero no lo hizo, se las ha pasado criticando y observando todo lo malo que hubo en este proyecto y no hac\u00eda nada para resolverlo\u201d, as\u00ed se refiri\u00f3 del ex gobernador que sali\u00f3 a un medio de comunicaci\u00f3n a se\u00f1alar que nunca llegar\u00e1 el agua a Lomas de Ilo porque la tuber\u00eda no era la apropiada, sin embargo \u00e9l fue quien autoriz\u00f3 a Obrainsa para que se haga el cambio de la tuber\u00edas de HDP a PVC, que son resistentes al clima de la sierra\u201d.<\/p>\n<p>\u201cJaime Rodr\u00edguez no aprende, no quiere aprender, que el mismo tiene la culpa porque en el a\u00f1o 2017, \u00e9l ha recepcionado la obra sin poner ni una sola observaci\u00f3n t\u00e9cnica en el acta de recepci\u00f3n, por lo tanto, el tambi\u00e9n es tan culpable como cualquiera que puede tenerlo, ante esto ser\u00eda muy importante que el Consejo Regional de Moquegua, inicie de una vez las investigaciones correspondientes desde la etapa de la construcci\u00f3n hasta la recepci\u00f3n, para que, de una vez por todas se halle a los verdaderos responsables\u201d. agreg\u00f3<\/p>\n<p>\u201cHay que recordarle que cuando era Gobernador Regional el manejaba el Fondo de Desarrollo e hicieron una chanchada que ahora deber\u00e1 arreglar Anglo Am\u00e9rica, aunque ya las pruebas hidr\u00e1ulicas se cumplieron solo falta que el FDM cumpla con arreglar una bomba que falta hacerlo eso est\u00e1 demorando la llegada de agua de Chilota Chincune a Ilo\u201d. se\u00f1aliz\u00f3.<\/p>\n<p>Finalmente dijo \u201cque debe hacerse la denuncia y que se haga en estos d\u00edas, porque los d\u00edas est\u00e1n pasando, y la empresa Obrainsa que entreg\u00f3 la obra con un acta donde Jaime Rodr\u00edguez, no ha observado nada ni siquiera un punto t\u00e9cnico, debe responder, adem\u00e1s, los consejeros deben iniciar las investigaciones sobre las denuncias anteriores, que llamen al procurador para que informe en qu\u00e9 estado est\u00e1n, para que no nos sigan enga\u00f1ando\u201d, se\u00f1al\u00f3.<\/p>\n<p>&nbsp;<\/p>\n","protected":false},"excerpt":{"rendered":"<p>&nbsp; CRISTALA CULPA A GOBIERNO DE \u00abJAMOCHO\u00bb ATRAZO DE 8 A\u00d1OS LOMAS DE ILO &nbsp; Peri\u00f3dico Digital La Regi\u00f3n Sur, Moquegua, 06 diciembre 2023. En las recientes declaraciones de la ex gobernadora Regional de Moquegua, do\u00f1a Cristala Constantinides culpa fehacientemente al ex gobernador de Jaime Rodr\u00edguez, de quien se\u00f1ala que tuvo 8 a\u00f1os para poder &hellip;<\/p>\n","protected":false},"author":1,"featured_media":129013,"comment_status":"open","ping_status":"open","sticky":false,"template":"","format":"standard","meta":{"footnotes":""},"categories":[61,56,39],"tags":[],"class_list":["post-129012","post","type-post","status-publish","format-standard","has-post-thumbnail","","category-arequipa","category-finance","category-stock-market"],"_links":{"self":[{"href":"https:\/\/laregionsur.com\/index.php?rest_route=\/wp\/v2\/posts\/129012","targetHints":{"allow":["GET"]}}],"collection":[{"href":"https:\/\/laregionsur.com\/index.php?rest_route=\/wp\/v2\/posts"}],"about":[{"href":"https:\/\/laregionsur.com\/index.php?rest_route=\/wp\/v2\/types\/post"}],"author":[{"embeddable":true,"href":"https:\/\/laregionsur.com\/index.php?rest_route=\/wp\/v2\/users\/1"}],"replies":[{"embeddable":true,"href":"https:\/\/laregionsur.com\/index.php?rest_route=%2Fwp%2Fv2%2Fcomments&post=129012"}],"version-history":[{"count":0,"href":"https:\/\/laregionsur.com\/index.php?rest_route=\/wp\/v2\/posts\/129012\/revisions"}],"wp:featuredmedia":[{"embeddable":true,"href":"https:\/\/laregionsur.com\/index.php?rest_route=\/"}],"wp:attachment":[{"href":"https:\/\/laregionsur.com\/index.php?rest_route=%2Fwp%2Fv2%2Fmedia&parent=129012"}],"wp:term":[{"taxonomy":"category","embeddable":true,"href":"https:\/\/laregionsur.com\/index.php?rest_route=%2Fwp%2Fv2%2Fcategories&post=129012"},{"taxonomy":"post_tag","embeddable":true,"href":"https:\/\/laregionsur.com\/index.php?rest_route=%2Fwp%2Fv2%2Ftags&post=129012"}],"curies":[{"name":"wp","href":"https:\/\/api.w.org\/{rel}","templated":true}]}}