{"id":128984,"date":"2023-12-04T23:05:24","date_gmt":"2023-12-04T23:05:24","guid":{"rendered":"https:\/\/laregionsur.com\/?p=128984"},"modified":"2023-12-04T23:05:24","modified_gmt":"2023-12-04T23:05:24","slug":"proyecto-especial-regional-pasto-grande-perpg-rindio-homenaje-al-482-aniversario-de-moquegua","status":"publish","type":"post","link":"https:\/\/laregionsur.com\/?p=128984","title":{"rendered":"PROYECTO ESPECIAL REGIONAL PASTO GRANDE, PERPG.  RINDI\u00d3 HOMENAJE AL 482 ANIVERSARIO DE MOQUEGUA"},"content":{"rendered":"<p>PROYECTO ESPECIAL REGIONAL PASTO GRANDE, PERPG.<\/p>\n<p>RINDI\u00d3 HOMENAJE AL 482 ANIVERSARIO DE MOQUEGUA<\/p>\n<p>&nbsp;<\/p>\n<p>Moquegua, 04 de diciembre 2023.- El Personal de funcionarios, trabajadores y colaboradores del Proyecto Especial Regional Pasto Grande, \u00a0PERPG, en pleno, encabezado por el Gerente del Proyecto, Ingeniero Javier Romero Luna, rindi\u00f3 homenaje a la 482 aniversario de creaci\u00f3n pol\u00edtica de Moquegua, haci\u00e9ndose presente en el desfile institucional llevado a cabo d\u00edas atr\u00e1s, como parte de las celebraciones de aniversario.<\/p>\n<p>Cabe se\u00f1alar que paralelamente se celebr\u00f3 el aniversario del proyecto, cumpli\u00e9ndose con diversas actividades con la participaci\u00f3n de la Gobernadora Regional Gilia Guti\u00e9rrez, quien destac\u00f3 que el proyecto viene cumpliendo sus metas propuestas como es la de llevar el agua a las Lomas de Ilo.<\/p>\n<p>Por su parte el Gerente del Proyecto Ingeniero Javier Romero Luna, ha se\u00f1alado que se viene trabajando arduamente en todos los frentes, con la finalidad de cumplir con el compromiso de llevar las aguas hasta donde se tiene propuesto, \u201ctengo conocimiento que hay voces que est\u00e1n desvirtuando al verdad sobre las aguas para las Lomas de Ilo, pero en el tiempo que nos queda podremos demostrar que el agua si va llegar en la medida que le corresponde y para eso estamos trabajando\u201d, agreg\u00f3.<\/p>\n<p><img loading=\"lazy\" decoding=\"async\" class=\"alignnone size-medium wp-image-128986\" src=\"https:\/\/laregionsur.com\/wp-content\/uploads\/2023\/12\/PASTO-GARNDE-1-214x300.jpg\" alt=\"\" width=\"214\" height=\"300\" \/><\/p>\n<p>&nbsp;<\/p>\n<p>&nbsp;<\/p>\n","protected":false},"excerpt":{"rendered":"<p>PROYECTO ESPECIAL REGIONAL PASTO GRANDE, PERPG. RINDI\u00d3 HOMENAJE AL 482 ANIVERSARIO DE MOQUEGUA &nbsp; Moquegua, 04 de diciembre 2023.- El Personal de funcionarios, trabajadores y colaboradores del Proyecto Especial Regional Pasto Grande, \u00a0PERPG, en pleno, encabezado por el Gerente del Proyecto, Ingeniero Javier Romero Luna, rindi\u00f3 homenaje a la 482 aniversario de creaci\u00f3n pol\u00edtica de &hellip;<\/p>\n","protected":false},"author":1,"featured_media":128985,"comment_status":"open","ping_status":"open","sticky":false,"template":"","format":"standard","meta":{"footnotes":""},"categories":[56,39],"tags":[],"class_list":["post-128984","post","type-post","status-publish","format-standard","has-post-thumbnail","","category-finance","category-stock-market"],"_links":{"self":[{"href":"https:\/\/laregionsur.com\/index.php?rest_route=\/wp\/v2\/posts\/128984","targetHints":{"allow":["GET"]}}],"collection":[{"href":"https:\/\/laregionsur.com\/index.php?rest_route=\/wp\/v2\/posts"}],"about":[{"href":"https:\/\/laregionsur.com\/index.php?rest_route=\/wp\/v2\/types\/post"}],"author":[{"embeddable":true,"href":"https:\/\/laregionsur.com\/index.php?rest_route=\/wp\/v2\/users\/1"}],"replies":[{"embeddable":true,"href":"https:\/\/laregionsur.com\/index.php?rest_route=%2Fwp%2Fv2%2Fcomments&post=128984"}],"version-history":[{"count":0,"href":"https:\/\/laregionsur.com\/index.php?rest_route=\/wp\/v2\/posts\/128984\/revisions"}],"wp:featuredmedia":[{"embeddable":true,"href":"https:\/\/laregionsur.com\/index.php?rest_route=\/"}],"wp:attachment":[{"href":"https:\/\/laregionsur.com\/index.php?rest_route=%2Fwp%2Fv2%2Fmedia&parent=128984"}],"wp:term":[{"taxonomy":"category","embeddable":true,"href":"https:\/\/laregionsur.com\/index.php?rest_route=%2Fwp%2Fv2%2Fcategories&post=128984"},{"taxonomy":"post_tag","embeddable":true,"href":"https:\/\/laregionsur.com\/index.php?rest_route=%2Fwp%2Fv2%2Ftags&post=128984"}],"curies":[{"name":"wp","href":"https:\/\/api.w.org\/{rel}","templated":true}]}}