{"id":128961,"date":"2023-12-03T19:49:34","date_gmt":"2023-12-03T19:49:34","guid":{"rendered":"https:\/\/laregionsur.com\/?p=128961"},"modified":"2023-12-03T19:49:34","modified_gmt":"2023-12-03T19:49:34","slug":"southern-peru-inicio-el-mes-de-la-navidad-con-encendido-de-luces-en-la-cocatedral-de-moquegua","status":"publish","type":"post","link":"https:\/\/laregionsur.com\/?p=128961","title":{"rendered":"SOUTHERN PER\u00da INICI\u00d3 EL MES DE LA NAVIDAD CON ENCENDIDO DE LUCES EN LA COCATEDRAL DE MOQUEGUA"},"content":{"rendered":"<p>&nbsp;<\/p>\n<p>SOUTHERN PER\u00da INICI\u00d3 EL MES DE LA NAVIDAD CON ENCENDIDO DE LUCES EN LA COCATEDRAL DE MOQUEGUA<\/p>\n<p>&nbsp;<\/p>\n<ul>\n<li>Ni\u00f1os de Sinfon\u00eda por el Per\u00fa interpretaron hermoso repertorio de villancicos.<\/li>\n<\/ul>\n<p>Peri\u00f3dico Digital La Regi\u00f3n Sur, 03 diciembre 2023.- Southern\u00a0 Per\u00fa inici\u00f3\u00a0 oficialmente\u00a0 el mes\u00a0 de la navidad\u00a0 con\u00a0 el encendido\u00a0 de\u00a0 luces\u00a0 en\u00a0 la\u00a0 Cocatedral\u00a0 Santo\u00a0 Domingo\u00a0 de\u00a0 Moquegua, en\u00a0 un\u00a0 sencillo\u00a0 acto\u00a0 que simboliza la luz de la esperanza y nos prepara para el nacimiento del ni\u00f1o Jes\u00fas. La actividad fue presidida por el alcalde provincial John Larry Coayla y el Obispo auxiliar de Tacna y\u00a0 Moquegua,\u00a0 Rvdo.\u00a0 Padre\u00a0 Juan\u00a0 Carlos\u00a0 Asqui, quien\u00a0 previamente\u00a0 celebr\u00f3\u00a0 la\u00a0 Eucarist\u00eda. En representaci\u00f3n de Southern Per\u00fa particip\u00f3 el Gerente de Mina Cuajone, Ing. Edgar Pe\u00f1a Valenzuela y el Gerente de Desarrollo Comunitario de Southern Per\u00fa, Lic. Felipe Gonzales Gonzales.<\/p>\n<p>El representante de Southern Per\u00fa transmiti\u00f3 el deseo de la empresa para que estas fiestas traigan paz y armon\u00eda. \u201cQue esta fiesta del nacimiento de Jes\u00fas, sea un llamado a fortalecer la unidad, la concordia y especialmente, a dar cabida en nuestra vida personal y social a Dios\u201d, se\u00f1al\u00f3.<\/p>\n<p>Cabe mencionar que para el encendido de luces se instalaron dos kil\u00f3metros de luces led y ne\u00f3n, cuyo\u00a0 consumo\u00a0 de\u00a0 energ\u00eda\u00a0 es\u00a0 bajo.\u00a0 En\u00a0 las\u00a0 torres\u00a0 de\u00a0 la\u00a0 iglesia,\u00a0 as\u00ed\u00a0 como\u00a0 en\u00a0 las\u00a0 cruces\u00a0 que\u00a0 \u00e9stas poseen, se alcanz\u00f3 una altura m\u00e1xima de 48 metros.<\/p>\n<p>La\u00a0 velada\u00a0 navide\u00f1a fue matizada\u00a0 con\u00a0 la\u00a0 presentaci\u00f3n\u00a0 de ni\u00f1os, ni\u00f1as\u00a0 y\u00a0 adolescentes de\u00a0 Sinfon\u00eda por\u00a0 el\u00a0 Per\u00fa,\u00a0 quienes ofrecieron\u00a0 un\u00a0 lindo\u00a0 repertorio\u00a0 de\u00a0 villancicos\u00a0 que\u00a0 iluminaron\u00a0 la\u00a0 noche,\u00a0 de alegr\u00eda. La presentaci\u00f3n cautiv\u00f3 a un nutrido p\u00fablico que se dio cita en el lugar para aunarse a las actividades previas a la navidad. Y como no pod\u00eda ser de otra manera, la velada culmin\u00f3 con un peque\u00f1o compartir de panet\u00f3n y el tradicional chocolate, que disfrutaron los m\u00e1s peque\u00f1os.<\/p>\n<p>SAN AGUST\u00cdN DE TORATA<\/p>\n<p>La empresa anunci\u00f3 adem\u00e1s que el pr\u00f3ximo s\u00e1bado 9 de diciembre har\u00e1 lo propio en la iglesia San Agust\u00edn de Torata, donde el\u00a0 encendido\u00a0 de\u00a0 luces\u00a0 tambi\u00e9n\u00a0 ir\u00e1\u00a0 acompa\u00f1ado\u00a0 de\u00a0 una\u00a0 presentaci\u00f3n musical de los ni\u00f1os de Sinfon\u00eda por el Per\u00fa N\u00facleo Ilo\u2013M\u00f3dulo Torata.<\/p>\n<p><img loading=\"lazy\" decoding=\"async\" class=\"alignnone size-medium wp-image-128963\" src=\"https:\/\/laregionsur.com\/wp-content\/uploads\/2023\/12\/N-1-300x176.jpg\" alt=\"\" width=\"300\" height=\"176\" \/> <img loading=\"lazy\" decoding=\"async\" class=\"alignnone size-medium wp-image-128964\" src=\"https:\/\/laregionsur.com\/wp-content\/uploads\/2023\/12\/N-2-300x171.jpg\" alt=\"\" width=\"300\" height=\"171\" \/> <img loading=\"lazy\" decoding=\"async\" class=\"alignnone size-medium wp-image-128965\" src=\"https:\/\/laregionsur.com\/wp-content\/uploads\/2023\/12\/N-3-300x169.jpg\" alt=\"\" width=\"300\" height=\"169\" \/> <img loading=\"lazy\" decoding=\"async\" class=\"alignnone size-medium wp-image-128966\" src=\"https:\/\/laregionsur.com\/wp-content\/uploads\/2023\/12\/N-4-300x169.jpg\" alt=\"\" width=\"300\" height=\"169\" \/> <img loading=\"lazy\" decoding=\"async\" class=\"alignnone size-medium wp-image-128967\" src=\"https:\/\/laregionsur.com\/wp-content\/uploads\/2023\/12\/N-5-300x169.jpg\" alt=\"\" width=\"300\" height=\"169\" \/> <img loading=\"lazy\" decoding=\"async\" class=\"alignnone size-medium wp-image-128968\" src=\"https:\/\/laregionsur.com\/wp-content\/uploads\/2023\/12\/N-6-300x169.jpg\" alt=\"\" width=\"300\" height=\"169\" \/> <img loading=\"lazy\" decoding=\"async\" class=\"alignnone size-medium wp-image-128969\" src=\"https:\/\/laregionsur.com\/wp-content\/uploads\/2023\/12\/N-7-169x300.jpg\" alt=\"\" width=\"169\" height=\"300\" \/> <img loading=\"lazy\" decoding=\"async\" class=\"alignnone size-medium wp-image-128970\" src=\"https:\/\/laregionsur.com\/wp-content\/uploads\/2023\/12\/N-8-300x169.jpg\" alt=\"\" width=\"300\" height=\"169\" \/> <img loading=\"lazy\" decoding=\"async\" class=\"alignnone size-medium wp-image-128971\" src=\"https:\/\/laregionsur.com\/wp-content\/uploads\/2023\/12\/N-9-300x177.jpg\" alt=\"\" width=\"300\" height=\"177\" \/> <img loading=\"lazy\" decoding=\"async\" class=\"alignnone size-medium wp-image-128972\" src=\"https:\/\/laregionsur.com\/wp-content\/uploads\/2023\/12\/N-10-300x169.jpg\" alt=\"\" width=\"300\" height=\"169\" \/> <img loading=\"lazy\" decoding=\"async\" class=\"alignnone size-medium wp-image-128973\" src=\"https:\/\/laregionsur.com\/wp-content\/uploads\/2023\/12\/N-11-169x300.jpg\" alt=\"\" width=\"169\" height=\"300\" \/> <img loading=\"lazy\" decoding=\"async\" class=\"alignnone size-medium wp-image-128974\" src=\"https:\/\/laregionsur.com\/wp-content\/uploads\/2023\/12\/N-12-1-300x169.jpg\" alt=\"\" width=\"300\" height=\"169\" \/><\/p>\n","protected":false},"excerpt":{"rendered":"<p>&nbsp; SOUTHERN PER\u00da INICI\u00d3 EL MES DE LA NAVIDAD CON ENCENDIDO DE LUCES EN LA COCATEDRAL DE MOQUEGUA &nbsp; Ni\u00f1os de Sinfon\u00eda por el Per\u00fa interpretaron hermoso repertorio de villancicos. Peri\u00f3dico Digital La Regi\u00f3n Sur, 03 diciembre 2023.- Southern\u00a0 Per\u00fa inici\u00f3\u00a0 oficialmente\u00a0 el mes\u00a0 de la navidad\u00a0 con\u00a0 el encendido\u00a0 de\u00a0 luces\u00a0 en\u00a0 la\u00a0 Cocatedral\u00a0 &hellip;<\/p>\n","protected":false},"author":1,"featured_media":128962,"comment_status":"open","ping_status":"open","sticky":false,"template":"","format":"standard","meta":{"footnotes":""},"categories":[56,39],"tags":[],"class_list":["post-128961","post","type-post","status-publish","format-standard","has-post-thumbnail","","category-finance","category-stock-market"],"_links":{"self":[{"href":"https:\/\/laregionsur.com\/index.php?rest_route=\/wp\/v2\/posts\/128961","targetHints":{"allow":["GET"]}}],"collection":[{"href":"https:\/\/laregionsur.com\/index.php?rest_route=\/wp\/v2\/posts"}],"about":[{"href":"https:\/\/laregionsur.com\/index.php?rest_route=\/wp\/v2\/types\/post"}],"author":[{"embeddable":true,"href":"https:\/\/laregionsur.com\/index.php?rest_route=\/wp\/v2\/users\/1"}],"replies":[{"embeddable":true,"href":"https:\/\/laregionsur.com\/index.php?rest_route=%2Fwp%2Fv2%2Fcomments&post=128961"}],"version-history":[{"count":0,"href":"https:\/\/laregionsur.com\/index.php?rest_route=\/wp\/v2\/posts\/128961\/revisions"}],"wp:featuredmedia":[{"embeddable":true,"href":"https:\/\/laregionsur.com\/index.php?rest_route=\/"}],"wp:attachment":[{"href":"https:\/\/laregionsur.com\/index.php?rest_route=%2Fwp%2Fv2%2Fmedia&parent=128961"}],"wp:term":[{"taxonomy":"category","embeddable":true,"href":"https:\/\/laregionsur.com\/index.php?rest_route=%2Fwp%2Fv2%2Fcategories&post=128961"},{"taxonomy":"post_tag","embeddable":true,"href":"https:\/\/laregionsur.com\/index.php?rest_route=%2Fwp%2Fv2%2Ftags&post=128961"}],"curies":[{"name":"wp","href":"https:\/\/api.w.org\/{rel}","templated":true}]}}