{"id":128912,"date":"2023-11-28T15:21:43","date_gmt":"2023-11-28T15:21:43","guid":{"rendered":"https:\/\/laregionsur.com\/?p=128912"},"modified":"2023-11-28T15:21:43","modified_gmt":"2023-11-28T15:21:43","slug":"eps-ilo-lanza-programa-protectores-del-agua-para-la-valoracion-del-recurso-hidrico-y-alcantarillado","status":"publish","type":"post","link":"https:\/\/laregionsur.com\/?p=128912","title":{"rendered":"EPS ILO LANZA PROGRAMA PROTECTORES DEL AGUA PARA LA VALORACI\u00d3N DEL RECURSO H\u00cdDRICO Y ALCANTARILLADO"},"content":{"rendered":"<p>EPS ILO LANZA PROGRAMA PROTECTORES DEL AGUA PARA LA VALORACI\u00d3N DEL RECURSO H\u00cdDRICO Y ALCANTARILLADO<\/p>\n<p>\u2022 Estudiantes de las diferentes instituciones educativas se suman a los aliados estrat\u00e9gicos para generar un cambio de actitud positiva sobre la valoraci\u00f3n y el cuidado del agua.<\/p>\n<p>Peri\u00f3dico Digital La Regi\u00f3n Sur,\u00a0 27 de noviembre 2023, Con el objetivo de evitar el desperdicio de agua en los colegios y en la comunidad en general, as\u00ed como crear conciencia sobre la importancia del cuidado del l\u00edquido elemento, la EPS Ilo jurament\u00f3 a 200 estudiantes del segundo y tercer grado de secundaria como \u201cProtectores del agua\u201d, todo ello enmarcado en el programa de Educaci\u00f3n Sanitaria 2023.<br \/>\nLos estudiantes de las Instituciones Educativas Mercedes Cabello de Carbonera, Fe y Alegr\u00eda N\u00b0 52, Daniel Becerra Ocampo, Am\u00e9rico Garibaldi Ghersi, Coronel Francisco Bolognesi y Almirante Miguel Grau Seminario, se sumar\u00e1n a los aliados estrat\u00e9gicos y propiciadores de un cambio positivo en la cultura de protecci\u00f3n, cuidado y valoraci\u00f3n del agua, m\u00e1s a\u00fan cuando nuestro pa\u00eds, viene sufriendo los efectos del fen\u00f3meno de El Ni\u00f1o.<br \/>\n\u201cEs importante que, desde los colegios, los menores aprendan a cuidar el agua y la gesti\u00f3n responsable de este valioso recurso, siendo fundamental el desarrollo de acciones concretas que puedan generar un cambio de actitud positiva en sus escuelas y comunidades respecto a la valoraci\u00f3n del recurso h\u00eddrico\u201d, manifest\u00f3 la Gerente de la EPS Ilo, Solange Agramonte Flores.<br \/>\nAgreg\u00f3 que, los estudiantes recibir\u00e1n charlas, talleres did\u00e1cticos y se programar\u00e1 una visita guiada a la Planta de Tratamiento de Agua Potable \u2013 PTAP Cata Catas donde aprender\u00e1n sobre el proceso de potabilizaci\u00f3n del agua, todo ello a trav\u00e9s de su programa de Educaci\u00f3n Sanitaria 2023.<br \/>\nLa ceremonia del programa \u201cProtectores del Agua\u201d se desarroll\u00f3 en el auditorio de la Municipalidad Provincial de Ilo, y cont\u00f3 con la presencia de los aliados estrat\u00e9gicos como la UGEL ILO, representado por el director Oswaldo Roque Nina, en representaci\u00f3n de la Municipalidad Provincial de Ilo, Fiorella Calle y de parte de la empresa Southern Per\u00fa, Stephany M\u00e9ndez.<\/p>\n<p><img loading=\"lazy\" decoding=\"async\" class=\"alignnone size-medium wp-image-128914\" src=\"https:\/\/laregionsur.com\/wp-content\/uploads\/2023\/11\/EP-1-300x225.jpg\" alt=\"\" width=\"300\" height=\"225\" \/> <img loading=\"lazy\" decoding=\"async\" class=\"alignnone size-medium wp-image-128915\" src=\"https:\/\/laregionsur.com\/wp-content\/uploads\/2023\/11\/EP-2-300x225.jpg\" alt=\"\" width=\"300\" height=\"225\" \/> <img loading=\"lazy\" decoding=\"async\" class=\"alignnone size-medium wp-image-128916\" src=\"https:\/\/laregionsur.com\/wp-content\/uploads\/2023\/11\/EP-3-300x225.jpg\" alt=\"\" width=\"300\" height=\"225\" \/> <img loading=\"lazy\" decoding=\"async\" class=\"alignnone size-medium wp-image-128917\" src=\"https:\/\/laregionsur.com\/wp-content\/uploads\/2023\/11\/EP-4-300x225.jpg\" alt=\"\" width=\"300\" height=\"225\" \/> <img loading=\"lazy\" decoding=\"async\" class=\"alignnone size-medium wp-image-128918\" src=\"https:\/\/laregionsur.com\/wp-content\/uploads\/2023\/11\/EP-5-1-300x225.jpg\" alt=\"\" width=\"300\" height=\"225\" \/> <img loading=\"lazy\" decoding=\"async\" class=\"alignnone size-medium wp-image-128919\" src=\"https:\/\/laregionsur.com\/wp-content\/uploads\/2023\/11\/EP-6-300x169.jpg\" alt=\"\" width=\"300\" height=\"169\" \/><\/p>\n","protected":false},"excerpt":{"rendered":"<p>EPS ILO LANZA PROGRAMA PROTECTORES DEL AGUA PARA LA VALORACI\u00d3N DEL RECURSO H\u00cdDRICO Y ALCANTARILLADO \u2022 Estudiantes de las diferentes instituciones educativas se suman a los aliados estrat\u00e9gicos para generar un cambio de actitud positiva sobre la valoraci\u00f3n y el cuidado del agua. Peri\u00f3dico Digital La Regi\u00f3n Sur,\u00a0 27 de noviembre 2023, Con el objetivo &hellip;<\/p>\n","protected":false},"author":1,"featured_media":128913,"comment_status":"open","ping_status":"open","sticky":false,"template":"","format":"standard","meta":{"footnotes":""},"categories":[56,39],"tags":[],"class_list":["post-128912","post","type-post","status-publish","format-standard","has-post-thumbnail","","category-finance","category-stock-market"],"_links":{"self":[{"href":"https:\/\/laregionsur.com\/index.php?rest_route=\/wp\/v2\/posts\/128912","targetHints":{"allow":["GET"]}}],"collection":[{"href":"https:\/\/laregionsur.com\/index.php?rest_route=\/wp\/v2\/posts"}],"about":[{"href":"https:\/\/laregionsur.com\/index.php?rest_route=\/wp\/v2\/types\/post"}],"author":[{"embeddable":true,"href":"https:\/\/laregionsur.com\/index.php?rest_route=\/wp\/v2\/users\/1"}],"replies":[{"embeddable":true,"href":"https:\/\/laregionsur.com\/index.php?rest_route=%2Fwp%2Fv2%2Fcomments&post=128912"}],"version-history":[{"count":0,"href":"https:\/\/laregionsur.com\/index.php?rest_route=\/wp\/v2\/posts\/128912\/revisions"}],"wp:featuredmedia":[{"embeddable":true,"href":"https:\/\/laregionsur.com\/index.php?rest_route=\/"}],"wp:attachment":[{"href":"https:\/\/laregionsur.com\/index.php?rest_route=%2Fwp%2Fv2%2Fmedia&parent=128912"}],"wp:term":[{"taxonomy":"category","embeddable":true,"href":"https:\/\/laregionsur.com\/index.php?rest_route=%2Fwp%2Fv2%2Fcategories&post=128912"},{"taxonomy":"post_tag","embeddable":true,"href":"https:\/\/laregionsur.com\/index.php?rest_route=%2Fwp%2Fv2%2Ftags&post=128912"}],"curies":[{"name":"wp","href":"https:\/\/api.w.org\/{rel}","templated":true}]}}