{"id":128830,"date":"2023-11-24T16:11:11","date_gmt":"2023-11-24T16:11:11","guid":{"rendered":"https:\/\/laregionsur.com\/?p=128830"},"modified":"2023-11-24T16:11:11","modified_gmt":"2023-11-24T16:11:11","slug":"proyecto-tic-ii-adquiere-mas-de-5000-laptop-para-estudiantes-de-primaria","status":"publish","type":"post","link":"https:\/\/laregionsur.com\/?p=128830","title":{"rendered":"Proyecto TIC II adquiere m\u00e1s de 5,000 laptop para estudiantes de primaria"},"content":{"rendered":"<p>Proyecto TIC II adquiere m\u00e1s de 5,000 laptop para estudiantes de primaria<\/p>\n<p>*Se concreta gracias a los 100 millones de soles de adelanto de canon gestionado por la autoridad regional<\/p>\n<p>&nbsp;<\/p>\n<p>Peri\u00f3dico Digital La Regi\u00f3n Sur, 24 noviembre 2023.- El Gobierno Regional Moquegua, a trav\u00e9s del proyecto de las TIC II, viene realizando la adquisici\u00f3n de un total de 5,296 laptops por casi 20 millones de soles a favor de estudiantes del segundo y tercer grado del nivel primaria de las tres provincias.<\/p>\n<p>Inversi\u00f3n es parte de los 100 millones de soles de adelanto de canon que fue gestionado por la gobernadora Gilia Guti\u00e9rrez Ayala, para ejecutar proyectos de alcance regional. A la fecha, el proyecto, hizo la entrega de 7831 laptop para el nivel primario, quedando por entregar 7854, en tanto para el nivel secundario se entreg\u00f3 9442, faltando adquirir 2618 unidades.<\/p>\n<p>El residente del proyecto Ing. Oswaldo Valdez Flor, inform\u00f3 que, con esta nueva entrega, el componente de equipamiento llegar\u00eda aproximadamente al 70% de avance y su culminaci\u00f3n se prev\u00e9 para marzo del 2024.<\/p>\n<p>Complement\u00f3, que se tiene previsto proceso de compra de otro lote de m\u00e1s 5,000 laptops para alumnos del primer grado de primaria y primero de secundaria de instituciones educativas p\u00fablicas de las tres provincias de la regi\u00f3n.<\/p>\n<p>A\u00f1adi\u00f3, que este a\u00f1o se culminar\u00e1 el soporte t\u00e9cnico de los 100 Facilitadores y 04 Coordinadores al equipamiento tecnol\u00f3gico de 180 instituciones educativas de la regi\u00f3n, de otro lado la capacitaci\u00f3n a estudiantes y docentes se dar\u00eda durante todo el 2024.<\/p>\n<p>Dentro de las metas del proyecto, se tiene el componente I: acondicionamiento de ambientes e instalaciones el\u00e9ctricas. Componente II: trabajos de equipamiento inform\u00e1tico, mobiliario y gabinetes porta laptop.<\/p>\n<p>Componente III: instalaci\u00f3n de seguridad y circuito de redes de internet. Adem\u00e1s del componente IV: implementaci\u00f3n de redes de media tensi\u00f3n y componente V: capacitaci\u00f3n en recursos acad\u00e9micos y fortalecimiento de capacidades de los docentes y estudiantes.<\/p>\n<p>El proyecto TIC II, se ejecuta con una inversi\u00f3n integral de S\/. 170,094,073.91, para la entrega de 27,745 laptop a igual n\u00famero de estudiantes en 180 instituciones educativas en toda la regi\u00f3n Moquegua.<\/p>\n<p><img loading=\"lazy\" decoding=\"async\" class=\"alignnone size-medium wp-image-128832\" src=\"https:\/\/laregionsur.com\/wp-content\/uploads\/2023\/11\/2-1-2-300x225.jpg\" alt=\"\" width=\"300\" height=\"225\" \/> <img loading=\"lazy\" decoding=\"async\" class=\"alignnone size-medium wp-image-128833\" src=\"https:\/\/laregionsur.com\/wp-content\/uploads\/2023\/11\/3-1-2-300x225.jpg\" alt=\"\" width=\"300\" height=\"225\" \/> <img loading=\"lazy\" decoding=\"async\" class=\"alignnone size-medium wp-image-128834\" src=\"https:\/\/laregionsur.com\/wp-content\/uploads\/2023\/11\/4-1-2-300x200.jpg\" alt=\"\" width=\"300\" height=\"200\" \/><\/p>\n","protected":false},"excerpt":{"rendered":"<p>Proyecto TIC II adquiere m\u00e1s de 5,000 laptop para estudiantes de primaria *Se concreta gracias a los 100 millones de soles de adelanto de canon gestionado por la autoridad regional &nbsp; Peri\u00f3dico Digital La Regi\u00f3n Sur, 24 noviembre 2023.- El Gobierno Regional Moquegua, a trav\u00e9s del proyecto de las TIC II, viene realizando la adquisici\u00f3n &hellip;<\/p>\n","protected":false},"author":1,"featured_media":128831,"comment_status":"open","ping_status":"open","sticky":false,"template":"","format":"standard","meta":{"footnotes":""},"categories":[56,39],"tags":[],"class_list":["post-128830","post","type-post","status-publish","format-standard","has-post-thumbnail","","category-finance","category-stock-market"],"_links":{"self":[{"href":"https:\/\/laregionsur.com\/index.php?rest_route=\/wp\/v2\/posts\/128830","targetHints":{"allow":["GET"]}}],"collection":[{"href":"https:\/\/laregionsur.com\/index.php?rest_route=\/wp\/v2\/posts"}],"about":[{"href":"https:\/\/laregionsur.com\/index.php?rest_route=\/wp\/v2\/types\/post"}],"author":[{"embeddable":true,"href":"https:\/\/laregionsur.com\/index.php?rest_route=\/wp\/v2\/users\/1"}],"replies":[{"embeddable":true,"href":"https:\/\/laregionsur.com\/index.php?rest_route=%2Fwp%2Fv2%2Fcomments&post=128830"}],"version-history":[{"count":0,"href":"https:\/\/laregionsur.com\/index.php?rest_route=\/wp\/v2\/posts\/128830\/revisions"}],"wp:featuredmedia":[{"embeddable":true,"href":"https:\/\/laregionsur.com\/index.php?rest_route=\/"}],"wp:attachment":[{"href":"https:\/\/laregionsur.com\/index.php?rest_route=%2Fwp%2Fv2%2Fmedia&parent=128830"}],"wp:term":[{"taxonomy":"category","embeddable":true,"href":"https:\/\/laregionsur.com\/index.php?rest_route=%2Fwp%2Fv2%2Fcategories&post=128830"},{"taxonomy":"post_tag","embeddable":true,"href":"https:\/\/laregionsur.com\/index.php?rest_route=%2Fwp%2Fv2%2Ftags&post=128830"}],"curies":[{"name":"wp","href":"https:\/\/api.w.org\/{rel}","templated":true}]}}