{"id":128779,"date":"2023-11-17T20:49:44","date_gmt":"2023-11-17T20:49:44","guid":{"rendered":"https:\/\/laregionsur.com\/?p=128779"},"modified":"2023-11-17T20:49:44","modified_gmt":"2023-11-17T20:49:44","slug":"sinfonia-por-el-peru-ofrecera-inolvidable-concierto-por-el-aniversario-de-moquegua","status":"publish","type":"post","link":"https:\/\/laregionsur.com\/?p=128779","title":{"rendered":"SINFON\u00cdA POR EL PER\u00da OFRECER\u00c1 INOLVIDABLE  CONCIERTO POR EL ANIVERSARIO DE MOQUEGUA"},"content":{"rendered":"<p>SINFON\u00cdA POR EL PER\u00da OFRECER\u00c1 INOLVIDABLE<\/p>\n<p>CONCIERTO POR EL ANIVERSARIO DE MOQUEGUA<\/p>\n<p>&nbsp;<\/p>\n<ul>\n<li>Con el auspicio de Southern Per\u00fa ni\u00f1os de los N\u00facleos de Arequipa e Ilo engalanar\u00e1n la Noche Cultural.<\/li>\n<\/ul>\n<p>&nbsp;<\/p>\n<p>Peri\u00f3dico Digital La Regi\u00f3n Sur, 17 noviembre 2023.- La organizaci\u00f3n Sinfon\u00eda por el Per\u00fa que lidera el tenor peruano Juan Diego Fl\u00f3rez ofrecer\u00e1 un inolvidable concierto en homenaje a Moquegua que celebra el 482 aniversario de su fundaci\u00f3n espa\u00f1ola. La presentaci\u00f3n, que se realizar\u00e1 en alianza con Southern Per\u00fa, formar\u00e1 parte de la Noche Cultural que tendr\u00e1 lugar el pr\u00f3ximo jueves 23 de noviembre.<\/p>\n<p>M\u00e1s de 150 ni\u00f1os, ni\u00f1as y adolescentes del sur de pa\u00eds, se dar\u00e1n cita en la Plaza de Armas de Moquegua para interpretar un variado repertorio de m\u00fasica cl\u00e1sica y peruana. Participar\u00e1 la Orquesta Infantil y el Coro Juvenil del N\u00facleo Arequipa, junto al Ensamble de cuerdas y Coro Juvenil del N\u00facleo Ilo. Gracias al patrocinio de Southern Per\u00fa, en estas sedes se impulsa la transformaci\u00f3n social a trav\u00e9s de la ense\u00f1anza y pr\u00e1ctica colectiva de la m\u00fasica.<\/p>\n<p>La Noche Cultural, organizada por la empresa minera y la Municipalidad Provincial de Mariscal Nieto se iniciar\u00e1 a las 6:30 de la tarde con el concierto de Sinfon\u00eda por el Per\u00fa, que deleitar\u00e1 con temas nacionales como Za\u00f1a, El Alcatraz, Soy Peruano, Moquegua querida y cl\u00e1sicos como la Marcha triunfal de la \u00d3pera de Aida, Gran Puerta de Kiev y Hopak, Himno de la Alegr\u00eda y m\u00e1s. La presentaci\u00f3n ser\u00e1 totalmente gratuita y est\u00e1 dirigida a p\u00fablico en general.<\/p>\n<p>El detalle de la actividad se dio a conocer en conferencia de prensa en la que particip\u00f3 el representante de Southern Per\u00fa, Lic. Pa\u00fal Lostaunau Ramos, el Gerente de Desarrollo Econ\u00f3mico Social de la comuna provincial, Eco. Ramiro Vera Maquera y el director de N\u00facleos y Orquestas Regi\u00f3n Sur de Sinfon\u00eda por el Per\u00fa, Lic. Ra\u00fal Pimentel.<\/p>\n<p>Como se recuerda, a trav\u00e9s de Sinfon\u00eda por el Per\u00fa, Southern Per\u00fa patrocina la formaci\u00f3n musical de 1,300 ni\u00f1os, ni\u00f1as y adolescentes en Arequipa (Arequipa e Islay), Moquegua (Ilo y Torata) y Tacna (Candarave y Tacna), lo que constituye una contribuci\u00f3n importante al desarrollo de los ni\u00f1os y j\u00f3venes.<\/p>\n<p>La organizaci\u00f3n sin fines de lucro es liderada por el tenor peruano, Juan Diego Fl\u00f3rez y a lo largo de sus doce a\u00f1os, ha impactado en la vida de m\u00e1s de 30,000 ni\u00f1os, ni\u00f1as y j\u00f3venes en el pa\u00eds, junto a sus familias.<\/p>\n<p>Los beneficiarios reciben una formaci\u00f3n orientada a incentivar sus habilidades art\u00edsticas y, con el soporte familiar, fortalecen sus valores morales, c\u00edvicos y ciudadanos. Se estimula la convivencia colectiva, la responsabilidad, la excelencia educativa, la creatividad y el desarrollo cognitivo en menores de distintos estratos sociales, con la finalidad de que se sientan protegidos y seguros.<\/p>\n<p>NOCHE CULTURAL<\/p>\n<p>La Noche Cultural incluir\u00e1, adem\u00e1s, una Gala de Aniversario de Moquegua que estar\u00e1 a cargo de los colegios fiscalizados de Cuajone y Toquepala. Un total de 156 menores de 11 a 17 a\u00f1os, que integran los talleres de m\u00fasica, banda, teatro y danza de los colegios Daniel Alcides Carri\u00f3n de Cuajone y Fiscalizado de Toquepala, ofrecer\u00e1n una completa presentaci\u00f3n art\u00edstica que ser\u00e1 coronada con la presentaci\u00f3n del Ballet de danzas nacionales e internacionales a cargo de la Municipalidad Provincial de Mariscal Nieto.<\/p>\n<p><img loading=\"lazy\" decoding=\"async\" class=\"alignnone size-medium wp-image-128781\" src=\"https:\/\/laregionsur.com\/wp-content\/uploads\/2023\/11\/1-SOP-300x200.jpg\" alt=\"\" width=\"300\" height=\"200\" \/> <img loading=\"lazy\" decoding=\"async\" class=\"alignnone size-medium wp-image-128782\" src=\"https:\/\/laregionsur.com\/wp-content\/uploads\/2023\/11\/2-SOP-300x200.jpg\" alt=\"\" width=\"300\" height=\"200\" \/> <img loading=\"lazy\" decoding=\"async\" class=\"alignnone size-medium wp-image-128783\" src=\"https:\/\/laregionsur.com\/wp-content\/uploads\/2023\/11\/3-SOP-300x200.jpg\" alt=\"\" width=\"300\" height=\"200\" \/> <img loading=\"lazy\" decoding=\"async\" class=\"alignnone size-medium wp-image-128784\" src=\"https:\/\/laregionsur.com\/wp-content\/uploads\/2023\/11\/4-SOP-1-300x200.jpg\" alt=\"\" width=\"300\" height=\"200\" \/> <img loading=\"lazy\" decoding=\"async\" class=\"alignnone size-medium wp-image-128785\" src=\"https:\/\/laregionsur.com\/wp-content\/uploads\/2023\/11\/5-SOP-300x200.jpg\" alt=\"\" width=\"300\" height=\"200\" \/> <img loading=\"lazy\" decoding=\"async\" class=\"alignnone size-medium wp-image-128786\" src=\"https:\/\/laregionsur.com\/wp-content\/uploads\/2023\/11\/6-SOP-300x200.jpg\" alt=\"\" width=\"300\" height=\"200\" \/> <img loading=\"lazy\" decoding=\"async\" class=\"alignnone size-medium wp-image-128787\" src=\"https:\/\/laregionsur.com\/wp-content\/uploads\/2023\/11\/7-SOP-300x200.png\" alt=\"\" width=\"300\" height=\"200\" \/><\/p>\n<p>&nbsp;<\/p>\n<p>&nbsp;<\/p>\n","protected":false},"excerpt":{"rendered":"<p>SINFON\u00cdA POR EL PER\u00da OFRECER\u00c1 INOLVIDABLE CONCIERTO POR EL ANIVERSARIO DE MOQUEGUA &nbsp; Con el auspicio de Southern Per\u00fa ni\u00f1os de los N\u00facleos de Arequipa e Ilo engalanar\u00e1n la Noche Cultural. &nbsp; Peri\u00f3dico Digital La Regi\u00f3n Sur, 17 noviembre 2023.- La organizaci\u00f3n Sinfon\u00eda por el Per\u00fa que lidera el tenor peruano Juan Diego Fl\u00f3rez ofrecer\u00e1 &hellip;<\/p>\n","protected":false},"author":1,"featured_media":128780,"comment_status":"open","ping_status":"open","sticky":false,"template":"","format":"standard","meta":{"footnotes":""},"categories":[61,56,39],"tags":[],"class_list":["post-128779","post","type-post","status-publish","format-standard","has-post-thumbnail","","category-arequipa","category-finance","category-stock-market"],"_links":{"self":[{"href":"https:\/\/laregionsur.com\/index.php?rest_route=\/wp\/v2\/posts\/128779","targetHints":{"allow":["GET"]}}],"collection":[{"href":"https:\/\/laregionsur.com\/index.php?rest_route=\/wp\/v2\/posts"}],"about":[{"href":"https:\/\/laregionsur.com\/index.php?rest_route=\/wp\/v2\/types\/post"}],"author":[{"embeddable":true,"href":"https:\/\/laregionsur.com\/index.php?rest_route=\/wp\/v2\/users\/1"}],"replies":[{"embeddable":true,"href":"https:\/\/laregionsur.com\/index.php?rest_route=%2Fwp%2Fv2%2Fcomments&post=128779"}],"version-history":[{"count":0,"href":"https:\/\/laregionsur.com\/index.php?rest_route=\/wp\/v2\/posts\/128779\/revisions"}],"wp:featuredmedia":[{"embeddable":true,"href":"https:\/\/laregionsur.com\/index.php?rest_route=\/"}],"wp:attachment":[{"href":"https:\/\/laregionsur.com\/index.php?rest_route=%2Fwp%2Fv2%2Fmedia&parent=128779"}],"wp:term":[{"taxonomy":"category","embeddable":true,"href":"https:\/\/laregionsur.com\/index.php?rest_route=%2Fwp%2Fv2%2Fcategories&post=128779"},{"taxonomy":"post_tag","embeddable":true,"href":"https:\/\/laregionsur.com\/index.php?rest_route=%2Fwp%2Fv2%2Ftags&post=128779"}],"curies":[{"name":"wp","href":"https:\/\/api.w.org\/{rel}","templated":true}]}}