{"id":128746,"date":"2023-11-15T01:04:12","date_gmt":"2023-11-15T01:04:12","guid":{"rendered":"https:\/\/laregionsur.com\/?p=128746"},"modified":"2023-11-15T01:04:12","modified_gmt":"2023-11-15T01:04:12","slug":"gobernadora-inicio-en-ilo-construccion-de-nueva-infraestructura-educativa-inicial-por-casi-s-7-millones","status":"publish","type":"post","link":"https:\/\/laregionsur.com\/?p=128746","title":{"rendered":"Gobernadora inici\u00f3 en Ilo construcci\u00f3n de nueva infraestructura educativa inicial por casi S\/ 7 millones"},"content":{"rendered":"<p>Gobernadora inici\u00f3 en Ilo construcci\u00f3n de nueva infraestructura educativa inicial por casi S\/ 7 millones<\/p>\n<p>&nbsp;<\/p>\n<p>Peri\u00f3dico Digital La Regi\u00f3n Sur, 14 noviembre 2023.-\u00a0 Con el prop\u00f3sito de fortalecer el sistema educativo en igualdad de oportunidades en toda la regi\u00f3n, la gobernadora regional de Moquegua, Gilia Guti\u00e9rrez Ayala, junto a las autoridades educativas, inici\u00f3 esta ma\u00f1ana el proceso de construcci\u00f3n de la nueva infraestructura de la Instituci\u00f3n Educativa Inicial N.\u00ba 341 \u00abVista al Mar\u00bb, ubicada en el sector de la Pampa Inal\u00e1mbrica Promuvi XII, de la provincia de Ilo.<\/p>\n<p>La obra, demandar\u00e1 de una inversi\u00f3n de S\/ 6,920,049.24, por administraci\u00f3n directa, que generar\u00e1 trabajo local y sobre todo permitir\u00e1 contar con todas las condiciones para mejorar la ense\u00f1anza educativa de m\u00e1s de 100 ni\u00f1as y ni\u00f1os estudiantes de 3 a 5 a\u00f1os de edad.<\/p>\n<p>La autoridad regional, durante sus palabras reafirm\u00f3 su compromiso de trabajar juntos por retomar el liderazgo de ser primeros en educaci\u00f3n y asever\u00f3 que el centro educativo N.\u00ba 341, contar\u00e1 con adecuada infraestructura para formar estudiantes y futuros l\u00edderes que aporten al desarrollo de la provincia y regi\u00f3n.<\/p>\n<p>\u201cQueremos cambiar la historia de la regi\u00f3n Moquegua, gestionando recursos para el inicio de obras y avanzando en el desarrollo de la regi\u00f3n con manos limpias, la conciencia tranquila y con una mirada transparente\u201d, enfatiz\u00f3 la autoridad, al tiempo de precisar que viene impulsando las inversiones de manera equitativa en las tres provincias.<\/p>\n<p>Guti\u00e9rrez Ayala, ante la serie de ataques y cuestionamientos a su gesti\u00f3n, afirm\u00f3 que responder\u00e1 siempre con trabajo y m\u00e1s trabajo y que el apoyo de la poblaci\u00f3n es la fortaleza que la incentiva a seguir avanzando por el bienestar de todos.<\/p>\n<p>La directora de la instituci\u00f3n educativa y presidenta de la APAFA, resaltaron la inversi\u00f3n priorizada por la gobernadora que se hace realidad luego de varios a\u00f1os de espera y que contribuir\u00e1 a tener una mejor ense\u00f1anza con mejores herramientas de estudio para el bienestar de los peque\u00f1os estudiantes de la Pampa Inal\u00e1mbrica.<\/p>\n<p>La obra, se ejecutar\u00e1 en un plazo de 150 d\u00edas calendario. Comprender\u00e1 la construcci\u00f3n de 11 aulas pedag\u00f3gicas, 2 aulas destinadas para alimentaci\u00f3n, 2 aulas de descanso, 1 aula de psicomotricidad, 1 sala de usos m\u00faltiples, m\u00f3dulos administrativos, direcci\u00f3n, servicios generales, servicios b\u00e1sicos, patio de honor y \u00e1reas verdes, entre otros. Adem\u00e1s, implementaci\u00f3n, equipamiento y capacitaci\u00f3n a docentes.<\/p>\n<p><img loading=\"lazy\" decoding=\"async\" class=\"alignnone size-medium wp-image-128748\" src=\"https:\/\/laregionsur.com\/wp-content\/uploads\/2023\/11\/GI-1-300x169.jpg\" alt=\"\" width=\"300\" height=\"169\" \/> <img loading=\"lazy\" decoding=\"async\" class=\"alignnone size-medium wp-image-128749\" src=\"https:\/\/laregionsur.com\/wp-content\/uploads\/2023\/11\/GI-2-300x169.jpg\" alt=\"\" width=\"300\" height=\"169\" \/> <img loading=\"lazy\" decoding=\"async\" class=\"alignnone size-medium wp-image-128750\" src=\"https:\/\/laregionsur.com\/wp-content\/uploads\/2023\/11\/GI-3-300x169.jpg\" alt=\"\" width=\"300\" height=\"169\" \/> <img loading=\"lazy\" decoding=\"async\" class=\"alignnone size-medium wp-image-128751\" src=\"https:\/\/laregionsur.com\/wp-content\/uploads\/2023\/11\/GI-4-300x169.jpg\" alt=\"\" width=\"300\" height=\"169\" \/> <img loading=\"lazy\" decoding=\"async\" class=\"alignnone size-medium wp-image-128752\" src=\"https:\/\/laregionsur.com\/wp-content\/uploads\/2023\/11\/GI-5-1-300x169.jpg\" alt=\"\" width=\"300\" height=\"169\" \/><\/p>\n<p>&nbsp;<\/p>\n<p>&nbsp;<\/p>\n","protected":false},"excerpt":{"rendered":"<p>Gobernadora inici\u00f3 en Ilo construcci\u00f3n de nueva infraestructura educativa inicial por casi S\/ 7 millones &nbsp; Peri\u00f3dico Digital La Regi\u00f3n Sur, 14 noviembre 2023.-\u00a0 Con el prop\u00f3sito de fortalecer el sistema educativo en igualdad de oportunidades en toda la regi\u00f3n, la gobernadora regional de Moquegua, Gilia Guti\u00e9rrez Ayala, junto a las autoridades educativas, inici\u00f3 esta &hellip;<\/p>\n","protected":false},"author":1,"featured_media":128747,"comment_status":"open","ping_status":"open","sticky":false,"template":"","format":"standard","meta":{"footnotes":""},"categories":[56,39],"tags":[],"class_list":["post-128746","post","type-post","status-publish","format-standard","has-post-thumbnail","","category-finance","category-stock-market"],"_links":{"self":[{"href":"https:\/\/laregionsur.com\/index.php?rest_route=\/wp\/v2\/posts\/128746","targetHints":{"allow":["GET"]}}],"collection":[{"href":"https:\/\/laregionsur.com\/index.php?rest_route=\/wp\/v2\/posts"}],"about":[{"href":"https:\/\/laregionsur.com\/index.php?rest_route=\/wp\/v2\/types\/post"}],"author":[{"embeddable":true,"href":"https:\/\/laregionsur.com\/index.php?rest_route=\/wp\/v2\/users\/1"}],"replies":[{"embeddable":true,"href":"https:\/\/laregionsur.com\/index.php?rest_route=%2Fwp%2Fv2%2Fcomments&post=128746"}],"version-history":[{"count":0,"href":"https:\/\/laregionsur.com\/index.php?rest_route=\/wp\/v2\/posts\/128746\/revisions"}],"wp:featuredmedia":[{"embeddable":true,"href":"https:\/\/laregionsur.com\/index.php?rest_route=\/"}],"wp:attachment":[{"href":"https:\/\/laregionsur.com\/index.php?rest_route=%2Fwp%2Fv2%2Fmedia&parent=128746"}],"wp:term":[{"taxonomy":"category","embeddable":true,"href":"https:\/\/laregionsur.com\/index.php?rest_route=%2Fwp%2Fv2%2Fcategories&post=128746"},{"taxonomy":"post_tag","embeddable":true,"href":"https:\/\/laregionsur.com\/index.php?rest_route=%2Fwp%2Fv2%2Ftags&post=128746"}],"curies":[{"name":"wp","href":"https:\/\/api.w.org\/{rel}","templated":true}]}}