{"id":128723,"date":"2023-11-13T23:05:50","date_gmt":"2023-11-13T23:05:50","guid":{"rendered":"https:\/\/laregionsur.com\/?p=128723"},"modified":"2023-11-13T23:05:50","modified_gmt":"2023-11-13T23:05:50","slug":"%f0%9d%97%a8%f0%9d%97%a1%f0%9d%97%94%f0%9d%97%a0-%f0%9d%97%a5%f0%9d%97%98%f0%9d%97%96%f0%9d%97%a2%f0%9d%97%a1%f0%9d%97%a2%f0%9d%97%96%f0%9d%97%9c%f0%9d%97%a2-%f0%9d%97%94%f0%9d%97%a3%f0%9d%97%a2","status":"publish","type":"post","link":"https:\/\/laregionsur.com\/?p=128723","title":{"rendered":"???? ?????????\u0301 ?????? ??? ??? ??? ???????????? ?? ?? ??????? ?? ?????????? ?????"},"content":{"rendered":"<div class=\"\" dir=\"auto\">\n<div id=\":r2:\" class=\"x1iorvi4 x1pi30zi x1l90r2v x1swvt13\" data-ad-comet-preview=\"message\" data-ad-preview=\"message\">\n<div class=\"x78zum5 xdt5ytf xz62fqu x16ldp7u\">\n<div class=\"xu06os2 x1ok221b\">\n<div class=\"xdj266r x11i5rnm xat24cr x1mh8g0r x1vvkbs x126k92a\">\n<div dir=\"auto\">???? ?????????\u0301 ?????? ??? ??? ??? ???????????? ?? ?? ??????? ?? ?????????? ?????<\/div>\n<\/div>\n<div class=\"x11i5rnm xat24cr x1mh8g0r x1vvkbs xtlvy1s x126k92a\">\n<div dir=\"auto\"><\/div>\n<div dir=\"auto\">* Inversi\u00f3n fue priorizada por el Consejo Directivo que contribuye a fortalecer la calidad educativa y mantener su licenciamiento.<\/div>\n<\/div>\n<div class=\"x11i5rnm xat24cr x1mh8g0r x1vvkbs xtlvy1s x126k92a\">\n<div dir=\"auto\"><\/div>\n<div dir=\"auto\">Peri\u00f3dico Digital La Regi\u00f3n Sur, 13 noviembre 2023.- La Universidad Nacional de Moquegua, reconoci\u00f3 al Fondo de Desarrollo de Moquegua y su Consejo Directivo, por haber priorizado inversi\u00f3n de 6 millones de soles para el equipamiento de 04 laboratorios de la carrera de Ingenier\u00eda Civil, de dicha entidad educativa.<\/div>\n<div dir=\"auto\">La inversi\u00f3n se logra gracias al adelanto de los 100 millones de soles por responsabilidad social de la empresa Anglo American Quellaveco, que contribuye a fortalecer la calidad educativa y mantener su licenciamiento.<\/div>\n<\/div>\n<div class=\"x11i5rnm xat24cr x1mh8g0r x1vvkbs xtlvy1s x126k92a\">\n<div dir=\"auto\">El presidente del Consejo Directivo del FDM y alcalde de Ilo, Abog. Humberto Tapia Garay, sostuvo que se ha priorizado una inversi\u00f3n integral de 9.3 millones de soles que contribuye a la capacidad educativa superior de la UNAM con el fortalecimiento de dos carreras profesionales y destac\u00f3 el trabajo articulado con las autoridades de turno.<\/div>\n<\/div>\n<div class=\"x11i5rnm xat24cr x1mh8g0r x1vvkbs xtlvy1s x126k92a\">\n<div dir=\"auto\">La directora ejecutiva del FDM, Abog. Rossmary Silva Acevedo, precis\u00f3 que gracias al aporte de Quellaveco y la acertada decisi\u00f3n del Consejo Directivo, se viene fortaleciendo el sistema educativo de la regi\u00f3n Moquegua en todos sus niveles.<\/div>\n<\/div>\n<div class=\"x11i5rnm xat24cr x1mh8g0r x1vvkbs xtlvy1s x126k92a\">\n<div dir=\"auto\">En tanto, los directivos de la UNAM, entregaron reconocimiento al FDM, por el equipamiento priorizado que servir\u00e1 para potenciar la buena formaci\u00f3n acad\u00e9mica, cient\u00edfica y tecnol\u00f3gica de los estudiantes de la carrera profesional de ingenier\u00eda civil para lograr profesionales id\u00f3neos.<\/div>\n<\/div>\n<div class=\"x11i5rnm xat24cr x1mh8g0r x1vvkbs xtlvy1s x126k92a\">\n<div dir=\"auto\">La inversi\u00f3n, permiti\u00f3 equipar cuatro laboratorios que incluye instalaci\u00f3n de los equipos, capacitaci\u00f3n y garant\u00eda. Se trata del Laboratorio de Materiales, para el control de calidad de los materiales. Laboratorio de Estructuras, para controlar la calidad de concreto. Laboratorio de Suelos y Pavimentos, para controlar la calidad de suelo y Laboratorio de Hidr\u00e1ulica.<\/div>\n<\/div>\n<div class=\"x11i5rnm xat24cr x1mh8g0r x1vvkbs xtlvy1s x126k92a\">\n<div dir=\"auto\">Cabe remarcar, que con el aporte de Quellaveco y priorizaci\u00f3n del Consejo Directivo del FDM Moquegua, se prioriz\u00f3 una inversi\u00f3n de 9.3 millones de soles, para el equipamiento de laboratorios de las carreras profesionales de Ingenier\u00eda Civil en la provincia Mariscal Nieto y Sistemas en la provincia de Ilo de la Universidad Nacional de Moquegua (UNAM).<\/div>\n<\/div>\n<div class=\"x11i5rnm xat24cr x1mh8g0r x1vvkbs xtlvy1s x126k92a\">\n<div dir=\"auto\">El acto, cont\u00f3 con la presencia de los miembros del Consejo Directivo del Fondo Desarrollo de Moquegua Presidente Abog. Humberto Tapia Garay, vicepresidente CPC Jhon Larry Coayla, Sr. Andr\u00e9s Mel\u00e9ndez Guti\u00e9rrez de la C\u00e1mara de Comercio de Moquegua y Sr. Alberto Portugal V\u00e9lez de la C\u00e1mara de Comercio de Ilo.<\/div>\n<div dir=\"auto\"><img loading=\"lazy\" decoding=\"async\" class=\"alignnone size-medium wp-image-128725\" src=\"https:\/\/laregionsur.com\/wp-content\/uploads\/2023\/11\/F-1-1-300x200.jpg\" alt=\"\" width=\"300\" height=\"200\" \/> <img loading=\"lazy\" decoding=\"async\" class=\"alignnone size-medium wp-image-128726\" src=\"https:\/\/laregionsur.com\/wp-content\/uploads\/2023\/11\/F-2-1-300x225.jpg\" alt=\"\" width=\"300\" height=\"225\" \/> <img loading=\"lazy\" decoding=\"async\" class=\"alignnone size-medium wp-image-128727\" src=\"https:\/\/laregionsur.com\/wp-content\/uploads\/2023\/11\/F-3-1-300x200.jpg\" alt=\"\" width=\"300\" height=\"200\" \/> <img loading=\"lazy\" decoding=\"async\" class=\"alignnone size-medium wp-image-128728\" src=\"https:\/\/laregionsur.com\/wp-content\/uploads\/2023\/11\/F-4-2-300x200.jpg\" alt=\"\" width=\"300\" height=\"200\" \/> <img loading=\"lazy\" decoding=\"async\" class=\"alignnone size-medium wp-image-128729\" src=\"https:\/\/laregionsur.com\/wp-content\/uploads\/2023\/11\/F-5-1-300x200.jpg\" alt=\"\" width=\"300\" height=\"200\" \/> <img loading=\"lazy\" decoding=\"async\" class=\"alignnone size-medium wp-image-128730\" src=\"https:\/\/laregionsur.com\/wp-content\/uploads\/2023\/11\/F-6-300x200.jpg\" alt=\"\" width=\"300\" height=\"200\" \/> <img loading=\"lazy\" decoding=\"async\" class=\"alignnone size-medium wp-image-128731\" src=\"https:\/\/laregionsur.com\/wp-content\/uploads\/2023\/11\/F-7-300x225.jpg\" alt=\"\" width=\"300\" height=\"225\" \/> <img loading=\"lazy\" decoding=\"async\" class=\"alignnone size-medium wp-image-128732\" src=\"https:\/\/laregionsur.com\/wp-content\/uploads\/2023\/11\/F-8-300x225.jpg\" alt=\"\" width=\"300\" height=\"225\" \/> <img loading=\"lazy\" decoding=\"async\" class=\"alignnone size-medium wp-image-128733\" src=\"https:\/\/laregionsur.com\/wp-content\/uploads\/2023\/11\/F-9-300x225.jpg\" alt=\"\" width=\"300\" height=\"225\" \/><\/div>\n<\/div>\n<div dir=\"auto\"><\/div>\n<\/div>\n<\/div>\n<\/div>\n<\/div>\n","protected":false},"excerpt":{"rendered":"<p>???? ?????????\u0301 ?????? ??? ??? ??? ???????????? ?? ?? ??????? ?? ?????????? ????? * Inversi\u00f3n fue priorizada por el Consejo Directivo que contribuye a fortalecer la calidad educativa y mantener su licenciamiento. Peri\u00f3dico Digital La Regi\u00f3n Sur, 13 noviembre 2023.- La Universidad Nacional de Moquegua, reconoci\u00f3 al Fondo de Desarrollo de Moquegua y su Consejo &hellip;<\/p>\n","protected":false},"author":1,"featured_media":128724,"comment_status":"open","ping_status":"open","sticky":false,"template":"","format":"standard","meta":{"footnotes":""},"categories":[56,39],"tags":[],"class_list":["post-128723","post","type-post","status-publish","format-standard","has-post-thumbnail","","category-finance","category-stock-market"],"_links":{"self":[{"href":"https:\/\/laregionsur.com\/index.php?rest_route=\/wp\/v2\/posts\/128723","targetHints":{"allow":["GET"]}}],"collection":[{"href":"https:\/\/laregionsur.com\/index.php?rest_route=\/wp\/v2\/posts"}],"about":[{"href":"https:\/\/laregionsur.com\/index.php?rest_route=\/wp\/v2\/types\/post"}],"author":[{"embeddable":true,"href":"https:\/\/laregionsur.com\/index.php?rest_route=\/wp\/v2\/users\/1"}],"replies":[{"embeddable":true,"href":"https:\/\/laregionsur.com\/index.php?rest_route=%2Fwp%2Fv2%2Fcomments&post=128723"}],"version-history":[{"count":0,"href":"https:\/\/laregionsur.com\/index.php?rest_route=\/wp\/v2\/posts\/128723\/revisions"}],"wp:featuredmedia":[{"embeddable":true,"href":"https:\/\/laregionsur.com\/index.php?rest_route=\/"}],"wp:attachment":[{"href":"https:\/\/laregionsur.com\/index.php?rest_route=%2Fwp%2Fv2%2Fmedia&parent=128723"}],"wp:term":[{"taxonomy":"category","embeddable":true,"href":"https:\/\/laregionsur.com\/index.php?rest_route=%2Fwp%2Fv2%2Fcategories&post=128723"},{"taxonomy":"post_tag","embeddable":true,"href":"https:\/\/laregionsur.com\/index.php?rest_route=%2Fwp%2Fv2%2Ftags&post=128723"}],"curies":[{"name":"wp","href":"https:\/\/api.w.org\/{rel}","templated":true}]}}