{"id":128636,"date":"2023-11-08T22:55:03","date_gmt":"2023-11-08T22:55:03","guid":{"rendered":"https:\/\/laregionsur.com\/?p=128636"},"modified":"2023-11-08T22:55:03","modified_gmt":"2023-11-08T22:55:03","slug":"la-municipalidad-de-el-algarrobal-capacito-en-panaderia-y-pasteleria-a-vecinos-del-distrito","status":"publish","type":"post","link":"https:\/\/laregionsur.com\/?p=128636","title":{"rendered":"LA MUNICIPALIDAD DE EL ALGARROBAL CAPACIT\u00d3 EN PANADER\u00cdA Y PASTELER\u00cdA A VECINOS DEL DISTRITO"},"content":{"rendered":"<p>LA MUNICIPALIDAD DE EL ALGARROBAL CAPACIT\u00d3 EN PANADER\u00cdA Y PASTELER\u00cdA A VECINOS DEL DISTRITO<\/p>\n<p>* PROMESAS QUE SE VAN CUMPLIENDO.<\/p>\n<p>Peri\u00f3dico Digital La Regi\u00f3n Sur.- 08 noviembre 2023.- Siguiendo las indicaciones del alcalde Distrital de El Algarrobal, Sr. Florentino Nina Fern\u00e1ndez de fomentar el desarrollo de capacidades emprendedoras para mejorar la calidad de vida de las algarrobe\u00f1as y algarrobe\u00f1os, la Municipalidad Distrital de El Algarrobal en conjunto con la empresa FLEISCHMANN y el Instituto Superior Tecnol\u00f3gico Luis E Valc\u00e1rcel, vienen llevando a cabo el curso gratuito de panader\u00eda y pasteler\u00eda.<\/p>\n<p>Esta capacitaci\u00f3n, fue impartida por el reconocido Chef T\u00e9cnico Especialista, Ren\u00e9 Mamani Alvarado de la empresa Fleischmann quien brind\u00f3 el sistema de aprendizaje pr\u00e1ctico, como Panet\u00f3n Cl\u00e1sico, Integral y de Caf\u00e9, lo que hace que nuestras futuras emprendedoras y futuros emprendedores aprendan divirti\u00e9ndose.<\/p>\n<p>Una de las vecinas, alumna de este curso, nos coment\u00f3 que las clases que dictan son muy buenas, nos ayudan a conocer las t\u00e9cnicas y secretos para hacer productos de mejor calidad, \u201ccomo mujeres tenemos la capacidad de salir adelante siempre, ahora con estos cursos que nos est\u00e1 brindando la municipalidad de El Algarrobal podemos hacer un emprendimiento y tener nuestros ingresos\u201d expres\u00f3.<\/p>\n<p>Finalmente, cabe destacar la importancia de la buena acogida que est\u00e1 teniendo estas capacitaciones, qu\u00e9 tienen por objetivo ayudar a m\u00e1s mujeres y hombres a desarrollarse profesionalmente a trav\u00e9s de un oficio con el que puedan emprender un negocio propio. Asimismo, ser\u00e1 de mucho beneficio para los pobladores del Promuvi 1 y al rededores, porque va permitir el abaratamiento del pan.<\/p>\n<p><img loading=\"lazy\" decoding=\"async\" class=\"alignnone size-medium wp-image-128638\" src=\"https:\/\/laregionsur.com\/wp-content\/uploads\/2023\/11\/PAN-1-300x200.jpg\" alt=\"\" width=\"300\" height=\"200\" \/> <img loading=\"lazy\" decoding=\"async\" class=\"alignnone size-medium wp-image-128639\" src=\"https:\/\/laregionsur.com\/wp-content\/uploads\/2023\/11\/PAN-2-300x200.jpg\" alt=\"\" width=\"300\" height=\"200\" \/> <img loading=\"lazy\" decoding=\"async\" class=\"alignnone size-medium wp-image-128640\" src=\"https:\/\/laregionsur.com\/wp-content\/uploads\/2023\/11\/PAN-3-300x200.jpg\" alt=\"\" width=\"300\" height=\"200\" \/> <img loading=\"lazy\" decoding=\"async\" class=\"alignnone size-medium wp-image-128641\" src=\"https:\/\/laregionsur.com\/wp-content\/uploads\/2023\/11\/PAN-4-300x200.jpg\" alt=\"\" width=\"300\" height=\"200\" \/> <img loading=\"lazy\" decoding=\"async\" class=\"alignnone size-medium wp-image-128642\" src=\"https:\/\/laregionsur.com\/wp-content\/uploads\/2023\/11\/PAN-5-300x200.jpg\" alt=\"\" width=\"300\" height=\"200\" \/> <img loading=\"lazy\" decoding=\"async\" class=\"alignnone size-medium wp-image-128643\" src=\"https:\/\/laregionsur.com\/wp-content\/uploads\/2023\/11\/PAN-6-1-300x200.jpg\" alt=\"\" width=\"300\" height=\"200\" \/> <img loading=\"lazy\" decoding=\"async\" class=\"alignnone size-medium wp-image-128644\" src=\"https:\/\/laregionsur.com\/wp-content\/uploads\/2023\/11\/PAN-7-300x200.jpg\" alt=\"\" width=\"300\" height=\"200\" \/> <img loading=\"lazy\" decoding=\"async\" class=\"alignnone size-medium wp-image-128645\" src=\"https:\/\/laregionsur.com\/wp-content\/uploads\/2023\/11\/PAN-8-300x200.jpg\" alt=\"\" width=\"300\" height=\"200\" \/> <img loading=\"lazy\" decoding=\"async\" class=\"alignnone size-medium wp-image-128646\" src=\"https:\/\/laregionsur.com\/wp-content\/uploads\/2023\/11\/PAN-9-300x200.jpg\" alt=\"\" width=\"300\" height=\"200\" \/><\/p>\n","protected":false},"excerpt":{"rendered":"<p>LA MUNICIPALIDAD DE EL ALGARROBAL CAPACIT\u00d3 EN PANADER\u00cdA Y PASTELER\u00cdA A VECINOS DEL DISTRITO * PROMESAS QUE SE VAN CUMPLIENDO. Peri\u00f3dico Digital La Regi\u00f3n Sur.- 08 noviembre 2023.- Siguiendo las indicaciones del alcalde Distrital de El Algarrobal, Sr. Florentino Nina Fern\u00e1ndez de fomentar el desarrollo de capacidades emprendedoras para mejorar la calidad de vida de &hellip;<\/p>\n","protected":false},"author":1,"featured_media":128637,"comment_status":"open","ping_status":"open","sticky":false,"template":"","format":"standard","meta":{"footnotes":""},"categories":[56,39],"tags":[],"class_list":["post-128636","post","type-post","status-publish","format-standard","has-post-thumbnail","","category-finance","category-stock-market"],"_links":{"self":[{"href":"https:\/\/laregionsur.com\/index.php?rest_route=\/wp\/v2\/posts\/128636","targetHints":{"allow":["GET"]}}],"collection":[{"href":"https:\/\/laregionsur.com\/index.php?rest_route=\/wp\/v2\/posts"}],"about":[{"href":"https:\/\/laregionsur.com\/index.php?rest_route=\/wp\/v2\/types\/post"}],"author":[{"embeddable":true,"href":"https:\/\/laregionsur.com\/index.php?rest_route=\/wp\/v2\/users\/1"}],"replies":[{"embeddable":true,"href":"https:\/\/laregionsur.com\/index.php?rest_route=%2Fwp%2Fv2%2Fcomments&post=128636"}],"version-history":[{"count":0,"href":"https:\/\/laregionsur.com\/index.php?rest_route=\/wp\/v2\/posts\/128636\/revisions"}],"wp:featuredmedia":[{"embeddable":true,"href":"https:\/\/laregionsur.com\/index.php?rest_route=\/"}],"wp:attachment":[{"href":"https:\/\/laregionsur.com\/index.php?rest_route=%2Fwp%2Fv2%2Fmedia&parent=128636"}],"wp:term":[{"taxonomy":"category","embeddable":true,"href":"https:\/\/laregionsur.com\/index.php?rest_route=%2Fwp%2Fv2%2Fcategories&post=128636"},{"taxonomy":"post_tag","embeddable":true,"href":"https:\/\/laregionsur.com\/index.php?rest_route=%2Fwp%2Fv2%2Ftags&post=128636"}],"curies":[{"name":"wp","href":"https:\/\/api.w.org\/{rel}","templated":true}]}}