{"id":128598,"date":"2023-11-07T12:01:02","date_gmt":"2023-11-07T12:01:02","guid":{"rendered":"https:\/\/laregionsur.com\/?p=128598"},"modified":"2023-11-07T12:01:02","modified_gmt":"2023-11-07T12:01:02","slug":"%f0%9d%97%96%f0%9d%97%a2%f0%9d%97%a1-%f0%9d%97%94%f0%9d%97%a3%f0%9d%97%a2%f0%9d%97%a5%f0%9d%97%a7%f0%9d%97%98-%f0%9d%97%97%f0%9d%97%98-%f0%9d%97%a4%f0%9d%97%a8%f0%9d%97%98%f0%9d%97%9f%f0%9d%97%9f","status":"publish","type":"post","link":"https:\/\/laregionsur.com\/?p=128598","title":{"rendered":"??? ?????? ?? ?????????? ?????????? ??? ????? ?? ?????????? ??????? ??? ????? ????? ?????????"},"content":{"rendered":"<p>??? ?????? ?? ?????????? ?????????? ??? ????? ?? ?????????? ??????? ??? ????? ????? ?????????<\/p>\n<p>&nbsp;<\/p>\n<p>Peri\u00f3dico Digital La Regi\u00f3n Sur, 06 noviembre 2023.- El Fondo de Desarrollo de Moquegua, cumpli\u00f3 con la entrega de moderno local multiusos a favor de comuneros del anexo de Chacahuayo del distrito de Puquina.<\/p>\n<p>La ejecuci\u00f3n demand\u00f3 de una inversi\u00f3n de S\/ 584,846.56, que fue gestionado por la autoridad local y acuerdo del Concejo Municipal de dicho distrito y gracias al aporte por responsabilidad social de la empresa Anglo American Quellaveco y priorizaci\u00f3n del Consejo Directivo.<\/p>\n<p>La ceremonia de inauguraci\u00f3n de la infraestructura, cont\u00f3 con la presencia del representante del Fondo de Desarrollo de Moquegua, alcaldesa de la provincia General S\u00e1nchez Cerro, Fl\u00e9rida Meza Ramos, alcalde del distrito de Puquina, Edgar Silva Chara y pobladores beneficiados.<\/p>\n<p>La autoridad provincial y local, agradecieron la inversi\u00f3n que permiti\u00f3 concretar la construcci\u00f3n del local que era esperado por mucho tiempo. Ahora los pobladores de Chacahuayo podr\u00e1n desarrollar sus actividades comunales en c\u00f3modos ambientes.<\/p>\n<p>La obra se ejecut\u00f3 en un plazo de 75 d\u00edas y comprendi\u00f3 la construcci\u00f3n de dos niveles. El primer nivel con servicios de usos m\u00faltiples, ambiente de preparaci\u00f3n, servicios higi\u00e9nicos, cocina, deposito, \u00e1rea de circulaci\u00f3n y escaleras. En tanto el segundo nivel cuenta con accesos de circulaci\u00f3n, ambientes de usos m\u00faltiples y servicios higi\u00e9nicos.<\/p>\n<p><img loading=\"lazy\" decoding=\"async\" class=\"alignnone size-medium wp-image-128600\" src=\"https:\/\/laregionsur.com\/wp-content\/uploads\/2023\/11\/F-2-300x283.jpg\" alt=\"\" width=\"300\" height=\"283\" \/> <img loading=\"lazy\" decoding=\"async\" class=\"alignnone size-medium wp-image-128601\" src=\"https:\/\/laregionsur.com\/wp-content\/uploads\/2023\/11\/F-3-300x225.jpg\" alt=\"\" width=\"300\" height=\"225\" \/> <img loading=\"lazy\" decoding=\"async\" class=\"alignnone size-medium wp-image-128602\" src=\"https:\/\/laregionsur.com\/wp-content\/uploads\/2023\/11\/F-4-300x225.jpg\" alt=\"\" width=\"300\" height=\"225\" \/> <img loading=\"lazy\" decoding=\"async\" class=\"alignnone size-medium wp-image-128603\" src=\"https:\/\/laregionsur.com\/wp-content\/uploads\/2023\/11\/F-5-300x225.jpg\" alt=\"\" width=\"300\" height=\"225\" \/><\/p>\n<p>&nbsp;<\/p>\n<p>&nbsp;<\/p>\n","protected":false},"excerpt":{"rendered":"<p>??? ?????? ?? ?????????? ?????????? ??? ????? ?? ?????????? ??????? ??? ????? ????? ????????? &nbsp; Peri\u00f3dico Digital La Regi\u00f3n Sur, 06 noviembre 2023.- El Fondo de Desarrollo de Moquegua, cumpli\u00f3 con la entrega de moderno local multiusos a favor de comuneros del anexo de Chacahuayo del distrito de Puquina. La ejecuci\u00f3n demand\u00f3 de una inversi\u00f3n &hellip;<\/p>\n","protected":false},"author":1,"featured_media":128599,"comment_status":"open","ping_status":"open","sticky":false,"template":"","format":"standard","meta":{"footnotes":""},"categories":[56,39],"tags":[],"class_list":["post-128598","post","type-post","status-publish","format-standard","has-post-thumbnail","","category-finance","category-stock-market"],"_links":{"self":[{"href":"https:\/\/laregionsur.com\/index.php?rest_route=\/wp\/v2\/posts\/128598","targetHints":{"allow":["GET"]}}],"collection":[{"href":"https:\/\/laregionsur.com\/index.php?rest_route=\/wp\/v2\/posts"}],"about":[{"href":"https:\/\/laregionsur.com\/index.php?rest_route=\/wp\/v2\/types\/post"}],"author":[{"embeddable":true,"href":"https:\/\/laregionsur.com\/index.php?rest_route=\/wp\/v2\/users\/1"}],"replies":[{"embeddable":true,"href":"https:\/\/laregionsur.com\/index.php?rest_route=%2Fwp%2Fv2%2Fcomments&post=128598"}],"version-history":[{"count":0,"href":"https:\/\/laregionsur.com\/index.php?rest_route=\/wp\/v2\/posts\/128598\/revisions"}],"wp:featuredmedia":[{"embeddable":true,"href":"https:\/\/laregionsur.com\/index.php?rest_route=\/"}],"wp:attachment":[{"href":"https:\/\/laregionsur.com\/index.php?rest_route=%2Fwp%2Fv2%2Fmedia&parent=128598"}],"wp:term":[{"taxonomy":"category","embeddable":true,"href":"https:\/\/laregionsur.com\/index.php?rest_route=%2Fwp%2Fv2%2Fcategories&post=128598"},{"taxonomy":"post_tag","embeddable":true,"href":"https:\/\/laregionsur.com\/index.php?rest_route=%2Fwp%2Fv2%2Ftags&post=128598"}],"curies":[{"name":"wp","href":"https:\/\/api.w.org\/{rel}","templated":true}]}}