{"id":128488,"date":"2023-10-21T17:30:22","date_gmt":"2023-10-21T17:30:22","guid":{"rendered":"https:\/\/laregionsur.com\/?p=128488"},"modified":"2023-10-21T17:30:22","modified_gmt":"2023-10-21T17:30:22","slug":"la-ceguera-de-otarola","status":"publish","type":"post","link":"https:\/\/laregionsur.com\/?p=128488","title":{"rendered":"LA CEGUERA DE OT\u00c1ROLA"},"content":{"rendered":"<p>LA CEGUERA DE OT\u00c1ROLA<\/p>\n<p>&nbsp;<\/p>\n<p>Escribe: Enrique Lazo Flores<\/p>\n<p>&nbsp;<\/p>\n<ul>\n<li><strong><em>La poblaci\u00f3n se siente traicionada por el gobierno de Dina y est\u00e1 en<\/em><\/strong><\/li>\n<\/ul>\n<p><strong><em>las calles, no solo para dar a conocer su desacuerdo de c\u00f3mo est\u00e1 gobernando, sino, para reclamar m\u00e1s puestos de trabajo y mejoras en la calidad de vida y eso, es atender las necesidades que su Gobierno no puede atender, sino puede, pues el pueblo est\u00e1 en su derecho de pedir el cambio de gobierno, no queda otra. <\/em><\/strong><\/p>\n<p>&nbsp;<\/p>\n<p>&nbsp;<\/p>\n<p>Peri\u00f3dico Digital La Regi\u00f3n Sur. 16 octubre 2023.-El Poder Ejecutivo que tiene a un presidente del Concejo de ministros que es duramente cuestionado por las decisiones de gobierno, con m\u00e1s del 90 por ciento de rechazo de la poblaci\u00f3n y, apoyado por un Congreso que tambi\u00e9n tiene m\u00e1s del 80 por ciento de rechazo, no puede anunciar mejoras en la econom\u00eda del pa\u00eds, menos en tratar de enfrentar a la delincuencia y la corrupci\u00f3n institucionalizada, males end\u00e9micos enquistados en los m\u00e1s altos poderes del estado.<\/p>\n<p>&nbsp;<\/p>\n<p>Mientras que por un lado, la presidente del Gobierno Dina Boluarte trata nuevamente de \u201cvender humo\u201d en el exterior, en el congreso se \u201cdebaten\u201d proyectos de ley que sirven solamente para protegerse entre ellos y blindar\u00a0 a los corruptos de manera escandalosa,\u00a0 dejan de lado el trabajo que deben desarrollar en beneficio de la poblaci\u00f3n que los eligi\u00f3 para ponerlos donde est\u00e1n, sin embargo, en estos tiempos que transcurrieron solo han demostrado ignorancia, falto de verg\u00fcenza, conchudez y desprecio por esa poblaci\u00f3n que pide proyectos de ley para mejorar la calidad de la educaci\u00f3n, de salud, de trabajo, de dar pase a los proyectos que deben mejorar la\u00a0 econom\u00eda del pa\u00eds, pero no, sus preocupaciones son, c\u00f3mo se libran de sus denuncias que pesan sobre m\u00e1s de 80 congresistas.<\/p>\n<p>&nbsp;<\/p>\n<p>Hace d\u00edas atr\u00e1s hemos asistido a la convenci\u00f3n Minera Perumin36, uno de los grandes espacios donde se hace conocer los \u00faltimos adelantos en tecnolog\u00eda aplicados a la miner\u00eda en el mundo, fue precisamente en este escenario donde el Peru se puso en los ojos\u00a0 del mundo, haciendo conocer los beneficios que la miner\u00eda lleva, no solo a la mejora de la econom\u00eda del pa\u00eds, sino, c\u00f3mo mejora la calidad de la educaci\u00f3n , con la creaci\u00f3n de m\u00e1s fuentes de trabajo, haciendo ver que los mecanismos de OxI,\u00a0 ayuda a mejorar la infraestructura sobre todo atendiendo en el sector salud, procurando salvar vidas, precisamente donde el estado est\u00e1 casi siempre ausente.<\/p>\n<p>&nbsp;<\/p>\n<p>Estos beneficios que genera la minera en el Peru, fue el tema principal en la exposici\u00f3n del ministro de Energ\u00eda y Minas, Oscar Vera Gargurevich, quien destac\u00f3 la importancia del proyecto T\u00eda Mar\u00eda, sosteniendo que, este proyecto representa una inversi\u00f3n de 1400 millones de d\u00f3lares, adem\u00e1s la creaci\u00f3n de cientos de puestos de trabajo, que va a generar el desarrollo de la regi\u00f3n y la mejora en la calidad de vida de los pobladores.<\/p>\n<p>Ciertamente el proyecto T\u00eda Mar\u00eda es uno de los m\u00e1s importantes para el pa\u00eds, y solo est\u00e1 a la espera que algunas comunidades que a\u00fan no comprenden la necesidad de progresar, se pongan de acuerdo ya que se ha demostrado que este proyecto va permitir el desarrollo de la regi\u00f3n, atendiendo las necesidades m\u00e1s urgentes de la poblaci\u00f3n, en sectores donde el estado brilla por su ausencia, como es la capacitaci\u00f3n del sector agr\u00edcola, mejoramiento de la infraestructura de la educaci\u00f3n, de salud y que la poblaci\u00f3n mejore su calidad de vida con la inversi\u00f3n minera. Al respecto el mismo ministro de Energ\u00eda y Minas se\u00f1al\u00f3 que, \u201cel Per\u00fa necesita trabajo y desarrollo\u201d.<\/p>\n<p>&nbsp;<\/p>\n<p>OTAROLA EN OTRA DIMENSI\u00d3N<\/p>\n<p>Las expresiones que diera el ministro Oscar Vera en el marco de la convenci\u00f3n minera causaron expectativa entre los empresarios mineros de todo el mundo que participaban de esta convenci\u00f3n, al extremo de escucharse expresiones halagadoras, sin embargo, para sorpresa de todos, al d\u00eda siguiente de esta exposici\u00f3n del ministro Vera Gargurevich, expuso el presidente de la PCM,<\/p>\n<p>Alberto Ot\u00e1rola, contradiciendo al titular de Energ\u00eda y Minas, con todo el desparpajo que le caracteriza, se\u00f1alando que \u00abT\u00eda Mar\u00eda no est\u00e1 en la agenda del Gobierno\u00bb.<\/p>\n<p>&nbsp;<\/p>\n<p>Fue el momento de mayor verg\u00fcenza que Ot\u00e1rola pudo haber generado a su ministro entre los asistentes, pues con esas expresiones se trajo abajo las declaraciones que un d\u00eda antes dio el titular de Energ\u00eda y Minas, \u00d3scar Vera Gargurevich, quien hab\u00eda destacado con \u00e9nfasis, la importancia del proyecto m\u00e1s ambicioso en la regi\u00f3n Arequipa.<\/p>\n<p>&nbsp;<\/p>\n<p>Esta actitud anti minera de Ot\u00e1rola le gener\u00f3 serios cuestionamientos ya que no solo despreci\u00f3 y menospreci\u00f3 la importancia de este proyecto, sino que soslay\u00f3 que Southern tiene en cartera no solo este proyecto que representa una inversi\u00f3n de 1 400 millones de d\u00f3lares m\u00e1s la generaci\u00f3n de cientos de puestos de trabajo, sino, que tambi\u00e9n dio a entender que no le interesa otros proyectos que tambi\u00e9n est\u00e1n a la espera de entrar en actividad, justo en momentos en que la econom\u00eda del pa\u00eds est\u00e1 entrando en una etapa de crisis sin retorno, por lo menos en los pr\u00f3ximos 4 a\u00f1os y desmerece los beneficios que solamente la miner\u00eda ser\u00e1 quien salve de esa crisis al pa\u00eds, como siempre lo hizo.<\/p>\n<p>&nbsp;<\/p>\n<p>Ante estos deslices de Ot\u00e1rola, todo parece indicar que este gobierno no est\u00e1 con intensiones de mejorar las condiciones para atraer las inversiones sobre todo mineras, que son las que generan mayores dividendos al pa\u00eds, sino, que<\/p>\n<p>que tiene una actitud de estar m\u00e1s en sinton\u00eda con los antimineros que tanto da\u00f1o hicieron al pa\u00eds, para no perder su credibilidad, ya que Dina Boluarte se comprometi\u00f3 con documento firmado a no tocar el tema de T\u00eda Mar\u00eda si llegaba al poder, pero se olvida que en este momento, quien le est\u00e1 sosteniendo la econom\u00eda del pa\u00eds es precisamente la miner\u00eda.<\/p>\n<p>&nbsp;<\/p>\n<p>Precisamente la poblaci\u00f3n que se siente traicionado por el gobierno de Dina est\u00e1 en las calles, no solo para dar a conocer su desacuerdo de c\u00f3mo est\u00e1 gobernando, sino, para reclamar m\u00e1s puestos de trabajo y mejoras en la calidad de vida y eso, es atender las necesidades que su Gobierno no puede atender, sino puede, pues el pueblo est\u00e1 en su derecho de pedir el cambio de gobierno, no queda otra.<\/p>\n<p>&nbsp;<\/p>\n","protected":false},"excerpt":{"rendered":"<p>LA CEGUERA DE OT\u00c1ROLA &nbsp; Escribe: Enrique Lazo Flores &nbsp; La poblaci\u00f3n se siente traicionada por el gobierno de Dina y est\u00e1 en las calles, no solo para dar a conocer su desacuerdo de c\u00f3mo est\u00e1 gobernando, sino, para reclamar m\u00e1s puestos de trabajo y mejoras en la calidad de vida y eso, es atender &hellip;<\/p>\n","protected":false},"author":1,"featured_media":128489,"comment_status":"open","ping_status":"open","sticky":false,"template":"","format":"standard","meta":{"footnotes":""},"categories":[38,56],"tags":[],"class_list":["post-128488","post","type-post","status-publish","format-standard","has-post-thumbnail","","category-editorial","category-finance"],"_links":{"self":[{"href":"https:\/\/laregionsur.com\/index.php?rest_route=\/wp\/v2\/posts\/128488","targetHints":{"allow":["GET"]}}],"collection":[{"href":"https:\/\/laregionsur.com\/index.php?rest_route=\/wp\/v2\/posts"}],"about":[{"href":"https:\/\/laregionsur.com\/index.php?rest_route=\/wp\/v2\/types\/post"}],"author":[{"embeddable":true,"href":"https:\/\/laregionsur.com\/index.php?rest_route=\/wp\/v2\/users\/1"}],"replies":[{"embeddable":true,"href":"https:\/\/laregionsur.com\/index.php?rest_route=%2Fwp%2Fv2%2Fcomments&post=128488"}],"version-history":[{"count":0,"href":"https:\/\/laregionsur.com\/index.php?rest_route=\/wp\/v2\/posts\/128488\/revisions"}],"wp:featuredmedia":[{"embeddable":true,"href":"https:\/\/laregionsur.com\/index.php?rest_route=\/"}],"wp:attachment":[{"href":"https:\/\/laregionsur.com\/index.php?rest_route=%2Fwp%2Fv2%2Fmedia&parent=128488"}],"wp:term":[{"taxonomy":"category","embeddable":true,"href":"https:\/\/laregionsur.com\/index.php?rest_route=%2Fwp%2Fv2%2Fcategories&post=128488"},{"taxonomy":"post_tag","embeddable":true,"href":"https:\/\/laregionsur.com\/index.php?rest_route=%2Fwp%2Fv2%2Ftags&post=128488"}],"curies":[{"name":"wp","href":"https:\/\/api.w.org\/{rel}","templated":true}]}}