{"id":128364,"date":"2023-10-03T13:25:22","date_gmt":"2023-10-03T13:25:22","guid":{"rendered":"https:\/\/laregionsur.com\/?p=128364"},"modified":"2023-10-03T13:25:22","modified_gmt":"2023-10-03T13:25:22","slug":"promesa-cumplida-gobernadora-logra-aprobacion-de-s-100-millones-de-adelanto-de-canon-minero-para-ejecucion-de-proyectos","status":"publish","type":"post","link":"https:\/\/laregionsur.com\/?p=128364","title":{"rendered":"\u00a1Promesa cumplida! Gobernadora logra aprobaci\u00f3n de S\/ 100 millones de adelanto de canon minero para ejecuci\u00f3n de proyectos"},"content":{"rendered":"<p>\u00a1Promesa cumplida! Gobernadora logra aprobaci\u00f3n de S\/ 100 millones de adelanto de canon minero para ejecuci\u00f3n de proyectos<\/p>\n<p>&nbsp;<\/p>\n<p>Peri\u00f3dico Digital La Regi\u00f3n Sur &#8211; 02 OCTUBRE 2023.- Tras una serie de gestiones y constantes mesas de di\u00e1logo ante el ejecutivo, la gobernadora regional de Moquegua, Gilia Guti\u00e9rrez Ayala, junto a su equipo t\u00e9cnico, logr\u00f3 que el pleno del Consejo de Ministros apruebe el d\u00eda de hoy la promulgaci\u00f3n de un decreto supremo para la transferencia de 100 millones de soles de adelanto de canon minero, que permitir\u00e1 la ejecuci\u00f3n de cuatro proyectos en los sectores de educaci\u00f3n y transportes. De esta forma se consolida el cierre de brechas y se mejora la calidad de vida de la poblaci\u00f3n.<\/p>\n<p>Tras esta grata noticia, la autoridad regional, se mostr\u00f3 agradecida con el ejecutivo nacional que finalmente, luego de varias reuniones y sustentos t\u00e9cnicos se logr\u00f3 conseguir la aprobaci\u00f3n que permitir\u00e1 garantizar la construcci\u00f3n de la infraestructura del instituto Luis E. Valc\u00e1rcel en Ilo por 56 millones de soles.<\/p>\n<p>Adem\u00e1s, la construcci\u00f3n integral de la infraestructura de la Instituci\u00f3n Educativa Amparo Baluarte en Moquegua por S\/ 12,875,657.00, la importante inversi\u00f3n de S\/19,124,343.00, para el proyecto TIC II y cumplir las metas de entrega de laptop en colegios de la regi\u00f3n. Por otro lado, se asegur\u00f3 el presupuesto para la construcci\u00f3n de la Red Vial Departamental distrito de Lloque &#8211; Matalaque, provincia General S\u00e1nchez Cerro\u201d, por S\/ 12, 000,000.00.<\/p>\n<p>\u201cEstoy muy contenta con la gesti\u00f3n que se hizo desde los primeros d\u00edas que asumimos el cargo y en 9 meses vemos los resultados, con estos recursos garantizamos satisfacer las necesidades de la poblaci\u00f3n, trabajo, cierre de brechas y un mejor bienestar y oportunidades para todos\u201d remarc\u00f3 la autoridad.<\/p>\n<p>Tambi\u00e9n asegur\u00f3 que, en el 2024, se promover\u00e1 otro paquete del Shock de Inversiones, beneficiando a otras municipalidades, con el compromiso de seguir descentralizando los recursos y trabajando articuladamente con los alcaldes.<\/p>\n<p><img loading=\"lazy\" decoding=\"async\" class=\"alignnone size-medium wp-image-128366\" src=\"https:\/\/laregionsur.com\/wp-content\/uploads\/2023\/10\/GI-1-300x217.jpg\" alt=\"\" width=\"300\" height=\"217\" \/><\/p>\n","protected":false},"excerpt":{"rendered":"<p>\u00a1Promesa cumplida! Gobernadora logra aprobaci\u00f3n de S\/ 100 millones de adelanto de canon minero para ejecuci\u00f3n de proyectos &nbsp; Peri\u00f3dico Digital La Regi\u00f3n Sur &#8211; 02 OCTUBRE 2023.- Tras una serie de gestiones y constantes mesas de di\u00e1logo ante el ejecutivo, la gobernadora regional de Moquegua, Gilia Guti\u00e9rrez Ayala, junto a su equipo t\u00e9cnico, logr\u00f3 &hellip;<\/p>\n","protected":false},"author":1,"featured_media":128365,"comment_status":"open","ping_status":"open","sticky":false,"template":"","format":"standard","meta":{"footnotes":""},"categories":[56,39],"tags":[],"class_list":["post-128364","post","type-post","status-publish","format-standard","has-post-thumbnail","","category-finance","category-stock-market"],"_links":{"self":[{"href":"https:\/\/laregionsur.com\/index.php?rest_route=\/wp\/v2\/posts\/128364","targetHints":{"allow":["GET"]}}],"collection":[{"href":"https:\/\/laregionsur.com\/index.php?rest_route=\/wp\/v2\/posts"}],"about":[{"href":"https:\/\/laregionsur.com\/index.php?rest_route=\/wp\/v2\/types\/post"}],"author":[{"embeddable":true,"href":"https:\/\/laregionsur.com\/index.php?rest_route=\/wp\/v2\/users\/1"}],"replies":[{"embeddable":true,"href":"https:\/\/laregionsur.com\/index.php?rest_route=%2Fwp%2Fv2%2Fcomments&post=128364"}],"version-history":[{"count":0,"href":"https:\/\/laregionsur.com\/index.php?rest_route=\/wp\/v2\/posts\/128364\/revisions"}],"wp:featuredmedia":[{"embeddable":true,"href":"https:\/\/laregionsur.com\/index.php?rest_route=\/"}],"wp:attachment":[{"href":"https:\/\/laregionsur.com\/index.php?rest_route=%2Fwp%2Fv2%2Fmedia&parent=128364"}],"wp:term":[{"taxonomy":"category","embeddable":true,"href":"https:\/\/laregionsur.com\/index.php?rest_route=%2Fwp%2Fv2%2Fcategories&post=128364"},{"taxonomy":"post_tag","embeddable":true,"href":"https:\/\/laregionsur.com\/index.php?rest_route=%2Fwp%2Fv2%2Ftags&post=128364"}],"curies":[{"name":"wp","href":"https:\/\/api.w.org\/{rel}","templated":true}]}}