{"id":128346,"date":"2023-09-29T01:18:14","date_gmt":"2023-09-29T01:18:14","guid":{"rendered":"https:\/\/laregionsur.com\/?p=128346"},"modified":"2023-09-29T01:18:14","modified_gmt":"2023-09-29T01:18:14","slug":"southern-peru-construira-represa-tambo-bajo-para-agricultores-del-valle-de-tambo","status":"publish","type":"post","link":"https:\/\/laregionsur.com\/?p=128346","title":{"rendered":"Southern Per\u00fa construir\u00e1 represa Tambo  Bajo para agricultores del valle de Tambo"},"content":{"rendered":"<p>Southern Per\u00fa construir\u00e1 represa Tambo<\/p>\n<p>Bajo para agricultores del valle de Tambo<\/p>\n<p>&nbsp;<\/p>\n<p>*\u00a0\u00a0\u00a0 La obra debe estar construida en un a\u00f1o y medio y tendr\u00e1 una capacidad de 80 millones de metros c\u00fabicos de agua.<\/p>\n<p>Peri\u00f3dico Digital La Regi\u00f3n Sur.- Arequipa, 27 de setiembre del 2023. El presidente ejecutivo y director de Southern Cooper Corporation, Oscar Gonz\u00e1lez Rocha, anunci\u00f3 la construcci\u00f3n de la represa Tambo Bajo, para los agricultores del valle de Tambo y poblaci\u00f3n de la provincia de Islay, en Arequipa. El objetivo es destrabar el proyecto T\u00eda Mar\u00eda paralizado desde hace varios a\u00f1os ante la oposici\u00f3n de la poblaci\u00f3n de la zona.<\/p>\n<p>Vamos a construir una represa en la regi\u00f3n Arequipa con el objeto que los agricultores tengan el agua suficiente para el desarrollo de la agricultura. La represa se llama Tambo Bajo, estar\u00e1 dentro de la regi\u00f3n Arequipa para que no haya problemas con otras regiones. Tendr\u00e1 una capacidad de 80 millones de metros c\u00fabicos de agua\u201d, asegur\u00f3, Gonz\u00e1lez Rocha en la convenci\u00f3n minera PERUMIN36.<\/p>\n<p>Seg\u00fan el presidente ejecutivo y director de Southern Cooper Corporation, la construcci\u00f3n empezar\u00eda a principios del pr\u00f3ximo a\u00f1o una vez que lo apruebe el ministerio de Agricultura \u201cEl estudio t\u00e9cnico debe concluir a principios de diciembre y con eso obtener la autorizaci\u00f3n del ministerio. La obra debe estar construida en a\u00f1o y medio\u201d, indic\u00f3. La intenci\u00f3n de la minera es que \u201cEl valle de Tambo tenga el agua que tanto le hace falta y tambi\u00e9n la provincia de Islay, en Arequipa\u201d.<\/p>\n<p>De esta manera Southern Cooper Corporation, busca dar viabilidad y aceptaci\u00f3n social al proyecto cupr\u00edfero T\u00eda Mar\u00eda que aportar\u00eda al pa\u00eds aproximadamente S\/ 5,460 millones durante los 20 a\u00f1os de explotaci\u00f3n del proyecto por canon y regal\u00edas de los cuales S\/ 273 millones anuales ser\u00edan para la regi\u00f3n Arequipa y para la provincia de Islay S\/ 100 millones.<\/p>\n<p>Respecto a las declaraciones del premier Alberto Ot\u00e1rola sobre que el gobierno no tiene en agenda el proyecto minero T\u00eda Mar\u00eda manifest\u00f3, \u201cEllos no quieren meterse en problemas, con los pocos que est\u00e1n en contra del proyecto porque antes hab\u00eda bastante m\u00e1s oposici\u00f3n y ahora casi no la hay\u201d.<\/p>\n<p>Sobre la reuni\u00f3n que mantuvo con Rohel S\u00e1nchez, gobernador de Arequipa manifest\u00f3 que la autoridad regional si desea que se desarrolle el proyecto minero porque es un beneficio muy bueno para Arequipa.<\/p>\n<p>PER\u00da PRIMER PRODUCTOR DE COBRE<\/p>\n<p>El Per\u00fa debe aprovechar la oportunidad que ofrecen sus reservas de cobre y el cambio de matriz energ\u00e9tica global para convertirse, en los pr\u00f3ximos cinco a\u00f1os, en el primer productor de este metal y beneficiarse de la tendencia de migrar del consumo de combustibles f\u00f3siles hacia la electricidad, manifest\u00f3 Oscar Gonz\u00e1lez Rocha.<\/p>\n<p>Southern Cooper Corporation en el Per\u00fa busca cristalizar los proyectos mineros Los Chancas, Michiquillay adem\u00e1s de T\u00eda Mar\u00eda.<\/p>\n<p>&nbsp;<\/p>\n","protected":false},"excerpt":{"rendered":"<p>Southern Per\u00fa construir\u00e1 represa Tambo Bajo para agricultores del valle de Tambo &nbsp; *\u00a0\u00a0\u00a0 La obra debe estar construida en un a\u00f1o y medio y tendr\u00e1 una capacidad de 80 millones de metros c\u00fabicos de agua. Peri\u00f3dico Digital La Regi\u00f3n Sur.- Arequipa, 27 de setiembre del 2023. El presidente ejecutivo y director de Southern Cooper &hellip;<\/p>\n","protected":false},"author":1,"featured_media":128339,"comment_status":"open","ping_status":"open","sticky":false,"template":"","format":"standard","meta":{"footnotes":""},"categories":[61,56,39],"tags":[],"class_list":["post-128346","post","type-post","status-publish","format-standard","has-post-thumbnail","","category-arequipa","category-finance","category-stock-market"],"_links":{"self":[{"href":"https:\/\/laregionsur.com\/index.php?rest_route=\/wp\/v2\/posts\/128346","targetHints":{"allow":["GET"]}}],"collection":[{"href":"https:\/\/laregionsur.com\/index.php?rest_route=\/wp\/v2\/posts"}],"about":[{"href":"https:\/\/laregionsur.com\/index.php?rest_route=\/wp\/v2\/types\/post"}],"author":[{"embeddable":true,"href":"https:\/\/laregionsur.com\/index.php?rest_route=\/wp\/v2\/users\/1"}],"replies":[{"embeddable":true,"href":"https:\/\/laregionsur.com\/index.php?rest_route=%2Fwp%2Fv2%2Fcomments&post=128346"}],"version-history":[{"count":0,"href":"https:\/\/laregionsur.com\/index.php?rest_route=\/wp\/v2\/posts\/128346\/revisions"}],"wp:featuredmedia":[{"embeddable":true,"href":"https:\/\/laregionsur.com\/index.php?rest_route=\/"}],"wp:attachment":[{"href":"https:\/\/laregionsur.com\/index.php?rest_route=%2Fwp%2Fv2%2Fmedia&parent=128346"}],"wp:term":[{"taxonomy":"category","embeddable":true,"href":"https:\/\/laregionsur.com\/index.php?rest_route=%2Fwp%2Fv2%2Fcategories&post=128346"},{"taxonomy":"post_tag","embeddable":true,"href":"https:\/\/laregionsur.com\/index.php?rest_route=%2Fwp%2Fv2%2Ftags&post=128346"}],"curies":[{"name":"wp","href":"https:\/\/api.w.org\/{rel}","templated":true}]}}