{"id":128313,"date":"2023-09-25T00:45:24","date_gmt":"2023-09-25T00:45:24","guid":{"rendered":"https:\/\/laregionsur.com\/?p=128313"},"modified":"2023-09-25T00:45:24","modified_gmt":"2023-09-25T00:45:24","slug":"hoy-empieza-la-convencion-minera-mas-importante-del-mundo-perumin-36","status":"publish","type":"post","link":"https:\/\/laregionsur.com\/?p=128313","title":{"rendered":"Hoy empieza la Convenci\u00f3n Minera m\u00e1s  importante del mundo, PERUMIN 36"},"content":{"rendered":"<p>Hoy empieza la Convenci\u00f3n Minera m\u00e1s<\/p>\n<p>importante del mundo, PERUMIN 36<\/p>\n<p>&nbsp;<\/p>\n<p>Escribe: Enrique Lazo Flores<\/p>\n<p><strong><em>\u201cRepresentantes globales de las m\u00e1s grandes empresas mineras analizar\u00e1n los retos del sector como negocio global, lo m\u00e1s importante, se destacar\u00e1 el mecanismo de aporte de la miner\u00eda hacia la comunidad como es el canon minero y las regal\u00edas, \u00bfhacia d\u00f3nde van esos aportes?\u201d.\u00a0 <\/em><\/strong><\/p>\n<p>&nbsp;<\/p>\n<p>Peri\u00f3dico Digital La Regi\u00f3n Sur, 25 setiembre 2023.- Hoy empieza la feria minera m\u00e1s importante del continente y del mundo, denominado, Convenci\u00f3n Minera PERUMIN 36, y se prolongar\u00e1 hasta el 29 de este mes, en la regi\u00f3n Arequipa, y no hay un espacio y momento m\u00e1s adecuado, donde se analizar\u00e1n los desaf\u00edos y las tendencias que enfrenta la industria minera actual, tanto en el pa\u00eds como en el mundo, asimismo se pueda exponer los beneficios y responsabilidades que genera la miner\u00eda en el desarrollo de los pueblos a trav\u00e9s de mecanismos como es el Canon Minero.<\/p>\n<p>En estos cinco d\u00edas de feria, Arequipa ser\u00e1 el centro de reuni\u00f3n de los expertos de la miner\u00eda mundial y principales proveedores de la industria minera, quienes estar\u00e1n exhibiendo lo mejor y lo \u00faltimo de la tecnolog\u00eda minera utilizados en las diferentes unidades mineras del mundo. Asimismo, representantes globales de las m\u00e1s grandes empresas mineras analizar\u00e1n los retos del sector como negocio global, lo m\u00e1s importante, se destacar\u00e1 el mecanismo de aporte de la miner\u00eda hacia la comunidad como es el Canon Minero y las Regal\u00edas, \u00bfhacia d\u00f3nde van esos aportes?.<\/p>\n<p>Aseguraron su presencia empresas transnacionales de renombre, entre ellas la compa\u00f1\u00eda minera Southern Copper del grupo M\u00e9xico, \u00a0quienes \u00a0presentar\u00e1n charlas sobre soluciones industriales, miner\u00eda y servicios avanzados de optimizaci\u00f3n y conectividad con las m\u00e1s alta tecnolog\u00eda avanzada, aplicada en la mayor\u00eda de unidades mineras en el mundo.<\/p>\n<p>Esta nueva versi\u00f3n de PERUMIN 36 espera atraer a m\u00e1s de 64,000 asistentes, que visitar\u00e1n los 1,400 Stands de exhibici\u00f3n instalados en 29,000m2 en un \u00e1rea de 14 hect\u00e1reas de terreno implementadas en el distrito de Juli. Asimismo habr\u00e1 6 Pabellones de exhibici\u00f3n.<\/p>\n<p>Perumin 36 generar\u00e1 un gran movimiento comercial tur\u00edstico a la regi\u00f3n de Arequipa, con m\u00e1s de 700 Vuelos a\u00e9reos, la ocupaci\u00f3n de m\u00e1s de 60 Hoteles y hospedajes, para los m\u00e1s de 800 Organizaciones p\u00fablicas y privadas que visitar\u00e1n la feria en estos cinco d\u00edas, la cual no solo ser\u00e1 un encuentro acad\u00e9mico empresarial enfocado en el sector minero, sino, tambi\u00e9n un motor que impulse el desarrollo local, generando este a\u00f1o alrededor de S\/ 100 millones en flujo econ\u00f3mico para la regi\u00f3n Arequipa. Superior a la anterior versi\u00f3n.<\/p>\n<p>La presente edici\u00f3n de Perumin 36 espera superar ampliamente a la anterior, ya que beneficiar\u00e1 principalmente a los negocios de los rubros de hoteler\u00eda, gastronom\u00eda, turismo y comercio, donde se aprecia una alta demanda por parte de los visitantes nacionales y extranjeros.<\/p>\n<p>El dinamismo econ\u00f3mico lo hace atractivo en la regi\u00f3n y se refleja en la construcci\u00f3n de los casi 1200 stands, lo que nos muestra la importancia del evento a nivel latinoamericano y mundial, asimismo debemos se\u00f1alar que Perumin 36 en Arequipa es el reflejo de la miner\u00eda peruana en el mundo, lo que nos permite atraer a los inversionistas e incentivar a la compra de equipos exhibidos en la feria.<\/p>\n<p>\u201cSeg\u00fan el Gobierno Regional de Arequipa, el impacto del evento minero en la ciudad sede es de aproximadamente 100 millones de soles a nivel de los servicios que se encuentran alrededor. Pero yo creo que el movimiento econ\u00f3mico es a\u00fan mayor\u201d, declar\u00f3 Carlos Diez Canseco, miembro del Comit\u00e9 Organizador de PERUMIN 36.<\/p>\n<p>Asimismo habr\u00e1 exposiciones donde se tratar\u00e1n temas donde se incluir\u00e1n la reducci\u00f3n de la huella de carbono en procesos mineros mediante mejoras tecnol\u00f3gicas en la generaci\u00f3n de aire comprimido y gases, estrategias de ahorro energ\u00e9tico, incorporaci\u00f3n del hidr\u00f3geno en la transici\u00f3n hacia la energ\u00eda sostenible. \u00a0Estas exposiciones tienen como objetivo ofrecer enfoques innovadores para abordar desaf\u00edos y promover pr\u00e1cticas m\u00e1s sostenibles en la industria minera.<\/p>\n<p>NOVEDADES PERUMIN<\/p>\n<p>Los organizadores de la convenci\u00f3n minera Perumin 36 se\u00f1alaron que una de las novedades de esta convenci\u00f3n ser\u00e1 la presencia de los gobernadores regionales, quienes cumplir\u00e1n \u00a0diversas actividades durante el evento organizado por el Instituto de Ingenieros de Minas del Per\u00fa (IIMP).<\/p>\n<p>Al respecto, Carlos Diez Canseco, gerente general del IIMP. ha mostrado su satisfacci\u00f3n se\u00f1alando que es la primera vez que asistir\u00e1n alrededor de 11 gobernadores regionales, lo que significa un orgullo que participen de esta feria \u201ces muy importante que ellos puedan conocer de primera mano lo que podr\u00eda significar la miner\u00eda para el desarrollo de sus distintas regiones\u201d, se\u00f1al\u00f3. Debemos se\u00f1alar que la mayor\u00eda de los gobernadores que estar\u00e1n presentes son de las regiones donde operan mayormente unidades mineras en explotaci\u00f3n en el pa\u00eds.<\/p>\n<p>La agenda que cumplir\u00e1n los gobernadores es a partir del lunes 25 de setiembre con la asistencia a la inauguraci\u00f3n de la feria tecnol\u00f3gica EXTEMIN, en la Plaza del Sol. luego participar\u00e1n en el Foro del Pa\u00eds Aliado \u2013 Canad\u00e1 y Miner\u00eda del Futuro, los dos nuevos espacios de di\u00e1logo de PERUMIN, que se realizar\u00e1n en la sala principal David Ball\u00f3n. Asimismo estar\u00e1n presentes en la Cumbre Minera durante la ma\u00f1ana y la tarde, y en los Almuerzos Empresariales, donde se presentar\u00e1n los ministros de miner\u00eda de Argentina, Chile y Per\u00fa: Fernanda \u00c1vila, secretaria de Miner\u00eda de Argentina; Aurora Williams, ministra de Minas de Chile; y Oscar Vera Gargurevich, ministro de Energ\u00eda y Minas de Per\u00fa<\/p>\n<p>Asimismo, los gobernadores tendr\u00e1n la oportunidad de conocer la mina Cerro Verde, uno de los mayores productores de concentrados y c\u00e1todos de cobre en el Per\u00fa, luego participar\u00e1n del Almuerzo Empresarial BHP \u2013 Repsol, donde se presentar\u00e1n Ren\u00e9 Muga, VP de Asuntos Corporativos BHP Minerals Americas; y Maribel Rodr\u00edguez, Gerente Senior de Desarrollo de Negocio Hidr\u00f3geno de Repsol. La jornada concluir\u00e1 con un taller de Desarrollo Territorial.<\/p>\n<p>En una de las agendas m\u00e1s importantes con los gobernadores se disertar\u00e1 sobre la \u201cContribuci\u00f3n de la miner\u00eda al desarrollo regional\u201d, (Canon Minero y Regal\u00edas), en el que se anuncia la participaci\u00f3n de Rohel S\u00e1nchez de Arequipa, Werner Salcedo \u00c1lvarez de la regi\u00f3n Cusco y Jorge P\u00e9rez Flores de la regi\u00f3n Lambayeque, este espacio ser\u00e1 moderado por la vicepresidente de Sostenibilidad y Asuntos Externos, de la Compa\u00f1\u00eda Minera Antamina Claudia Cooper. Un espacio muy importante porque se hablar\u00e1 sobre los destinos que deben tener el mecanismo de desarrollo regional y local, como es el Canon Minero.<\/p>\n","protected":false},"excerpt":{"rendered":"<p>Hoy empieza la Convenci\u00f3n Minera m\u00e1s importante del mundo, PERUMIN 36 &nbsp; Escribe: Enrique Lazo Flores \u201cRepresentantes globales de las m\u00e1s grandes empresas mineras analizar\u00e1n los retos del sector como negocio global, lo m\u00e1s importante, se destacar\u00e1 el mecanismo de aporte de la miner\u00eda hacia la comunidad como es el canon minero y las regal\u00edas, &hellip;<\/p>\n","protected":false},"author":1,"featured_media":128314,"comment_status":"open","ping_status":"open","sticky":false,"template":"","format":"standard","meta":{"footnotes":""},"categories":[61,56,39],"tags":[],"class_list":["post-128313","post","type-post","status-publish","format-standard","has-post-thumbnail","","category-arequipa","category-finance","category-stock-market"],"_links":{"self":[{"href":"https:\/\/laregionsur.com\/index.php?rest_route=\/wp\/v2\/posts\/128313","targetHints":{"allow":["GET"]}}],"collection":[{"href":"https:\/\/laregionsur.com\/index.php?rest_route=\/wp\/v2\/posts"}],"about":[{"href":"https:\/\/laregionsur.com\/index.php?rest_route=\/wp\/v2\/types\/post"}],"author":[{"embeddable":true,"href":"https:\/\/laregionsur.com\/index.php?rest_route=\/wp\/v2\/users\/1"}],"replies":[{"embeddable":true,"href":"https:\/\/laregionsur.com\/index.php?rest_route=%2Fwp%2Fv2%2Fcomments&post=128313"}],"version-history":[{"count":0,"href":"https:\/\/laregionsur.com\/index.php?rest_route=\/wp\/v2\/posts\/128313\/revisions"}],"wp:featuredmedia":[{"embeddable":true,"href":"https:\/\/laregionsur.com\/index.php?rest_route=\/"}],"wp:attachment":[{"href":"https:\/\/laregionsur.com\/index.php?rest_route=%2Fwp%2Fv2%2Fmedia&parent=128313"}],"wp:term":[{"taxonomy":"category","embeddable":true,"href":"https:\/\/laregionsur.com\/index.php?rest_route=%2Fwp%2Fv2%2Fcategories&post=128313"},{"taxonomy":"post_tag","embeddable":true,"href":"https:\/\/laregionsur.com\/index.php?rest_route=%2Fwp%2Fv2%2Ftags&post=128313"}],"curies":[{"name":"wp","href":"https:\/\/api.w.org\/{rel}","templated":true}]}}