{"id":128252,"date":"2023-09-19T11:43:33","date_gmt":"2023-09-19T11:43:33","guid":{"rendered":"https:\/\/laregionsur.com\/?p=128252"},"modified":"2023-09-19T11:43:33","modified_gmt":"2023-09-19T11:43:33","slug":"la-magia-de-la-ninez-y-la-musica-en-candarave","status":"publish","type":"post","link":"https:\/\/laregionsur.com\/?p=128252","title":{"rendered":"LA MAGIA DE LA NI\u00d1EZ Y LA  M\u00daSICA EN CANDARAVE"},"content":{"rendered":"<p>LA MAGIA DE LA NI\u00d1EZ Y LA<\/p>\n<p>M\u00daSICA EN CANDARAVE<\/p>\n<p>&nbsp;<\/p>\n<ul>\n<li>Grupo de peque\u00f1os artistas que integran Sinfon\u00eda por el Per\u00fa ofrecieron recital para rendir homenaje a su provincia en su aniversario<\/li>\n<\/ul>\n<p>&nbsp;<\/p>\n<p>Peri\u00f3dico Digital La Regi\u00f3n Sur, 19 de septiembre 2023. \u2013 Sinfon\u00eda por el Per\u00fa sigue generando ilusi\u00f3n y nuevas habilidades, entre las ni\u00f1as y ni\u00f1os que conforman el M\u00f3dulo Candarave, en la provincia del mismo nombre. Todo ello con auspicio de nuestra compa\u00f1\u00eda, en una iniciativa de desarrollo humano que tambi\u00e9n se extiende al N\u00facleo Tacna.<\/p>\n<p>Los artistas ofrecieron un recital gratuito en la Plaza Bolognesi, en honor a su pueblo que celebr\u00f3 un nuevo aniversario. La audiencia estuvo conformada por sus familiares y la comunidad candarave\u00f1a, que disfrut\u00f3 del espect\u00e1culo. Menores entre los 5 y 15 a\u00f1os de edad, aprenden canto y m\u00fasica, mediante clases totalmente pr\u00e1cticas.<\/p>\n<p>Reciben orientaci\u00f3n especializada que luego se proyecta en diversas presentaciones, para afianzar los conocimientos adquiridos. El aprendizaje art\u00edstico, se convierte en un eficaz medio para la formaci\u00f3n de valores de vida fundamentales, como la disciplina, el respeto, el trabajo en equipo, entre otros, que fortalece su autoestima, creatividad y amor por la cultura.<\/p>\n<p>M\u00e1s de 1,300 ni\u00f1os peruanos, acceden a este programa de desarrollo, que se ejecuta de manera simult\u00e1nea en Tacna, Ilo, Moquegua y Arequipa, bajo el lema \u201cCanto, toco, crezco\u201d. \u00a1Muchas felicitaciones!.<\/p>\n<p><strong>CANTO, TOCO, CREZCO.<\/strong><\/p>\n<p>Nuevas experiencias para ni\u00f1as y ni\u00f1os que integran el M\u00f3dulo Candarave.<\/p>\n<p><strong>DESARROLLO HUMANO<\/strong><\/p>\n<p>Sinfon\u00eda por el Per\u00fa es una organizaci\u00f3n sin fines de lucro liderada por el tenor peruano Juan Diego Fl\u00f3rez que apuesta por la generaci\u00f3n de procesos de transformaci\u00f3n social por medio de la ense\u00f1anza colectiva de m\u00fasica.<\/p>\n<p><strong>\u00a0<\/strong><strong>ORGULLO<\/strong><\/p>\n<p>Cada uno de los peque\u00f1os artistas expresa su alegr\u00eda y emoci\u00f3n por los aprendizajes adquiridos.<\/p>\n<p><strong>EL BUEN CAMINO<\/strong><\/p>\n<p>Que representan la m\u00fasica, el arte y la cultura.<\/p>\n<p><strong>INSCRIPCIONES ABIERTAS<\/strong><\/p>\n<p>En el caso del M\u00f3dulo Candarave, la convocatoria est\u00e1 abierta todo el a\u00f1o, con el fin de ofrecer esta formaci\u00f3n musical y art\u00edstica a la ni\u00f1ez local.<\/p>\n<p>Para acceder al programa, se ofrece informaci\u00f3n en la Oficina de Desarrollo Comunitario de Southern Per\u00fa en la zona.<\/p>\n<p><img loading=\"lazy\" decoding=\"async\" class=\"alignnone size-medium wp-image-128254\" src=\"https:\/\/laregionsur.com\/wp-content\/uploads\/2023\/09\/1-M-300x165.jpg\" alt=\"\" width=\"300\" height=\"165\" \/> <img loading=\"lazy\" decoding=\"async\" class=\"alignnone size-medium wp-image-128255\" src=\"https:\/\/laregionsur.com\/wp-content\/uploads\/2023\/09\/2-M-300x200.jpg\" alt=\"\" width=\"300\" height=\"200\" \/> <img loading=\"lazy\" decoding=\"async\" class=\"alignnone size-medium wp-image-128256\" src=\"https:\/\/laregionsur.com\/wp-content\/uploads\/2023\/09\/3-M-300x222.jpg\" alt=\"\" width=\"300\" height=\"222\" \/> <img loading=\"lazy\" decoding=\"async\" class=\"alignnone size-medium wp-image-128257\" src=\"https:\/\/laregionsur.com\/wp-content\/uploads\/2023\/09\/4-M-300x183.jpg\" alt=\"\" width=\"300\" height=\"183\" \/> <img loading=\"lazy\" decoding=\"async\" class=\"alignnone size-medium wp-image-128258\" src=\"https:\/\/laregionsur.com\/wp-content\/uploads\/2023\/09\/5-M-1-300x165.jpg\" alt=\"\" width=\"300\" height=\"165\" \/> <img loading=\"lazy\" decoding=\"async\" class=\"alignnone size-medium wp-image-128259\" src=\"https:\/\/laregionsur.com\/wp-content\/uploads\/2023\/09\/6-M-300x183.jpg\" alt=\"\" width=\"300\" height=\"183\" \/> <img loading=\"lazy\" decoding=\"async\" class=\"alignnone size-medium wp-image-128260\" src=\"https:\/\/laregionsur.com\/wp-content\/uploads\/2023\/09\/7-M-300x223.jpg\" alt=\"\" width=\"300\" height=\"223\" \/><\/p>\n","protected":false},"excerpt":{"rendered":"<p>LA MAGIA DE LA NI\u00d1EZ Y LA M\u00daSICA EN CANDARAVE &nbsp; Grupo de peque\u00f1os artistas que integran Sinfon\u00eda por el Per\u00fa ofrecieron recital para rendir homenaje a su provincia en su aniversario &nbsp; Peri\u00f3dico Digital La Regi\u00f3n Sur, 19 de septiembre 2023. \u2013 Sinfon\u00eda por el Per\u00fa sigue generando ilusi\u00f3n y nuevas habilidades, entre las &hellip;<\/p>\n","protected":false},"author":1,"featured_media":128253,"comment_status":"open","ping_status":"open","sticky":false,"template":"","format":"standard","meta":{"footnotes":""},"categories":[56,39,44],"tags":[],"class_list":["post-128252","post","type-post","status-publish","format-standard","has-post-thumbnail","","category-finance","category-stock-market","category-global-trade"],"_links":{"self":[{"href":"https:\/\/laregionsur.com\/index.php?rest_route=\/wp\/v2\/posts\/128252","targetHints":{"allow":["GET"]}}],"collection":[{"href":"https:\/\/laregionsur.com\/index.php?rest_route=\/wp\/v2\/posts"}],"about":[{"href":"https:\/\/laregionsur.com\/index.php?rest_route=\/wp\/v2\/types\/post"}],"author":[{"embeddable":true,"href":"https:\/\/laregionsur.com\/index.php?rest_route=\/wp\/v2\/users\/1"}],"replies":[{"embeddable":true,"href":"https:\/\/laregionsur.com\/index.php?rest_route=%2Fwp%2Fv2%2Fcomments&post=128252"}],"version-history":[{"count":0,"href":"https:\/\/laregionsur.com\/index.php?rest_route=\/wp\/v2\/posts\/128252\/revisions"}],"wp:featuredmedia":[{"embeddable":true,"href":"https:\/\/laregionsur.com\/index.php?rest_route=\/"}],"wp:attachment":[{"href":"https:\/\/laregionsur.com\/index.php?rest_route=%2Fwp%2Fv2%2Fmedia&parent=128252"}],"wp:term":[{"taxonomy":"category","embeddable":true,"href":"https:\/\/laregionsur.com\/index.php?rest_route=%2Fwp%2Fv2%2Fcategories&post=128252"},{"taxonomy":"post_tag","embeddable":true,"href":"https:\/\/laregionsur.com\/index.php?rest_route=%2Fwp%2Fv2%2Ftags&post=128252"}],"curies":[{"name":"wp","href":"https:\/\/api.w.org\/{rel}","templated":true}]}}