{"id":127848,"date":"2023-08-08T20:52:12","date_gmt":"2023-08-08T20:52:12","guid":{"rendered":"https:\/\/laregionsur.com\/?p=127848"},"modified":"2023-08-08T20:52:12","modified_gmt":"2023-08-08T20:52:12","slug":"gobernadora-gilia-gutierrez-aseguro-s-389-millones-para-el-sector-educacion-a-fin-de-fortalecer-la-calidad-de-ensenanza","status":"publish","type":"post","link":"https:\/\/laregionsur.com\/?p=127848","title":{"rendered":"Gobernadora Gilia Guti\u00e9rrez asegur\u00f3 S\/389 millones para el sector educaci\u00f3n a fin de fortalecer la calidad de ense\u00f1anza"},"content":{"rendered":"<p>Gobernadora Gilia Guti\u00e9rrez asegur\u00f3 S\/389 millones para el sector educaci\u00f3n a fin de fortalecer la calidad de ense\u00f1anza<\/p>\n<p><strong>\u00a0<\/strong><\/p>\n<p><strong>* Adem\u00e1s, ratific\u00f3 inversi\u00f3n de 56 millones para construcci\u00f3n de la nueva infraestructura del instituto Luis E. Valc\u00e1rcel.<\/strong><\/p>\n<p>&nbsp;<\/p>\n<p>Peri\u00f3dico Digital La Regi\u00f3n Sur, 08 agosto 2023.- La gobernadora regional de Moquegua, Gilia Guti\u00e9rrez Ayala, durante la ceremonia de inauguraci\u00f3n de la Instituci\u00f3n Educativa Fe y Alegr\u00eda, asegur\u00f3 que su gesti\u00f3n ha comprometido para este a\u00f1o un total de 389 millones de soles para el sector educaci\u00f3n, con el fin de fortalecer la calidad educativa; adem\u00e1s de ratificar su compromiso de invertir 56 millones de soles para la construcci\u00f3n de la nueva infraestructura del Instituto Luis E. Valc\u00e1rcel en Ilo.<\/p>\n<p>Dicho anuncio, fue dado por la autoridad regional, esta ma\u00f1ana durante la ceremonia de inauguraci\u00f3n de la Instituci\u00f3n Educativa Fe y Alegr\u00eda en Ilo, que cont\u00f3 con la presencia de la ministra de educaci\u00f3n, Magnet M\u00e1rquez Ram\u00edrez, viceministra de Gesti\u00f3n Pedag\u00f3gica del Minedu Miriam Ponce V\u00e9rtiz, presidente ejecutivo de Southern Per\u00fa, Oscar Gonzales Rocha, entre otras autoridades.<\/p>\n<p>En su alocuci\u00f3n, la gobernadora Guti\u00e9rrez Ayala, asever\u00f3 que es necesario promover un trabajo concertado entre autoridades, sociedad civil y el estado para aportar al desarrollo educativo. \u201cestamos comprometidos con la educaci\u00f3n asumiendo una serie de acciones apuntando a fortalecer la calidad educativa y lograr el liderazgo nacional\u201d.<\/p>\n<p>Asimismo, la autoridad regional, solicit\u00f3 a la ministra de Educaci\u00f3n, recursos para la implementaci\u00f3n de la Instituci\u00f3n, Luis E. Valc\u00e1rcel para lograr una inversi\u00f3n integral que beneficiar\u00e1 a cientos de j\u00f3venes estudiantes.<\/p>\n<p>La construcci\u00f3n e implementaci\u00f3n de la nueva infraestructura de la I.E. Fe y Alegr\u00eda, fue ejecutada con recursos de la empresa privada Southern Per\u00fa, con una inversi\u00f3n de s\/ 39,553,782, el cual se concreta para beneficio de m\u00e1s de 800 estudiantes del nivel inicial, primaria y secundaria.<\/p>\n<p><img loading=\"lazy\" decoding=\"async\" class=\"alignnone size-medium wp-image-127850\" src=\"https:\/\/laregionsur.com\/wp-content\/uploads\/2023\/08\/DIDI-1-300x200.jpg\" alt=\"\" width=\"300\" height=\"200\" \/> <img loading=\"lazy\" decoding=\"async\" class=\"alignnone size-medium wp-image-127851\" src=\"https:\/\/laregionsur.com\/wp-content\/uploads\/2023\/08\/DIDI-2-300x200.jpg\" alt=\"\" width=\"300\" height=\"200\" \/> <img loading=\"lazy\" decoding=\"async\" class=\"alignnone size-medium wp-image-127852\" src=\"https:\/\/laregionsur.com\/wp-content\/uploads\/2023\/08\/DIDI-3-1-300x200.jpg\" alt=\"\" width=\"300\" height=\"200\" \/> <img loading=\"lazy\" decoding=\"async\" class=\"alignnone size-medium wp-image-127853\" src=\"https:\/\/laregionsur.com\/wp-content\/uploads\/2023\/08\/DIDI-4-300x200.jpg\" alt=\"\" width=\"300\" height=\"200\" \/> <img loading=\"lazy\" decoding=\"async\" class=\"alignnone size-medium wp-image-127854\" src=\"https:\/\/laregionsur.com\/wp-content\/uploads\/2023\/08\/DIDI-5-300x200.jpg\" alt=\"\" width=\"300\" height=\"200\" \/><\/p>\n<p>&nbsp;<\/p>\n<p>&nbsp;<\/p>\n","protected":false},"excerpt":{"rendered":"<p>Gobernadora Gilia Guti\u00e9rrez asegur\u00f3 S\/389 millones para el sector educaci\u00f3n a fin de fortalecer la calidad de ense\u00f1anza \u00a0 * Adem\u00e1s, ratific\u00f3 inversi\u00f3n de 56 millones para construcci\u00f3n de la nueva infraestructura del instituto Luis E. Valc\u00e1rcel. &nbsp; Peri\u00f3dico Digital La Regi\u00f3n Sur, 08 agosto 2023.- La gobernadora regional de Moquegua, Gilia Guti\u00e9rrez Ayala, durante &hellip;<\/p>\n","protected":false},"author":1,"featured_media":127849,"comment_status":"open","ping_status":"open","sticky":false,"template":"","format":"standard","meta":{"footnotes":""},"categories":[56,39],"tags":[],"class_list":["post-127848","post","type-post","status-publish","format-standard","has-post-thumbnail","","category-finance","category-stock-market"],"_links":{"self":[{"href":"https:\/\/laregionsur.com\/index.php?rest_route=\/wp\/v2\/posts\/127848","targetHints":{"allow":["GET"]}}],"collection":[{"href":"https:\/\/laregionsur.com\/index.php?rest_route=\/wp\/v2\/posts"}],"about":[{"href":"https:\/\/laregionsur.com\/index.php?rest_route=\/wp\/v2\/types\/post"}],"author":[{"embeddable":true,"href":"https:\/\/laregionsur.com\/index.php?rest_route=\/wp\/v2\/users\/1"}],"replies":[{"embeddable":true,"href":"https:\/\/laregionsur.com\/index.php?rest_route=%2Fwp%2Fv2%2Fcomments&post=127848"}],"version-history":[{"count":0,"href":"https:\/\/laregionsur.com\/index.php?rest_route=\/wp\/v2\/posts\/127848\/revisions"}],"wp:featuredmedia":[{"embeddable":true,"href":"https:\/\/laregionsur.com\/index.php?rest_route=\/"}],"wp:attachment":[{"href":"https:\/\/laregionsur.com\/index.php?rest_route=%2Fwp%2Fv2%2Fmedia&parent=127848"}],"wp:term":[{"taxonomy":"category","embeddable":true,"href":"https:\/\/laregionsur.com\/index.php?rest_route=%2Fwp%2Fv2%2Fcategories&post=127848"},{"taxonomy":"post_tag","embeddable":true,"href":"https:\/\/laregionsur.com\/index.php?rest_route=%2Fwp%2Fv2%2Ftags&post=127848"}],"curies":[{"name":"wp","href":"https:\/\/api.w.org\/{rel}","templated":true}]}}