{"id":127769,"date":"2023-07-28T15:24:51","date_gmt":"2023-07-28T15:24:51","guid":{"rendered":"https:\/\/laregionsur.com\/?p=127769"},"modified":"2023-07-28T15:24:51","modified_gmt":"2023-07-28T15:24:51","slug":"gran-concurrencia-obtuvo-el-primer-festival-de-la-peruanidad-artesania-agroindustria-gustos-y-sabores-de-mi-peru","status":"publish","type":"post","link":"https:\/\/laregionsur.com\/?p=127769","title":{"rendered":"GRAN CONCURRENCIA OBTUVO EL PRIMER FESTIVAL DE LA PERUANIDAD, ARTESAN\u00cdA, AGROINDUSTRIA, GUSTOS Y SABORES DE MI PER\u00da"},"content":{"rendered":"<p>GRAN CONCURRENCIA OBTUVO EL PRIMER FESTIVAL DE LA PERUANIDAD, ARTESAN\u00cdA, AGROINDUSTRIA, GUSTOS Y SABORES DE MI PER\u00da<\/p>\n<p>La Municipalidad Provincial de Ilo, a trav\u00e9s de la Sub Gerencia de Desarrollo Social y Turismo, realiz\u00f3 el \u00abI FESTIVAL DE LA PERUANIDAD: ARTESAN\u00cdA, AGROINDUSTRIA, GUSTOS Y SABORES DE MI PER\u00da\u201d realizado en la plaza de armas.<\/p>\n<p>El alcalde provincial de Ilo, Abog. Humberto Jes\u00fas Tapia Garay, acompa\u00f1ado de los regidores, Fredy Flores Savala, Miguel \u00c1ngel Lozada Valdivia y representes de la sociedad civil, participaron de la ceremonia de apertura de esta importante actividad.<\/p>\n<p>Finalmente, la autoridad municipal, realiz\u00f3 una visita por todo los stand donde se cont\u00f3 con la participaci\u00f3n de los fundos olivicolas, emprendedores del rubro de comidas t\u00edpicas, entidades p\u00fablicas entre otros.<\/p>\n<p>La Municipalidad Provincial de Ilo, continuar\u00e1 impulsando este tipo de actividades con el fin de impulsar el turismo.<\/p>\n<p><img loading=\"lazy\" decoding=\"async\" class=\"alignnone size-medium wp-image-127771\" src=\"https:\/\/laregionsur.com\/wp-content\/uploads\/2023\/07\/PI-3-300x225.jpg\" alt=\"\" width=\"300\" height=\"225\" \/> <img loading=\"lazy\" decoding=\"async\" class=\"alignnone size-medium wp-image-127772\" src=\"https:\/\/laregionsur.com\/wp-content\/uploads\/2023\/07\/PI-5-300x225.jpg\" alt=\"\" width=\"300\" height=\"225\" \/> <img loading=\"lazy\" decoding=\"async\" class=\"alignnone size-medium wp-image-127773\" src=\"https:\/\/laregionsur.com\/wp-content\/uploads\/2023\/07\/PI-1-1-300x224.jpg\" alt=\"\" width=\"300\" height=\"224\" \/> <img loading=\"lazy\" decoding=\"async\" class=\"alignnone size-medium wp-image-127774\" src=\"https:\/\/laregionsur.com\/wp-content\/uploads\/2023\/07\/PI2-300x224.jpg\" alt=\"\" width=\"300\" height=\"224\" \/> <img loading=\"lazy\" decoding=\"async\" class=\"alignnone size-medium wp-image-127775\" src=\"https:\/\/laregionsur.com\/wp-content\/uploads\/2023\/07\/PI-4-300x225.jpg\" alt=\"\" width=\"300\" height=\"225\" \/><\/p>\n<p>&nbsp;<\/p>\n","protected":false},"excerpt":{"rendered":"<p>GRAN CONCURRENCIA OBTUVO EL PRIMER FESTIVAL DE LA PERUANIDAD, ARTESAN\u00cdA, AGROINDUSTRIA, GUSTOS Y SABORES DE MI PER\u00da La Municipalidad Provincial de Ilo, a trav\u00e9s de la Sub Gerencia de Desarrollo Social y Turismo, realiz\u00f3 el \u00abI FESTIVAL DE LA PERUANIDAD: ARTESAN\u00cdA, AGROINDUSTRIA, GUSTOS Y SABORES DE MI PER\u00da\u201d realizado en la plaza de armas. El &hellip;<\/p>\n","protected":false},"author":1,"featured_media":127770,"comment_status":"open","ping_status":"open","sticky":false,"template":"","format":"standard","meta":{"footnotes":""},"categories":[56,39],"tags":[],"class_list":["post-127769","post","type-post","status-publish","format-standard","has-post-thumbnail","","category-finance","category-stock-market"],"_links":{"self":[{"href":"https:\/\/laregionsur.com\/index.php?rest_route=\/wp\/v2\/posts\/127769","targetHints":{"allow":["GET"]}}],"collection":[{"href":"https:\/\/laregionsur.com\/index.php?rest_route=\/wp\/v2\/posts"}],"about":[{"href":"https:\/\/laregionsur.com\/index.php?rest_route=\/wp\/v2\/types\/post"}],"author":[{"embeddable":true,"href":"https:\/\/laregionsur.com\/index.php?rest_route=\/wp\/v2\/users\/1"}],"replies":[{"embeddable":true,"href":"https:\/\/laregionsur.com\/index.php?rest_route=%2Fwp%2Fv2%2Fcomments&post=127769"}],"version-history":[{"count":0,"href":"https:\/\/laregionsur.com\/index.php?rest_route=\/wp\/v2\/posts\/127769\/revisions"}],"wp:featuredmedia":[{"embeddable":true,"href":"https:\/\/laregionsur.com\/index.php?rest_route=\/"}],"wp:attachment":[{"href":"https:\/\/laregionsur.com\/index.php?rest_route=%2Fwp%2Fv2%2Fmedia&parent=127769"}],"wp:term":[{"taxonomy":"category","embeddable":true,"href":"https:\/\/laregionsur.com\/index.php?rest_route=%2Fwp%2Fv2%2Fcategories&post=127769"},{"taxonomy":"post_tag","embeddable":true,"href":"https:\/\/laregionsur.com\/index.php?rest_route=%2Fwp%2Fv2%2Ftags&post=127769"}],"curies":[{"name":"wp","href":"https:\/\/api.w.org\/{rel}","templated":true}]}}