{"id":127705,"date":"2023-07-21T01:31:17","date_gmt":"2023-07-21T01:31:17","guid":{"rendered":"https:\/\/laregionsur.com\/?p=127705"},"modified":"2023-07-21T01:31:17","modified_gmt":"2023-07-21T01:31:17","slug":"gestion-del-agua-y-cambio-climatico-seran-temas-clave-en-la-cumbre-minera-de-perumin-36","status":"publish","type":"post","link":"https:\/\/laregionsur.com\/?p=127705","title":{"rendered":"Gesti\u00f3n del agua y cambio clim\u00e1tico ser\u00e1n temas clave en la Cumbre Minera de PERUMIN 36"},"content":{"rendered":"<div>\n<p class=\"x_MsoNormal\" align=\"center\"><b><span style=\"color: #000000\">Gesti\u00f3n del agua y cambio clim\u00e1tico ser\u00e1n temas clave en la Cumbre Minera de PERUMIN 36<\/span><\/b><\/p>\n<div><\/div>\n<p class=\"x_MsoNormal\"><span style=\"color: #000000\">\u25cf\u00a0\u00a0\u00a0\u00a0\u00a0\u00a0\u00a0 Este segmento contar\u00e1 con la participaci\u00f3n de autoridades nacionales, especialistas internacionales en est\u00e1ndares ambientales y representantes de empresas mineras.<br aria-hidden=\"true\" \/><\/span><\/p>\n<p class=\"x_MsoNormal\" align=\"center\"><span style=\"color: #000000\">\u25cf\u00a0\u00a0\u00a0\u00a0\u00a0\u00a0\u00a0 La industria minera destaca su capacidad para aportar en conocimiento sobre uso del agua al desarrollo de otras actividades productivas como la agricultura.<\/span><\/p>\n<p class=\"x_MsoNormal\"><span style=\"color: #000000\"><b>Peri\u00f3dico Digital La Regi\u00f3n Sur, 20 de julio de 2023.-<\/b> PERUMIN 36 Convenci\u00f3n Minera ha incluido los temas de gesti\u00f3n del agua y cambio clim\u00e1tico en la agenda de trabajo de su Cumbre Minera, el principal espacio para el di\u00e1logo y debate que involucra a autoridades nacionales y regionales, l\u00edderes sociales, representantes de empresas nacionales y extranjeras, organismos multilaterales, entre otros. <\/span><\/p>\n<p class=\"x_MsoNormal\"><span style=\"color: #000000\">\u201cSiendo el cambio clim\u00e1tico un fen\u00f3meno global, al que el Per\u00fa es susceptible y viene enfrentado sus efectos, como El Ni\u00f1o Global, tenemos como industria el compromiso de contribuir con el an\u00e1lisis de estos temas, proporcionando conocimientos t\u00e9cnicos y experiencias, sobre las buenas pr\u00e1cticas desarrolladas en el Per\u00fa y el mundo\u201d, sostuvo el presidente de PERUMIN 36, Miguel Cardozo. <\/span><\/p>\n<p class=\"x_MsoNormal\"><span style=\"color: #000000\">En el evento, se har\u00e1 hincapi\u00e9 en los aportes de la industria minera para un uso efectivo y responsable del agua, presentando tecnolog\u00edas aplicadas y est\u00e1ndares de trabajo que permiten una gesti\u00f3n eficiente de este recurso que es vital para las personas. <\/span><\/p>\n<p class=\"x_MsoNormal\"><span style=\"color: #000000\">El presidente de la Cumbre Minera de PERUMIN 36, Victor Gobitz, record\u00f3 que la miner\u00eda s\u00f3lo utiliza el 1% del agua disponible en el Per\u00fa, siendo un modelo de gesti\u00f3n de los recursos h\u00eddricos, empleando t\u00e9cnicas como la recirculaci\u00f3n de la misma. A ello se suma el desarrollo de proyectos de beneficio p\u00fablico como las plantas de tratamiento de aguas residuales, que han contribuido a que ciudades como Arequipa, por ejemplo, puedan descontaminar el r\u00edo Chili y cuenten con servicios de agua potable efectivos. <\/span><\/p>\n<p class=\"x_MsoNormal\"><span style=\"color: #000000\">\u201cDesde la miner\u00eda tenemos mucho que aportar a otros sectores como agricultura, por ejemplo, que emplea m\u00e1s del 80% del agua disponible en el pa\u00eds\u201d, complement\u00f3 Gobitz. <\/span><\/p>\n<p class=\"x_MsoNormal\"><span style=\"color: #000000\">El segmento destinado a la gesti\u00f3n del agua y cambio clim\u00e1tico contar\u00e1 con la presencia de la directora ejecutiva de The Copper Mark, Michele Br\u00fcllhart (firma l\u00edder mundial en certificaci\u00f3n de est\u00e1ndares ambientales); y la presidenta ejecutiva de SENACE, Joanna Fischer. Tambi\u00e9n participar\u00e1n el Vicepresidente de Asuntos Corporativos e Impacto Sostenible de Anglo American Per\u00fa, Diego Ortega; el Presidente Minerales y CEO Adjunto de METSO (Finlandia), Markku Ter\u00e4svasara; el Director del Centro de Gesti\u00f3n del Agua y Medio Ambiente de GERENS Escuela de Posgrado,\u00a0 Vinio Floris;\u00a0 y el Presidente de la L\u00ednea de Negocios de Servicios de FL Smidth, Joshua Meyer.<\/span><\/p>\n<p class=\"x_MsoNormal\"><span style=\"color: #000000\">Cabe destacar que PERUMIN 36 se desarrollar\u00e1 del 25 al 29 de setiembre en el Centro de Convenciones de Cerro Juli, con el lema \u201cInversi\u00f3n que genera bienestar y desarrollo sostenible\u201d. El <a href=\"https:\/\/perumin.com\/perumin36\/public\/es\/programa-cumbre\" target=\"_blank\" rel=\"noopener noreferrer\" data-auth=\"NotApplicable\" data-linkindex=\"0\">programa de actividades<\/a> de la Cumbre Minera de PERUMIN 36 ya se encuentra publicado en el portal oficial de la Convenci\u00f3n Minera.\u00a0<\/span><\/p>\n<\/div>\n","protected":false},"excerpt":{"rendered":"<p>Gesti\u00f3n del agua y cambio clim\u00e1tico ser\u00e1n temas clave en la Cumbre Minera de PERUMIN 36 \u25cf\u00a0\u00a0\u00a0\u00a0\u00a0\u00a0\u00a0 Este segmento contar\u00e1 con la participaci\u00f3n de autoridades nacionales, especialistas internacionales en est\u00e1ndares ambientales y representantes de empresas mineras. \u25cf\u00a0\u00a0\u00a0\u00a0\u00a0\u00a0\u00a0 La industria minera destaca su capacidad para aportar en conocimiento sobre uso del agua al desarrollo de otras &hellip;<\/p>\n","protected":false},"author":1,"featured_media":127706,"comment_status":"open","ping_status":"open","sticky":false,"template":"","format":"standard","meta":{"footnotes":""},"categories":[61,56,39],"tags":[],"class_list":["post-127705","post","type-post","status-publish","format-standard","has-post-thumbnail","","category-arequipa","category-finance","category-stock-market"],"_links":{"self":[{"href":"https:\/\/laregionsur.com\/index.php?rest_route=\/wp\/v2\/posts\/127705","targetHints":{"allow":["GET"]}}],"collection":[{"href":"https:\/\/laregionsur.com\/index.php?rest_route=\/wp\/v2\/posts"}],"about":[{"href":"https:\/\/laregionsur.com\/index.php?rest_route=\/wp\/v2\/types\/post"}],"author":[{"embeddable":true,"href":"https:\/\/laregionsur.com\/index.php?rest_route=\/wp\/v2\/users\/1"}],"replies":[{"embeddable":true,"href":"https:\/\/laregionsur.com\/index.php?rest_route=%2Fwp%2Fv2%2Fcomments&post=127705"}],"version-history":[{"count":0,"href":"https:\/\/laregionsur.com\/index.php?rest_route=\/wp\/v2\/posts\/127705\/revisions"}],"wp:featuredmedia":[{"embeddable":true,"href":"https:\/\/laregionsur.com\/index.php?rest_route=\/"}],"wp:attachment":[{"href":"https:\/\/laregionsur.com\/index.php?rest_route=%2Fwp%2Fv2%2Fmedia&parent=127705"}],"wp:term":[{"taxonomy":"category","embeddable":true,"href":"https:\/\/laregionsur.com\/index.php?rest_route=%2Fwp%2Fv2%2Fcategories&post=127705"},{"taxonomy":"post_tag","embeddable":true,"href":"https:\/\/laregionsur.com\/index.php?rest_route=%2Fwp%2Fv2%2Ftags&post=127705"}],"curies":[{"name":"wp","href":"https:\/\/api.w.org\/{rel}","templated":true}]}}