{"id":127656,"date":"2023-07-14T00:46:41","date_gmt":"2023-07-14T00:46:41","guid":{"rendered":"https:\/\/laregionsur.com\/?p=127656"},"modified":"2023-07-14T00:46:41","modified_gmt":"2023-07-14T00:46:41","slug":"southern-peru-se-suma-con-apoyo-a-afectados-por-actividad-de-volcan-ubinas","status":"publish","type":"post","link":"https:\/\/laregionsur.com\/?p=127656","title":{"rendered":"Southern Per\u00fa se suma con apoyo a afectados por actividad de volc\u00e1n Ubinas"},"content":{"rendered":"<p>Southern Per\u00fa se suma con apoyo a afectados por actividad de volc\u00e1n Ubinas<\/p>\n<p>&nbsp;<\/p>\n<p>Peri\u00f3dico Digital La Regi\u00f3n Sur, Moquegua,julio 2023.-Southern Per\u00fa se sum\u00f3 a las labores de apoyo implementadas por el Centro de Operaciones de Emergencia Regional COER\u00a0 Moquegua, en favor de la poblaci\u00f3n del distrito de Ubinas (provincia S\u00e1nchez Cerro), afectada por la actividad del volc\u00e1n.<\/p>\n<p>A trav\u00e9s del COER la compa\u00f1\u00eda facilit\u00f3 mascarillas de protecci\u00f3n,as\u00ed como cajas de agua que fueron entregados a autoridades de la Municipalidad distrital de Ubinas, para asistir a los pobladores en situaci\u00f3n de emergencia.<\/p>\n<p>La compa\u00f1\u00eda inform\u00f3 adem\u00e1s que realiza coordinaciones permanentes con las autoridades regionales a fin de atender requerimientos que demande la situaci\u00f3n de emergencia. En ese sentido,expres\u00f3 su disposici\u00f3n de continuar apoyando de acuerdo a las prioridades que se determinen.<\/p>\n<p>El volc\u00e1n Ubinas se encuentra en constante monitoreo y evaluaci\u00f3n a cargo del Instituto Geof\u00edsico del Per\u00fa IGP y el Ingemmet.\u00a0 Este \u00faltimo report\u00f3 una \u00faltima explosi\u00f3n el pasado 6 de julio,as\u00ed como la emisi\u00f3n de cenizas por encima de 3,000 metros. Las autoridades trabajan para reubicar a los pobladores en la zona de Sirahuaya.<\/p>\n<p>&nbsp;<\/p>\n","protected":false},"excerpt":{"rendered":"<p>Southern Per\u00fa se suma con apoyo a afectados por actividad de volc\u00e1n Ubinas &nbsp; Peri\u00f3dico Digital La Regi\u00f3n Sur, Moquegua,julio 2023.-Southern Per\u00fa se sum\u00f3 a las labores de apoyo implementadas por el Centro de Operaciones de Emergencia Regional COER\u00a0 Moquegua, en favor de la poblaci\u00f3n del distrito de Ubinas (provincia S\u00e1nchez Cerro), afectada por la &hellip;<\/p>\n","protected":false},"author":1,"featured_media":127659,"comment_status":"open","ping_status":"open","sticky":false,"template":"","format":"standard","meta":{"footnotes":""},"categories":[56,39],"tags":[],"class_list":["post-127656","post","type-post","status-publish","format-standard","has-post-thumbnail","","category-finance","category-stock-market"],"_links":{"self":[{"href":"https:\/\/laregionsur.com\/index.php?rest_route=\/wp\/v2\/posts\/127656","targetHints":{"allow":["GET"]}}],"collection":[{"href":"https:\/\/laregionsur.com\/index.php?rest_route=\/wp\/v2\/posts"}],"about":[{"href":"https:\/\/laregionsur.com\/index.php?rest_route=\/wp\/v2\/types\/post"}],"author":[{"embeddable":true,"href":"https:\/\/laregionsur.com\/index.php?rest_route=\/wp\/v2\/users\/1"}],"replies":[{"embeddable":true,"href":"https:\/\/laregionsur.com\/index.php?rest_route=%2Fwp%2Fv2%2Fcomments&post=127656"}],"version-history":[{"count":0,"href":"https:\/\/laregionsur.com\/index.php?rest_route=\/wp\/v2\/posts\/127656\/revisions"}],"wp:featuredmedia":[{"embeddable":true,"href":"https:\/\/laregionsur.com\/index.php?rest_route=\/"}],"wp:attachment":[{"href":"https:\/\/laregionsur.com\/index.php?rest_route=%2Fwp%2Fv2%2Fmedia&parent=127656"}],"wp:term":[{"taxonomy":"category","embeddable":true,"href":"https:\/\/laregionsur.com\/index.php?rest_route=%2Fwp%2Fv2%2Fcategories&post=127656"},{"taxonomy":"post_tag","embeddable":true,"href":"https:\/\/laregionsur.com\/index.php?rest_route=%2Fwp%2Fv2%2Ftags&post=127656"}],"curies":[{"name":"wp","href":"https:\/\/api.w.org\/{rel}","templated":true}]}}