{"id":127551,"date":"2023-06-28T16:22:42","date_gmt":"2023-06-28T16:22:42","guid":{"rendered":"https:\/\/laregionsur.com\/?p=127551"},"modified":"2023-06-28T16:22:42","modified_gmt":"2023-06-28T16:22:42","slug":"essalud-y-la-universidad-nacional-de-moquegua-se-unen-para-fortalecer-la-salud-y-el-bienestar-de-sus-trabajadores","status":"publish","type":"post","link":"https:\/\/laregionsur.com\/?p=127551","title":{"rendered":"ESSALUD Y LA UNIVERSIDAD NACIONAL DE MOQUEGUA SE UNEN PARA FORTALECER LA SALUD Y EL BIENESTAR DE SUS TRABAJADORES"},"content":{"rendered":"<p>ESSALUD Y LA UNIVERSIDAD NACIONAL DE MOQUEGUA SE UNEN PARA<br \/>\nFORTALECER LA SALUD Y EL BIENESTAR DE SUS TRABAJADORES<\/p>\n<p>Peri\u00f3dico Digital La Regi\u00f3n Sur, 28 junio 2023.-\u00a0 Essalud, la entidad encargada de la seguridad social en el Per\u00fa, y la Universidad Nacional de Moquegua (Unam), han anunciado hoy una alianza estrat\u00e9gica con el prop\u00f3sito de ejecutar el programa \u00abMi Salud, Mi Vida\u00bb. Esta colaboraci\u00f3n busca fomentar estilos de vida saludables entre los trabajadores de Essalud y de la casa superior de estudios, con el objetivo de prevenir los factores de riesgo asociados a enfermedades cr\u00f3nicas no transmisibles y mejorar la calidad de vida de los asegurados.<\/p>\n<p>La ceremonia de celebraci\u00f3n de esta alianza tuvo lugar en las instalaciones de la Unam y cont\u00f3 con la presencia de altos funcionarios de ambas instituciones: director de la Red<br \/>\nAsistencial Moquegua &#8211; Essalud, Dr. Cesar Humberto Napa Valle; y el presidente de la Comisi\u00f3n Organizadora, Dr. Roberto Casta\u00f1eda Terrones.<br \/>\n\u00abMi Salud, Mi Vida\u00bb es un programa integral que se enfoca en promover la adopci\u00f3n de estilos de vida saludables entre los trabajadores de Essalud.<\/p>\n<p>A trav\u00e9s de la implementaci\u00f3n de diversas estrategias, se busca concientizar sobre la importancia de la actividad f\u00edsica regular, una alimentaci\u00f3n balanceada, el control del estr\u00e9s y la prevenci\u00f3n de<br \/>\nenfermedades cr\u00f3nicas como la diabetes, la hipertensi\u00f3n arterial y la obesidad.<\/p>\n<p>La alianza entre Essalud y la Unam permitir\u00e1 combinar la experiencia y el conocimiento de ambas instituciones en el \u00e1mbito de la salud y la investigaci\u00f3n. Los profesionales de<br \/>\nla universidad brindar\u00e1n asesoramiento cient\u00edfico y t\u00e9cnico, desarrollar\u00e1n programas de capacitaci\u00f3n y colaborar\u00e1n en la implementaci\u00f3n de medidas preventivas y de promoci\u00f3n<br \/>\nde la salud.<\/p>\n<p>Asimismo, el presidente de la Comisi\u00f3n Organizadora agradeci\u00f3 la confianza depositada en la instituci\u00f3n y reafirm\u00f3 el compromiso de la universidad de contribuir al desarrollo<br \/>\nde la salud de la comunidad. Destac\u00f3 que esta alianza permitir\u00e1 el intercambio de conocimientos y experiencias entre ambas instituciones, en beneficio de la sociedad en<br \/>\nsu conjunto.<\/p>\n<p>&nbsp;<\/p>\n<p><img loading=\"lazy\" decoding=\"async\" class=\"alignnone size-medium wp-image-127553\" src=\"https:\/\/laregionsur.com\/wp-content\/uploads\/2023\/06\/UN-1-1-300x200.jpg\" alt=\"\" width=\"300\" height=\"200\" \/> <img loading=\"lazy\" decoding=\"async\" class=\"alignnone size-medium wp-image-127554\" src=\"https:\/\/laregionsur.com\/wp-content\/uploads\/2023\/06\/UN-2-2-300x200.jpg\" alt=\"\" width=\"300\" height=\"200\" \/> <img loading=\"lazy\" decoding=\"async\" class=\"alignnone size-medium wp-image-127555\" src=\"https:\/\/laregionsur.com\/wp-content\/uploads\/2023\/06\/UN-3-2-300x200.jpg\" alt=\"\" width=\"300\" height=\"200\" \/> <img loading=\"lazy\" decoding=\"async\" class=\"alignnone size-medium wp-image-127556\" src=\"https:\/\/laregionsur.com\/wp-content\/uploads\/2023\/06\/UN-4-300x200.jpg\" alt=\"\" width=\"300\" height=\"200\" \/> <img loading=\"lazy\" decoding=\"async\" class=\"alignnone size-medium wp-image-127557\" src=\"https:\/\/laregionsur.com\/wp-content\/uploads\/2023\/06\/UN-5-300x200.jpg\" alt=\"\" width=\"300\" height=\"200\" \/><\/p>\n","protected":false},"excerpt":{"rendered":"<p>ESSALUD Y LA UNIVERSIDAD NACIONAL DE MOQUEGUA SE UNEN PARA FORTALECER LA SALUD Y EL BIENESTAR DE SUS TRABAJADORES Peri\u00f3dico Digital La Regi\u00f3n Sur, 28 junio 2023.-\u00a0 Essalud, la entidad encargada de la seguridad social en el Per\u00fa, y la Universidad Nacional de Moquegua (Unam), han anunciado hoy una alianza estrat\u00e9gica con el prop\u00f3sito de &hellip;<\/p>\n","protected":false},"author":1,"featured_media":127552,"comment_status":"open","ping_status":"open","sticky":false,"template":"","format":"standard","meta":{"footnotes":""},"categories":[56,39],"tags":[],"class_list":["post-127551","post","type-post","status-publish","format-standard","has-post-thumbnail","","category-finance","category-stock-market"],"_links":{"self":[{"href":"https:\/\/laregionsur.com\/index.php?rest_route=\/wp\/v2\/posts\/127551","targetHints":{"allow":["GET"]}}],"collection":[{"href":"https:\/\/laregionsur.com\/index.php?rest_route=\/wp\/v2\/posts"}],"about":[{"href":"https:\/\/laregionsur.com\/index.php?rest_route=\/wp\/v2\/types\/post"}],"author":[{"embeddable":true,"href":"https:\/\/laregionsur.com\/index.php?rest_route=\/wp\/v2\/users\/1"}],"replies":[{"embeddable":true,"href":"https:\/\/laregionsur.com\/index.php?rest_route=%2Fwp%2Fv2%2Fcomments&post=127551"}],"version-history":[{"count":0,"href":"https:\/\/laregionsur.com\/index.php?rest_route=\/wp\/v2\/posts\/127551\/revisions"}],"wp:featuredmedia":[{"embeddable":true,"href":"https:\/\/laregionsur.com\/index.php?rest_route=\/"}],"wp:attachment":[{"href":"https:\/\/laregionsur.com\/index.php?rest_route=%2Fwp%2Fv2%2Fmedia&parent=127551"}],"wp:term":[{"taxonomy":"category","embeddable":true,"href":"https:\/\/laregionsur.com\/index.php?rest_route=%2Fwp%2Fv2%2Fcategories&post=127551"},{"taxonomy":"post_tag","embeddable":true,"href":"https:\/\/laregionsur.com\/index.php?rest_route=%2Fwp%2Fv2%2Ftags&post=127551"}],"curies":[{"name":"wp","href":"https:\/\/api.w.org\/{rel}","templated":true}]}}