{"id":127427,"date":"2023-06-13T14:34:23","date_gmt":"2023-06-13T14:34:23","guid":{"rendered":"https:\/\/laregionsur.com\/?p=127427"},"modified":"2023-06-13T14:34:23","modified_gmt":"2023-06-13T14:34:23","slug":"previniendo-la-llegada-del-frio-southern-peru-brindo-atencion-medica-gratuita-en-ilo","status":"publish","type":"post","link":"https:\/\/laregionsur.com\/?p=127427","title":{"rendered":"PREVINIENDO LA LLEGADA DEL FRIO, SOUTHERN PER\u00da  BRIND\u00d3 ATENCI\u00d3N M\u00c9DICA GRATUITA EN ILO"},"content":{"rendered":"<p>PREVINIENDO LA LLEGADA DEL FRIO, SOUTHERN<\/p>\n<p>PER\u00da BRIND\u00d3 ATENCI\u00d3N M\u00c9DICA GRATUITA EN ILO<\/p>\n<ul>\n<li>Campa\u00f1a de SALUD PARA TODOS fue el pasado s\u00e1bado 27 de mayo en la Concha Ac\u00fastica de Pacocha y fue parte de las acciones por el 53\u00b0 aniversario de la provincia de Ilo.<\/li>\n<\/ul>\n<p>Peri\u00f3dico Digital La Regi\u00f3n Sur. Junio 2023.- Como parte de la campa\u00f1a de prevenci\u00f3n de la salud en la \u00e9poca de fr\u00edo en la Regi\u00f3n Moquegua, Southern Per\u00fa se hizo presente en la feria orga\u00adnizada por el Gobierno Regional de Moque\u00adgua <em>\u201cFesti Ilo 2023\u201d<\/em>, brindando atenci\u00f3n m\u00e9dica gratuita en las especialidades de medicina interna, pediatr\u00eda, otorrinolaringolog\u00eda y neurolog\u00eda.<\/p>\n<p>La atenci\u00f3n estuvo a cargo de los m\u00e9dicos y enfer\u00admeras del Hospital de Ilo, todos muy contentos de brindar su servicio por el bien de nuestra comunidad y de aquellos que no pueden acceder a los servi\u00adcios de salud. Fueron 106 atenciones en total, todos pasaron por triaje completo y, adem\u00e1s, recibieron las medicinas necesarias de forma gratuita luego del diagn\u00f3stico.<\/p>\n<p>La campa\u00f1a m\u00e9dica se realiz\u00f3 el pasado s\u00e1bado 27 de mayo en la Concha Ac\u00fastica de Pacocha y fue parte de las acciones realizadas por el 53\u00b0 aniversario de la provincia de Ilo. El evento cont\u00f3 con la presencia de la Dra. Rosa Gutierrez Palomino, Ministra de Salud del Per\u00fa y de funcionarios de la Direcci\u00f3n Regional de Salud, Direcci\u00f3n Regional de Educaci\u00f3n y Direcci\u00f3n Regional de Turismo de Moquegua.<\/p>\n<p>Adem\u00e1s, Southern Per\u00fa impuls\u00f3 la campa\u00ad\u00f1a <em>\u201cPor M\u00ed Por Ti por Todas\u201d<\/em>, con el objetivo de brin\u00addar los servicios de detecci\u00f3n temprana de c\u00e1ncer de mama y cuello uterino, mamograf\u00eda y ecograf\u00eda al alcance de todas. Acciones que se desarrollaron desde el viernes 26 de mayo hasta el jueves 01 de junio, el bus de atenci\u00f3n, entrega y colocaci\u00f3n de medicamento luego del diagn\u00f3stico Cl\u00ednico, estuvo ubicado en el Parque El Minero, la Concha Ac\u00fastica de Pacocha, Malec\u00f3n Costero de Ilo, Campo Ferial Ilo, Mercado Pacocha, Desembarcadero Pesquero Artesanal y Plaza El Algarrobal.<\/p>\n<p><strong>M\u00c1S SALUD <\/strong><\/p>\n<p>En esta importante campa\u00f1a de salud, estuvieron presentes, la Ministra de Salud Dra. Rosa Guti\u00e9rrez y la gobernadora regional Gilia Guti\u00e9rrez, quienes verificaron el desarrollo de la campa\u00f1a m\u00e9dica de Southern Per\u00fa.<\/p>\n<p><strong>DATOS<\/strong><\/p>\n<p>Hubo 106 atenciones durante la campa\u00f1a m\u00e9dica en 4 especialidades: como \u00a0Medicina Interna, Pediatr\u00eda, Otorrinolaringolog\u00eda y Neurolog\u00eda. Asimismo se hizo entrega y colocaci\u00f3n de medicamento luego del diagn\u00f3stico.<\/p>\n<p><img loading=\"lazy\" decoding=\"async\" class=\"alignnone size-medium wp-image-127429\" src=\"https:\/\/laregionsur.com\/wp-content\/uploads\/2023\/06\/FRI-1-300x190.jpg\" alt=\"\" width=\"300\" height=\"190\" \/> <img loading=\"lazy\" decoding=\"async\" class=\"alignnone size-medium wp-image-127430\" src=\"https:\/\/laregionsur.com\/wp-content\/uploads\/2023\/06\/FRI-2-300x222.jpg\" alt=\"\" width=\"300\" height=\"222\" \/> <img loading=\"lazy\" decoding=\"async\" class=\"alignnone size-medium wp-image-127431\" src=\"https:\/\/laregionsur.com\/wp-content\/uploads\/2023\/06\/FRI-3-300x183.jpg\" alt=\"\" width=\"300\" height=\"183\" \/> <img loading=\"lazy\" decoding=\"async\" class=\"alignnone size-medium wp-image-127432\" src=\"https:\/\/laregionsur.com\/wp-content\/uploads\/2023\/06\/FRI-4-1-300x214.jpg\" alt=\"\" width=\"300\" height=\"214\" \/><\/p>\n","protected":false},"excerpt":{"rendered":"<p>PREVINIENDO LA LLEGADA DEL FRIO, SOUTHERN PER\u00da BRIND\u00d3 ATENCI\u00d3N M\u00c9DICA GRATUITA EN ILO Campa\u00f1a de SALUD PARA TODOS fue el pasado s\u00e1bado 27 de mayo en la Concha Ac\u00fastica de Pacocha y fue parte de las acciones por el 53\u00b0 aniversario de la provincia de Ilo. Peri\u00f3dico Digital La Regi\u00f3n Sur. Junio 2023.- Como parte &hellip;<\/p>\n","protected":false},"author":1,"featured_media":127428,"comment_status":"open","ping_status":"open","sticky":false,"template":"","format":"standard","meta":{"footnotes":""},"categories":[56,39],"tags":[],"class_list":["post-127427","post","type-post","status-publish","format-standard","has-post-thumbnail","","category-finance","category-stock-market"],"_links":{"self":[{"href":"https:\/\/laregionsur.com\/index.php?rest_route=\/wp\/v2\/posts\/127427","targetHints":{"allow":["GET"]}}],"collection":[{"href":"https:\/\/laregionsur.com\/index.php?rest_route=\/wp\/v2\/posts"}],"about":[{"href":"https:\/\/laregionsur.com\/index.php?rest_route=\/wp\/v2\/types\/post"}],"author":[{"embeddable":true,"href":"https:\/\/laregionsur.com\/index.php?rest_route=\/wp\/v2\/users\/1"}],"replies":[{"embeddable":true,"href":"https:\/\/laregionsur.com\/index.php?rest_route=%2Fwp%2Fv2%2Fcomments&post=127427"}],"version-history":[{"count":0,"href":"https:\/\/laregionsur.com\/index.php?rest_route=\/wp\/v2\/posts\/127427\/revisions"}],"wp:featuredmedia":[{"embeddable":true,"href":"https:\/\/laregionsur.com\/index.php?rest_route=\/"}],"wp:attachment":[{"href":"https:\/\/laregionsur.com\/index.php?rest_route=%2Fwp%2Fv2%2Fmedia&parent=127427"}],"wp:term":[{"taxonomy":"category","embeddable":true,"href":"https:\/\/laregionsur.com\/index.php?rest_route=%2Fwp%2Fv2%2Fcategories&post=127427"},{"taxonomy":"post_tag","embeddable":true,"href":"https:\/\/laregionsur.com\/index.php?rest_route=%2Fwp%2Fv2%2Ftags&post=127427"}],"curies":[{"name":"wp","href":"https:\/\/api.w.org\/{rel}","templated":true}]}}